{"id":10844,"date":"2010-05-24T16:09:30","date_gmt":"2010-05-24T16:09:30","guid":{"rendered":"http:\/\/desarrollo.mcvicious.com\/aero2020\/2010\/05\/24\/el-cuzco-estara-en-la-feria-de-turismo-arte-y-cultura-de-america-latina-y-europa\/"},"modified":"2010-05-24T16:09:30","modified_gmt":"2010-05-24T16:09:30","slug":"el-cuzco-estara-en-la-feria-de-turismo-arte-y-cultura-de-america-latina-y-europa","status":"publish","type":"post","link":"https:\/\/aeronoticias.com.pe\/noticiero\/turismo\/13\/el-cuzco-estara-en-la-feria-de-turismo-arte-y-cultura-de-america-latina-y-europa\/","title":{"rendered":"El Cuzco estar\u00e1 en la Feria de Turismo, Arte y Cultura de Am\u00e9rica Latina y Europa"},"content":{"rendered":"<p align=\"justify\"><strong>(Aeronoticias)<\/strong> El Cuzco y su turismo rural comunitario, ser\u00e1 presentando en la Feria de Turismo, Arte y Cultura de Am\u00e9rica Latina y Europa, que se desarrollar\u00e1 en Espa\u00f1a, donde todo esto sin duda le servir\u00e1 a la ciudad imperial para que crezca y vaya recuperando el turismo poco a poco.<\/p>\n<p>El Director Regional de Comercio Exterior y Turismo en el Cuzco, V\u00edctor Hugo P\u00e9rez,\u00a0 manifest\u00f3 que esta acci\u00f3n forma parte de la recuperaci\u00f3n del turismo. As\u00ed tambi\u00e9n agreg\u00f3 con el turismo rural comunitario que ser\u00e1 el tema con que entre Cuzco en esta feria, brinda la oportunidad al turista de sentirse inmerso en la esencia del modo de vida.<\/p>\n<div style=\"text-align: center\"><img decoding=\"async\" src=\"images\/stories\/10\/05\/240510\/euroal.jpg\" border=\"0\" alt=\"El Cuzco estar\u00e1 en la Feria de Turismo, Arte y Cultura de Am\u00e9rica Latina y Europa \" title=\"El Cuzco estar\u00e1 en la Feria de Turismo, Arte y Cultura de Am\u00e9rica Latina y Europa \" \/><\/div>\n<p>Euroal 2010, cabe mencionar es el encargado de ver las ofertas tur\u00edsticas de Am\u00e9rica Latina y de Europa, donde su sede est\u00e1 en Espa\u00f1a, pa\u00eds, donde se realizar\u00e1 esta feria que servir\u00e1 a muchos sitios tur\u00edsticos a promocionarse.<\/p>\n<p><strong>Aeronoticias<\/strong>, considera de buena la presencia del Cuzco, en este tipo de ferias internacionales, ya que de esta manera el turismo seguir\u00e1 creciendo y har\u00e1 al Per\u00fa mucho m\u00e1s conocido en el mundo.<\/p>\n<p>&nbsp;<\/p>\n","protected":false},"excerpt":{"rendered":"<p>(Aeronoticias) El Cuzco y su turismo rural comunitario, ser\u00e1 presentando en la Feria de Turismo, Arte y Cultura de Am\u00e9rica Latina y Europa, que se desarrollar\u00e1 en Espa\u00f1a, donde todo esto sin duda le servir\u00e1 a la ciudad imperial para que crezca y vaya recuperando el turismo poco a poco. El Director Regional de Comercio [&hellip;]<\/p>\n","protected":false},"author":1,"featured_media":0,"comment_status":"open","ping_status":"open","sticky":false,"template":"","format":"standard","meta":{"tdm_status":"","tdm_grid_status":"","footnotes":""},"categories":[31],"tags":[],"class_list":{"0":"post-10844","1":"post","2":"type-post","3":"status-publish","4":"format-standard","6":"category-31"},"yoast_head":"<!-- This site is optimized with the Yoast SEO plugin v25.1 - https:\/\/yoast.com\/wordpress\/plugins\/seo\/ -->\n<title>El Cuzco estar\u00e1 en la Feria de Turismo, Arte y Cultura de Am\u00e9rica Latina y Europa<\/title>\n<meta name=\"description\" content=\"Portal de noticias del Per\u00fa sobre el transporte a\u00e9reo, aviaci\u00f3n, turismo, hoteleria, actualidad.\" \/>\n<meta name=\"robots\" content=\"index, follow, max-snippet:-1, max-image-preview:large, max-video-preview:-1\" \/>\n<link rel=\"canonical\" href=\"https:\/\/aeronoticias.com.pe\/noticiero\/turismo\/13\/el-cuzco-estara-en-la-feria-de-turismo-arte-y-cultura-de-america-latina-y-europa\/\" \/>\n<meta property=\"og:locale\" content=\"es_ES\" \/>\n<meta property=\"og:type\" content=\"article\" \/>\n<meta property=\"og:title\" content=\"El Cuzco estar\u00e1 en la Feria de Turismo, Arte y Cultura de Am\u00e9rica Latina y Europa\" \/>\n<meta property=\"og:description\" content=\"Portal de noticias del Per\u00fa sobre el transporte a\u00e9reo, aviaci\u00f3n, turismo, hoteleria, actualidad.\" \/>\n<meta property=\"og:url\" content=\"https:\/\/aeronoticias.com.pe\/noticiero\/turismo\/13\/el-cuzco-estara-en-la-feria-de-turismo-arte-y-cultura-de-america-latina-y-europa\/\" \/>\n<meta property=\"og:site_name\" content=\"Aeronoticias.com.pe\" \/>\n<meta property=\"article:publisher\" content=\"https:\/\/www.facebook.com\/Aeronoticias.com.pe\/\" \/>\n<meta property=\"article:published_time\" content=\"2010-05-24T16:09:30+00:00\" \/>\n<meta name=\"author\" content=\"Redacci\u00f3n Aeronoticias\" \/>\n<meta name=\"twitter:card\" content=\"summary_large_image\" \/>\n<meta name=\"twitter:creator\" content=\"@aeronoticias\" \/>\n<meta name=\"twitter:site\" content=\"@aeronoticias\" \/>\n<meta name=\"twitter:label1\" content=\"Escrito por\" \/>\n\t<meta name=\"twitter:data1\" content=\"Redacci\u00f3n Aeronoticias\" \/>\n\t<meta name=\"twitter:label2\" content=\"Tiempo de lectura\" \/>\n\t<meta name=\"twitter:data2\" content=\"1 minuto\" \/>\n<script type=\"application\/ld+json\" class=\"yoast-schema-graph\">{\"@context\":\"https:\/\/schema.org\",\"@graph\":[{\"@type\":\"WebPage\",\"@id\":\"https:\/\/aeronoticias.com.pe\/noticiero\/turismo\/13\/el-cuzco-estara-en-la-feria-de-turismo-arte-y-cultura-de-america-latina-y-europa\/\",\"url\":\"https:\/\/aeronoticias.com.pe\/noticiero\/turismo\/13\/el-cuzco-estara-en-la-feria-de-turismo-arte-y-cultura-de-america-latina-y-europa\/\",\"name\":\"El Cuzco estar\u00e1 en la Feria de Turismo, Arte y Cultura de Am\u00e9rica Latina y Europa\",\"isPartOf\":{\"@id\":\"https:\/\/aeronoticias.com.pe\/noticiero\/#website\"},\"datePublished\":\"2010-05-24T16:09:30+00:00\",\"author\":{\"@id\":\"https:\/\/aeronoticias.com.pe\/noticiero\/#\/schema\/person\/fc1e5d578f4b62ba1cf7ac2bba1170a0\"},\"description\":\"Portal de noticias del Per\u00fa sobre el transporte a\u00e9reo, aviaci\u00f3n, turismo, hoteleria, actualidad.\",\"breadcrumb\":{\"@id\":\"https:\/\/aeronoticias.com.pe\/noticiero\/turismo\/13\/el-cuzco-estara-en-la-feria-de-turismo-arte-y-cultura-de-america-latina-y-europa\/#breadcrumb\"},\"inLanguage\":\"es\",\"potentialAction\":[{\"@type\":\"ReadAction\",\"target\":[\"https:\/\/aeronoticias.com.pe\/noticiero\/turismo\/13\/el-cuzco-estara-en-la-feria-de-turismo-arte-y-cultura-de-america-latina-y-europa\/\"]}]},{\"@type\":\"BreadcrumbList\",\"@id\":\"https:\/\/aeronoticias.com.pe\/noticiero\/turismo\/13\/el-cuzco-estara-en-la-feria-de-turismo-arte-y-cultura-de-america-latina-y-europa\/#breadcrumb\",\"itemListElement\":[{\"@type\":\"ListItem\",\"position\":1,\"name\":\"Portada\",\"item\":\"https:\/\/aeronoticias.com.pe\/noticiero\/\"},{\"@type\":\"ListItem\",\"position\":2,\"name\":\"El Cuzco estar\u00e1 en la Feria de Turismo, Arte y Cultura de Am\u00e9rica Latina y Europa\"}]},{\"@type\":\"WebSite\",\"@id\":\"https:\/\/aeronoticias.com.pe\/noticiero\/#website\",\"url\":\"https:\/\/aeronoticias.com.pe\/noticiero\/\",\"name\":\"Aeronoticias.com.pe\",\"description\":\"Noticias de tranporte aereo, turismo, hoteles, gastronomia, actualidad, internacional\",\"potentialAction\":[{\"@type\":\"SearchAction\",\"target\":{\"@type\":\"EntryPoint\",\"urlTemplate\":\"https:\/\/aeronoticias.com.pe\/noticiero\/?s={search_term_string}\"},\"query-input\":{\"@type\":\"PropertyValueSpecification\",\"valueRequired\":true,\"valueName\":\"search_term_string\"}}],\"inLanguage\":\"es\"},{\"@type\":\"Person\",\"@id\":\"https:\/\/aeronoticias.com.pe\/noticiero\/#\/schema\/person\/fc1e5d578f4b62ba1cf7ac2bba1170a0\",\"name\":\"Redacci\u00f3n Aeronoticias\",\"url\":\"https:\/\/aeronoticias.com.pe\/noticiero\/author\/piloto\/\"}]}<\/script>\n<!-- \/ Yoast SEO plugin. -->","yoast_head_json":{"title":"El Cuzco estar\u00e1 en la Feria de Turismo, Arte y Cultura de Am\u00e9rica Latina y Europa","description":"Portal de noticias del Per\u00fa sobre el transporte a\u00e9reo, aviaci\u00f3n, turismo, hoteleria, actualidad.","robots":{"index":"index","follow":"follow","max-snippet":"max-snippet:-1","max-image-preview":"max-image-preview:large","max-video-preview":"max-video-preview:-1"},"canonical":"https:\/\/aeronoticias.com.pe\/noticiero\/turismo\/13\/el-cuzco-estara-en-la-feria-de-turismo-arte-y-cultura-de-america-latina-y-europa\/","og_locale":"es_ES","og_type":"article","og_title":"El Cuzco estar\u00e1 en la Feria de Turismo, Arte y Cultura de Am\u00e9rica Latina y Europa","og_description":"Portal de noticias del Per\u00fa sobre el transporte a\u00e9reo, aviaci\u00f3n, turismo, hoteleria, actualidad.","og_url":"https:\/\/aeronoticias.com.pe\/noticiero\/turismo\/13\/el-cuzco-estara-en-la-feria-de-turismo-arte-y-cultura-de-america-latina-y-europa\/","og_site_name":"Aeronoticias.com.pe","article_publisher":"https:\/\/www.facebook.com\/Aeronoticias.com.pe\/","article_published_time":"2010-05-24T16:09:30+00:00","author":"Redacci\u00f3n Aeronoticias","twitter_card":"summary_large_image","twitter_creator":"@aeronoticias","twitter_site":"@aeronoticias","twitter_misc":{"Escrito por":"Redacci\u00f3n Aeronoticias","Tiempo de lectura":"1 minuto"},"schema":{"@context":"https:\/\/schema.org","@graph":[{"@type":"WebPage","@id":"https:\/\/aeronoticias.com.pe\/noticiero\/turismo\/13\/el-cuzco-estara-en-la-feria-de-turismo-arte-y-cultura-de-america-latina-y-europa\/","url":"https:\/\/aeronoticias.com.pe\/noticiero\/turismo\/13\/el-cuzco-estara-en-la-feria-de-turismo-arte-y-cultura-de-america-latina-y-europa\/","name":"El Cuzco estar\u00e1 en la Feria de Turismo, Arte y Cultura de Am\u00e9rica Latina y Europa","isPartOf":{"@id":"https:\/\/aeronoticias.com.pe\/noticiero\/#website"},"datePublished":"2010-05-24T16:09:30+00:00","author":{"@id":"https:\/\/aeronoticias.com.pe\/noticiero\/#\/schema\/person\/fc1e5d578f4b62ba1cf7ac2bba1170a0"},"description":"Portal de noticias del Per\u00fa sobre el transporte a\u00e9reo, aviaci\u00f3n, turismo, hoteleria, actualidad.","breadcrumb":{"@id":"https:\/\/aeronoticias.com.pe\/noticiero\/turismo\/13\/el-cuzco-estara-en-la-feria-de-turismo-arte-y-cultura-de-america-latina-y-europa\/#breadcrumb"},"inLanguage":"es","potentialAction":[{"@type":"ReadAction","target":["https:\/\/aeronoticias.com.pe\/noticiero\/turismo\/13\/el-cuzco-estara-en-la-feria-de-turismo-arte-y-cultura-de-america-latina-y-europa\/"]}]},{"@type":"BreadcrumbList","@id":"https:\/\/aeronoticias.com.pe\/noticiero\/turismo\/13\/el-cuzco-estara-en-la-feria-de-turismo-arte-y-cultura-de-america-latina-y-europa\/#breadcrumb","itemListElement":[{"@type":"ListItem","position":1,"name":"Portada","item":"https:\/\/aeronoticias.com.pe\/noticiero\/"},{"@type":"ListItem","position":2,"name":"El Cuzco estar\u00e1 en la Feria de Turismo, Arte y Cultura de Am\u00e9rica Latina y Europa"}]},{"@type":"WebSite","@id":"https:\/\/aeronoticias.com.pe\/noticiero\/#website","url":"https:\/\/aeronoticias.com.pe\/noticiero\/","name":"Aeronoticias.com.pe","description":"Noticias de tranporte aereo, turismo, hoteles, gastronomia, actualidad, internacional","potentialAction":[{"@type":"SearchAction","target":{"@type":"EntryPoint","urlTemplate":"https:\/\/aeronoticias.com.pe\/noticiero\/?s={search_term_string}"},"query-input":{"@type":"PropertyValueSpecification","valueRequired":true,"valueName":"search_term_string"}}],"inLanguage":"es"},{"@type":"Person","@id":"https:\/\/aeronoticias.com.pe\/noticiero\/#\/schema\/person\/fc1e5d578f4b62ba1cf7ac2bba1170a0","name":"Redacci\u00f3n Aeronoticias","url":"https:\/\/aeronoticias.com.pe\/noticiero\/author\/piloto\/"}]}},"_links":{"self":[{"href":"https:\/\/aeronoticias.com.pe\/noticiero\/wp-json\/wp\/v2\/posts\/10844","targetHints":{"allow":["GET"]}}],"collection":[{"href":"https:\/\/aeronoticias.com.pe\/noticiero\/wp-json\/wp\/v2\/posts"}],"about":[{"href":"https:\/\/aeronoticias.com.pe\/noticiero\/wp-json\/wp\/v2\/types\/post"}],"author":[{"embeddable":true,"href":"https:\/\/aeronoticias.com.pe\/noticiero\/wp-json\/wp\/v2\/users\/1"}],"replies":[{"embeddable":true,"href":"https:\/\/aeronoticias.com.pe\/noticiero\/wp-json\/wp\/v2\/comments?post=10844"}],"version-history":[{"count":0,"href":"https:\/\/aeronoticias.com.pe\/noticiero\/wp-json\/wp\/v2\/posts\/10844\/revisions"}],"wp:attachment":[{"href":"https:\/\/aeronoticias.com.pe\/noticiero\/wp-json\/wp\/v2\/media?parent=10844"}],"wp:term":[{"taxonomy":"category","embeddable":true,"href":"https:\/\/aeronoticias.com.pe\/noticiero\/wp-json\/wp\/v2\/categories?post=10844"},{"taxonomy":"post_tag","embeddable":true,"href":"https:\/\/aeronoticias.com.pe\/noticiero\/wp-json\/wp\/v2\/tags?post=10844"}],"curies":[{"name":"wp","href":"https:\/\/api.w.org\/{rel}","templated":true}]}}