{"id":10845,"date":"2010-05-24T16:43:06","date_gmt":"2010-05-24T16:43:06","guid":{"rendered":"http:\/\/desarrollo.mcvicious.com\/aero2020\/2010\/05\/24\/colegio-de-abogados-de-lima-inicia-audiencias-de-etica-en-universidades\/"},"modified":"2010-05-24T16:43:06","modified_gmt":"2010-05-24T16:43:06","slug":"colegio-de-abogados-de-lima-inicia-audiencias-de-etica-en-universidades","status":"publish","type":"post","link":"https:\/\/aeronoticias.com.pe\/noticiero\/nacionales\/colegio-de-abogados-de-lima-inicia-audiencias-de-etica-en-universidades\/","title":{"rendered":"Colegio de Abogados de Lima inicia audiencias de \u00e9tica en universidades"},"content":{"rendered":"<p>(Aeronoticias).- El ilustre Colegio de Abogados de Lima cuyo decanato ejerce el jurista Dr. Jos\u00e9 Antonio \u00d1ique de La Puente que adem\u00e1s es decano de la Facultad de Derecho y Ciencia Pol\u00edtica de la Universidad del Per\u00fa y Decana de Am\u00e9rica la Universidad Nacional Mayor de San Marcos por primera vez en su historia ha aperturado las vistas de la causa de \u00e9tica profesional en las universidades con la finalidad que los estudiantes de derecho puedan tener clases pr\u00e1cticas y asistir a debates magistrales, sobre uno de los aspectos m\u00e1s relevantes que deben regir la conducta profesional de los abogados.<\/p>\n<div style=\"text-align: center\"><img decoding=\"async\" src=\"images\/stories\/10\/05\/240510\/cal.jpg\" border=\"0\" alt=\"Colegio de Abogados de Lima inicia audiencias de \u00e9tica en universidades\" title=\"Colegio de Abogados de Lima inicia audiencias de \u00e9tica en universidades\" \/><\/div>\n<p>Aeronoticias publicar\u00e1 y subir\u00e1 a Youtube cada uno de los videos de las vistas de causa de la Direcci\u00f3n de \u00c9tica Profesional del Colegio de Abogados de Lima a cargo de su Director el Dr. Felipe Cabrera Ramos que de esta forma permite que el C\u00f3digo de \u00c9tica Profesional y los Estatutos de la Orden que tutelan los principios y valores que deben regir la conducta de todos los abogados del CAL puedan estudiarse, analizarse y debatirse en las universidades en donde hoy se est\u00e1n formando los futuros abogados, lo que nos permitir\u00e1 tal vez con este trabajo acad\u00e9mico en el tema \u00e9tico fortalecer uno de los pilares de la abogac\u00eda peruana que es sin lugar a dudas pieza fundamental y objetivo de la gesti\u00f3n del decano del CAL, Dr. Jos\u00e9 Antonio \u00d1ique de la Puente que de esta forma muestra la diferencia de estilo y de gobierno con sus antecesores en el cargo.<\/p>\n<p>Creemos que este nuevo estilo de debate \u00e9tico no solo enriquecer\u00e1 a las universidades, sino que permitir\u00e1 a nuestra sociedad ver como la conciencia jur\u00eddica del pa\u00eds, en este caso el Colegio de Abogados de Lima es inflexible con las conductas anti\u00e9ticas defendiendo los principios y valores de una profesi\u00f3n que es una de las m\u00e1s importantes en el desarrollo del Per\u00fa y en el mejoramiento de las condiciones de millones de peruanos que tienen derecho a acceder a la justicia y a tener un comportamiento en aquellos agentes de la administraci\u00f3n de justicia como son los abogados.<\/p>\n","protected":false},"excerpt":{"rendered":"<p>(Aeronoticias).- El ilustre Colegio de Abogados de Lima cuyo decanato ejerce el jurista Dr. Jos\u00e9 Antonio \u00d1ique de La Puente que adem\u00e1s es decano de la Facultad de Derecho y Ciencia Pol\u00edtica de la Universidad del Per\u00fa y Decana de Am\u00e9rica la Universidad Nacional Mayor de San Marcos por primera vez en su historia ha [&hellip;]<\/p>\n","protected":false},"author":1,"featured_media":0,"comment_status":"open","ping_status":"open","sticky":false,"template":"","format":"standard","meta":{"tdm_status":"","tdm_grid_status":"","footnotes":""},"categories":[38],"tags":[],"class_list":{"0":"post-10845","1":"post","2":"type-post","3":"status-publish","4":"format-standard","6":"category-nacionales"},"yoast_head":"<!-- This site is optimized with the Yoast SEO plugin v25.1 - https:\/\/yoast.com\/wordpress\/plugins\/seo\/ -->\n<title>Colegio de Abogados de Lima inicia audiencias de \u00e9tica en universidades<\/title>\n<meta name=\"description\" content=\"Portal de noticias del Per\u00fa sobre el transporte a\u00e9reo, aviaci\u00f3n, turismo, hoteleria, actualidad.\" \/>\n<meta name=\"robots\" content=\"index, follow, max-snippet:-1, max-image-preview:large, max-video-preview:-1\" \/>\n<link rel=\"canonical\" href=\"https:\/\/aeronoticias.com.pe\/noticiero\/nacionales\/colegio-de-abogados-de-lima-inicia-audiencias-de-etica-en-universidades\/\" \/>\n<meta property=\"og:locale\" content=\"es_ES\" \/>\n<meta property=\"og:type\" content=\"article\" \/>\n<meta property=\"og:title\" content=\"Colegio de Abogados de Lima inicia audiencias de \u00e9tica en universidades\" \/>\n<meta property=\"og:description\" content=\"Portal de noticias del Per\u00fa sobre el transporte a\u00e9reo, aviaci\u00f3n, turismo, hoteleria, actualidad.\" \/>\n<meta property=\"og:url\" content=\"https:\/\/aeronoticias.com.pe\/noticiero\/nacionales\/colegio-de-abogados-de-lima-inicia-audiencias-de-etica-en-universidades\/\" \/>\n<meta property=\"og:site_name\" content=\"Aeronoticias.com.pe\" \/>\n<meta property=\"article:publisher\" content=\"https:\/\/www.facebook.com\/Aeronoticias.com.pe\/\" \/>\n<meta property=\"article:published_time\" content=\"2010-05-24T16:43:06+00:00\" \/>\n<meta name=\"author\" content=\"Redacci\u00f3n Aeronoticias\" \/>\n<meta name=\"twitter:card\" content=\"summary_large_image\" \/>\n<meta name=\"twitter:creator\" content=\"@aeronoticias\" \/>\n<meta name=\"twitter:site\" content=\"@aeronoticias\" \/>\n<meta name=\"twitter:label1\" content=\"Escrito por\" \/>\n\t<meta name=\"twitter:data1\" content=\"Redacci\u00f3n Aeronoticias\" \/>\n\t<meta name=\"twitter:label2\" content=\"Tiempo de lectura\" \/>\n\t<meta name=\"twitter:data2\" content=\"2 minutos\" \/>\n<script type=\"application\/ld+json\" class=\"yoast-schema-graph\">{\"@context\":\"https:\/\/schema.org\",\"@graph\":[{\"@type\":\"WebPage\",\"@id\":\"https:\/\/aeronoticias.com.pe\/noticiero\/nacionales\/colegio-de-abogados-de-lima-inicia-audiencias-de-etica-en-universidades\/\",\"url\":\"https:\/\/aeronoticias.com.pe\/noticiero\/nacionales\/colegio-de-abogados-de-lima-inicia-audiencias-de-etica-en-universidades\/\",\"name\":\"Colegio de Abogados de Lima inicia audiencias de \u00e9tica en universidades\",\"isPartOf\":{\"@id\":\"https:\/\/aeronoticias.com.pe\/noticiero\/#website\"},\"datePublished\":\"2010-05-24T16:43:06+00:00\",\"author\":{\"@id\":\"https:\/\/aeronoticias.com.pe\/noticiero\/#\/schema\/person\/fc1e5d578f4b62ba1cf7ac2bba1170a0\"},\"description\":\"Portal de noticias del Per\u00fa sobre el transporte a\u00e9reo, aviaci\u00f3n, turismo, hoteleria, actualidad.\",\"breadcrumb\":{\"@id\":\"https:\/\/aeronoticias.com.pe\/noticiero\/nacionales\/colegio-de-abogados-de-lima-inicia-audiencias-de-etica-en-universidades\/#breadcrumb\"},\"inLanguage\":\"es\",\"potentialAction\":[{\"@type\":\"ReadAction\",\"target\":[\"https:\/\/aeronoticias.com.pe\/noticiero\/nacionales\/colegio-de-abogados-de-lima-inicia-audiencias-de-etica-en-universidades\/\"]}]},{\"@type\":\"BreadcrumbList\",\"@id\":\"https:\/\/aeronoticias.com.pe\/noticiero\/nacionales\/colegio-de-abogados-de-lima-inicia-audiencias-de-etica-en-universidades\/#breadcrumb\",\"itemListElement\":[{\"@type\":\"ListItem\",\"position\":1,\"name\":\"Portada\",\"item\":\"https:\/\/aeronoticias.com.pe\/noticiero\/\"},{\"@type\":\"ListItem\",\"position\":2,\"name\":\"Colegio de Abogados de Lima inicia audiencias de \u00e9tica en universidades\"}]},{\"@type\":\"WebSite\",\"@id\":\"https:\/\/aeronoticias.com.pe\/noticiero\/#website\",\"url\":\"https:\/\/aeronoticias.com.pe\/noticiero\/\",\"name\":\"Aeronoticias.com.pe\",\"description\":\"Noticias de tranporte aereo, turismo, hoteles, gastronomia, actualidad, internacional\",\"potentialAction\":[{\"@type\":\"SearchAction\",\"target\":{\"@type\":\"EntryPoint\",\"urlTemplate\":\"https:\/\/aeronoticias.com.pe\/noticiero\/?s={search_term_string}\"},\"query-input\":{\"@type\":\"PropertyValueSpecification\",\"valueRequired\":true,\"valueName\":\"search_term_string\"}}],\"inLanguage\":\"es\"},{\"@type\":\"Person\",\"@id\":\"https:\/\/aeronoticias.com.pe\/noticiero\/#\/schema\/person\/fc1e5d578f4b62ba1cf7ac2bba1170a0\",\"name\":\"Redacci\u00f3n Aeronoticias\",\"url\":\"https:\/\/aeronoticias.com.pe\/noticiero\/author\/piloto\/\"}]}<\/script>\n<!-- \/ Yoast SEO plugin. -->","yoast_head_json":{"title":"Colegio de Abogados de Lima inicia audiencias de \u00e9tica en universidades","description":"Portal de noticias del Per\u00fa sobre el transporte a\u00e9reo, aviaci\u00f3n, turismo, hoteleria, actualidad.","robots":{"index":"index","follow":"follow","max-snippet":"max-snippet:-1","max-image-preview":"max-image-preview:large","max-video-preview":"max-video-preview:-1"},"canonical":"https:\/\/aeronoticias.com.pe\/noticiero\/nacionales\/colegio-de-abogados-de-lima-inicia-audiencias-de-etica-en-universidades\/","og_locale":"es_ES","og_type":"article","og_title":"Colegio de Abogados de Lima inicia audiencias de \u00e9tica en universidades","og_description":"Portal de noticias del Per\u00fa sobre el transporte a\u00e9reo, aviaci\u00f3n, turismo, hoteleria, actualidad.","og_url":"https:\/\/aeronoticias.com.pe\/noticiero\/nacionales\/colegio-de-abogados-de-lima-inicia-audiencias-de-etica-en-universidades\/","og_site_name":"Aeronoticias.com.pe","article_publisher":"https:\/\/www.facebook.com\/Aeronoticias.com.pe\/","article_published_time":"2010-05-24T16:43:06+00:00","author":"Redacci\u00f3n Aeronoticias","twitter_card":"summary_large_image","twitter_creator":"@aeronoticias","twitter_site":"@aeronoticias","twitter_misc":{"Escrito por":"Redacci\u00f3n Aeronoticias","Tiempo de lectura":"2 minutos"},"schema":{"@context":"https:\/\/schema.org","@graph":[{"@type":"WebPage","@id":"https:\/\/aeronoticias.com.pe\/noticiero\/nacionales\/colegio-de-abogados-de-lima-inicia-audiencias-de-etica-en-universidades\/","url":"https:\/\/aeronoticias.com.pe\/noticiero\/nacionales\/colegio-de-abogados-de-lima-inicia-audiencias-de-etica-en-universidades\/","name":"Colegio de Abogados de Lima inicia audiencias de \u00e9tica en universidades","isPartOf":{"@id":"https:\/\/aeronoticias.com.pe\/noticiero\/#website"},"datePublished":"2010-05-24T16:43:06+00:00","author":{"@id":"https:\/\/aeronoticias.com.pe\/noticiero\/#\/schema\/person\/fc1e5d578f4b62ba1cf7ac2bba1170a0"},"description":"Portal de noticias del Per\u00fa sobre el transporte a\u00e9reo, aviaci\u00f3n, turismo, hoteleria, actualidad.","breadcrumb":{"@id":"https:\/\/aeronoticias.com.pe\/noticiero\/nacionales\/colegio-de-abogados-de-lima-inicia-audiencias-de-etica-en-universidades\/#breadcrumb"},"inLanguage":"es","potentialAction":[{"@type":"ReadAction","target":["https:\/\/aeronoticias.com.pe\/noticiero\/nacionales\/colegio-de-abogados-de-lima-inicia-audiencias-de-etica-en-universidades\/"]}]},{"@type":"BreadcrumbList","@id":"https:\/\/aeronoticias.com.pe\/noticiero\/nacionales\/colegio-de-abogados-de-lima-inicia-audiencias-de-etica-en-universidades\/#breadcrumb","itemListElement":[{"@type":"ListItem","position":1,"name":"Portada","item":"https:\/\/aeronoticias.com.pe\/noticiero\/"},{"@type":"ListItem","position":2,"name":"Colegio de Abogados de Lima inicia audiencias de \u00e9tica en universidades"}]},{"@type":"WebSite","@id":"https:\/\/aeronoticias.com.pe\/noticiero\/#website","url":"https:\/\/aeronoticias.com.pe\/noticiero\/","name":"Aeronoticias.com.pe","description":"Noticias de tranporte aereo, turismo, hoteles, gastronomia, actualidad, internacional","potentialAction":[{"@type":"SearchAction","target":{"@type":"EntryPoint","urlTemplate":"https:\/\/aeronoticias.com.pe\/noticiero\/?s={search_term_string}"},"query-input":{"@type":"PropertyValueSpecification","valueRequired":true,"valueName":"search_term_string"}}],"inLanguage":"es"},{"@type":"Person","@id":"https:\/\/aeronoticias.com.pe\/noticiero\/#\/schema\/person\/fc1e5d578f4b62ba1cf7ac2bba1170a0","name":"Redacci\u00f3n Aeronoticias","url":"https:\/\/aeronoticias.com.pe\/noticiero\/author\/piloto\/"}]}},"_links":{"self":[{"href":"https:\/\/aeronoticias.com.pe\/noticiero\/wp-json\/wp\/v2\/posts\/10845","targetHints":{"allow":["GET"]}}],"collection":[{"href":"https:\/\/aeronoticias.com.pe\/noticiero\/wp-json\/wp\/v2\/posts"}],"about":[{"href":"https:\/\/aeronoticias.com.pe\/noticiero\/wp-json\/wp\/v2\/types\/post"}],"author":[{"embeddable":true,"href":"https:\/\/aeronoticias.com.pe\/noticiero\/wp-json\/wp\/v2\/users\/1"}],"replies":[{"embeddable":true,"href":"https:\/\/aeronoticias.com.pe\/noticiero\/wp-json\/wp\/v2\/comments?post=10845"}],"version-history":[{"count":0,"href":"https:\/\/aeronoticias.com.pe\/noticiero\/wp-json\/wp\/v2\/posts\/10845\/revisions"}],"wp:attachment":[{"href":"https:\/\/aeronoticias.com.pe\/noticiero\/wp-json\/wp\/v2\/media?parent=10845"}],"wp:term":[{"taxonomy":"category","embeddable":true,"href":"https:\/\/aeronoticias.com.pe\/noticiero\/wp-json\/wp\/v2\/categories?post=10845"},{"taxonomy":"post_tag","embeddable":true,"href":"https:\/\/aeronoticias.com.pe\/noticiero\/wp-json\/wp\/v2\/tags?post=10845"}],"curies":[{"name":"wp","href":"https:\/\/api.w.org\/{rel}","templated":true}]}}