{"id":10929,"date":"2010-05-28T13:20:33","date_gmt":"2010-05-28T13:20:33","guid":{"rendered":"http:\/\/desarrollo.mcvicious.com\/aero2020\/2010\/05\/28\/telefonica-del-peru-amplia-sus-fronteras-pero-no-indemniza-a-sus-pobres-victimas-peruanas\/"},"modified":"2010-05-28T13:20:33","modified_gmt":"2010-05-28T13:20:33","slug":"telefonica-del-peru-amplia-sus-fronteras-pero-no-indemniza-a-sus-pobres-victimas-peruanas","status":"publish","type":"post","link":"https:\/\/aeronoticias.com.pe\/noticiero\/ultimas\/1\/telefonica-del-peru-amplia-sus-fronteras-pero-no-indemniza-a-sus-pobres-victimas-peruanas\/","title":{"rendered":"Telef\u00f3nica del Per\u00fa ampl\u00eda sus fronteras pero no indemniza a sus pobres v\u00edctimas peruanas"},"content":{"rendered":"<div align=\"justify\"><strong>(Aeronoticias)<\/strong> En el canal 7, vimos como el escudero de Telef\u00f3nica del Per\u00fa y el ministro de Transportes y Comunicaciones del Per\u00fa, Enrique Cornejo, hac\u00eda gala de los nuevos pueblos interconectados v\u00eda sat\u00e9lite por esta empresa espa\u00f1ola, a su lado el presidente de la Rep\u00fablica, Alan Garc\u00eda, y el presidente de Telef\u00f3nica del Per\u00fa, C\u00e9sar Alierta Izuel.<\/p>\n<p>El anuncio ante la prensa fue positivo porque realmente las comunicaciones son importantes para romper el aislamiento de los pueblos olvidados, sin embargo ning\u00fan periodista, ni mucho menos canal 7, le pregunt\u00f3 al escudero de Telef\u00f3nica, Enrique Cornejo o al mismo presidente de la trasnacional, c\u00f3mo est\u00e1 la salud de Jes\u00fas De la Cruz Tabeada, que sobrevivi\u00f3 de milagro el 12 de abril al caerse de una torre- antena de Telef\u00f3nica del Per\u00fa de 30 metros, y junto a \u00e9l cayeron 3 t\u00e9cnicos m\u00e1s, uno de los cuales falleci\u00f3.<\/p><\/div>\n<div align=\"justify\">\u00a0<\/p>\n<div style=\"text-align: center\"><img loading=\"lazy\" decoding=\"async\" src=\"images\/stories\/10\/05\/270510\/telefonica.jpg\" border=\"0\" alt=\"Telef\u00f3nica del Per\u00fa ampl\u00eda sus fronteras pero no indemniza a sus pobres v\u00edctimas peruanas\" title=\"Telef\u00f3nica del Per\u00fa ampl\u00eda sus fronteras pero no indemniza a sus pobres v\u00edctimas peruanas\" width=\"400\" height=\"280\" \/><\/div>\n<\/div>\n<div align=\"justify\">\u00a0<\/div>\n<div align=\"justify\">Lo lamentable es que Telef\u00f3nica del Per\u00fa para incumplir con sus obligaciones indemnizatorias y labores se escuda en los services, inclusive en este caso se le quiere echar la culpa a un se\u00f1or Efra\u00edn L\u00f3pez Caballero, quien habr\u00eda contratado a los t\u00e9cnicos, sin embargo el art\u00edculo 1970 del C\u00f3digo Civil dice que Telef\u00f3nica del Per\u00fa tiene responsabilidad por riesgo.<\/p>\n<p>Debemos recordar, que el t\u00e9cnico Yrvin Carloman Le\u00f3n Meo\u00f1o falleci\u00f3, y que su padre ha emplazado judicialmente a Telef\u00f3nica del Per\u00fa por su responsabilidad en esta muerte, \u00bfse animar\u00e1 canal 7 ha hacer una nota por ser el canal de todos los peruanos o ser\u00e1 s\u00f3lo el canal de Telef\u00f3nica del Per\u00fa?<\/p>\n<p><strong>Aeronoticias <\/strong>invita formalmente a canal 7 que tanto promueve a esta empresa privada, destacando sus \u00e9xitos y su aporte al pa\u00eds, tambi\u00e9n deber\u00eda estar con los pobres, con los que sufren, con los que lo perdieron todo, como es el caso de estos t\u00e9cnicos de Telef\u00f3nica del Per\u00fa, ya que el canal de todos los peruanos debe llegar al dolor de estas 4 familias a las que ni siquiera Telef\u00f3nica del Per\u00fa les ha pedido disculpas.<\/div>\n","protected":false},"excerpt":{"rendered":"<p>(Aeronoticias) En el canal 7, vimos como el escudero de Telef\u00f3nica del Per\u00fa y el ministro de Transportes y Comunicaciones del Per\u00fa, Enrique Cornejo, hac\u00eda gala de los nuevos pueblos interconectados v\u00eda sat\u00e9lite por esta empresa espa\u00f1ola, a su lado el presidente de la Rep\u00fablica, Alan Garc\u00eda, y el presidente de Telef\u00f3nica del Per\u00fa, C\u00e9sar [&hellip;]<\/p>\n","protected":false},"author":1,"featured_media":0,"comment_status":"open","ping_status":"open","sticky":false,"template":"","format":"standard","meta":{"tdm_status":"","tdm_grid_status":"","footnotes":""},"categories":[30],"tags":[],"class_list":{"0":"post-10929","1":"post","2":"type-post","3":"status-publish","4":"format-standard","6":"category-30"},"yoast_head":"<!-- This site is optimized with the Yoast SEO plugin v25.1 - https:\/\/yoast.com\/wordpress\/plugins\/seo\/ -->\n<title>Telef\u00f3nica del Per\u00fa ampl\u00eda sus fronteras pero no indemniza a sus pobres v\u00edctimas peruanas<\/title>\n<meta name=\"description\" content=\"Portal de noticias del Per\u00fa sobre el transporte a\u00e9reo, aviaci\u00f3n, turismo, hoteleria, actualidad.\" \/>\n<meta name=\"robots\" content=\"index, follow, max-snippet:-1, max-image-preview:large, max-video-preview:-1\" \/>\n<link rel=\"canonical\" href=\"https:\/\/aeronoticias.com.pe\/noticiero\/ultimas\/1\/telefonica-del-peru-amplia-sus-fronteras-pero-no-indemniza-a-sus-pobres-victimas-peruanas\/\" \/>\n<meta property=\"og:locale\" content=\"es_ES\" \/>\n<meta property=\"og:type\" content=\"article\" \/>\n<meta property=\"og:title\" content=\"Telef\u00f3nica del Per\u00fa ampl\u00eda sus fronteras pero no indemniza a sus pobres v\u00edctimas peruanas\" \/>\n<meta property=\"og:description\" content=\"Portal de noticias del Per\u00fa sobre el transporte a\u00e9reo, aviaci\u00f3n, turismo, hoteleria, actualidad.\" \/>\n<meta property=\"og:url\" content=\"https:\/\/aeronoticias.com.pe\/noticiero\/ultimas\/1\/telefonica-del-peru-amplia-sus-fronteras-pero-no-indemniza-a-sus-pobres-victimas-peruanas\/\" \/>\n<meta property=\"og:site_name\" content=\"Aeronoticias.com.pe\" \/>\n<meta property=\"article:publisher\" content=\"https:\/\/www.facebook.com\/Aeronoticias.com.pe\/\" \/>\n<meta property=\"article:published_time\" content=\"2010-05-28T13:20:33+00:00\" \/>\n<meta name=\"author\" content=\"Redacci\u00f3n Aeronoticias\" \/>\n<meta name=\"twitter:card\" content=\"summary_large_image\" \/>\n<meta name=\"twitter:creator\" content=\"@aeronoticias\" \/>\n<meta name=\"twitter:site\" content=\"@aeronoticias\" \/>\n<meta name=\"twitter:label1\" content=\"Escrito por\" \/>\n\t<meta name=\"twitter:data1\" content=\"Redacci\u00f3n Aeronoticias\" \/>\n\t<meta name=\"twitter:label2\" content=\"Tiempo de lectura\" \/>\n\t<meta name=\"twitter:data2\" content=\"2 minutos\" \/>\n<script type=\"application\/ld+json\" class=\"yoast-schema-graph\">{\"@context\":\"https:\/\/schema.org\",\"@graph\":[{\"@type\":\"WebPage\",\"@id\":\"https:\/\/aeronoticias.com.pe\/noticiero\/ultimas\/1\/telefonica-del-peru-amplia-sus-fronteras-pero-no-indemniza-a-sus-pobres-victimas-peruanas\/\",\"url\":\"https:\/\/aeronoticias.com.pe\/noticiero\/ultimas\/1\/telefonica-del-peru-amplia-sus-fronteras-pero-no-indemniza-a-sus-pobres-victimas-peruanas\/\",\"name\":\"Telef\u00f3nica del Per\u00fa ampl\u00eda sus fronteras pero no indemniza a sus pobres v\u00edctimas peruanas\",\"isPartOf\":{\"@id\":\"https:\/\/aeronoticias.com.pe\/noticiero\/#website\"},\"datePublished\":\"2010-05-28T13:20:33+00:00\",\"author\":{\"@id\":\"https:\/\/aeronoticias.com.pe\/noticiero\/#\/schema\/person\/fc1e5d578f4b62ba1cf7ac2bba1170a0\"},\"description\":\"Portal de noticias del Per\u00fa sobre el transporte a\u00e9reo, aviaci\u00f3n, turismo, hoteleria, actualidad.\",\"breadcrumb\":{\"@id\":\"https:\/\/aeronoticias.com.pe\/noticiero\/ultimas\/1\/telefonica-del-peru-amplia-sus-fronteras-pero-no-indemniza-a-sus-pobres-victimas-peruanas\/#breadcrumb\"},\"inLanguage\":\"es\",\"potentialAction\":[{\"@type\":\"ReadAction\",\"target\":[\"https:\/\/aeronoticias.com.pe\/noticiero\/ultimas\/1\/telefonica-del-peru-amplia-sus-fronteras-pero-no-indemniza-a-sus-pobres-victimas-peruanas\/\"]}]},{\"@type\":\"BreadcrumbList\",\"@id\":\"https:\/\/aeronoticias.com.pe\/noticiero\/ultimas\/1\/telefonica-del-peru-amplia-sus-fronteras-pero-no-indemniza-a-sus-pobres-victimas-peruanas\/#breadcrumb\",\"itemListElement\":[{\"@type\":\"ListItem\",\"position\":1,\"name\":\"Portada\",\"item\":\"https:\/\/aeronoticias.com.pe\/noticiero\/\"},{\"@type\":\"ListItem\",\"position\":2,\"name\":\"Telef\u00f3nica del Per\u00fa ampl\u00eda sus fronteras pero no indemniza a sus pobres v\u00edctimas peruanas\"}]},{\"@type\":\"WebSite\",\"@id\":\"https:\/\/aeronoticias.com.pe\/noticiero\/#website\",\"url\":\"https:\/\/aeronoticias.com.pe\/noticiero\/\",\"name\":\"Aeronoticias.com.pe\",\"description\":\"Noticias de tranporte aereo, turismo, hoteles, gastronomia, actualidad, internacional\",\"potentialAction\":[{\"@type\":\"SearchAction\",\"target\":{\"@type\":\"EntryPoint\",\"urlTemplate\":\"https:\/\/aeronoticias.com.pe\/noticiero\/?s={search_term_string}\"},\"query-input\":{\"@type\":\"PropertyValueSpecification\",\"valueRequired\":true,\"valueName\":\"search_term_string\"}}],\"inLanguage\":\"es\"},{\"@type\":\"Person\",\"@id\":\"https:\/\/aeronoticias.com.pe\/noticiero\/#\/schema\/person\/fc1e5d578f4b62ba1cf7ac2bba1170a0\",\"name\":\"Redacci\u00f3n Aeronoticias\",\"url\":\"https:\/\/aeronoticias.com.pe\/noticiero\/author\/piloto\/\"}]}<\/script>\n<!-- \/ Yoast SEO plugin. -->","yoast_head_json":{"title":"Telef\u00f3nica del Per\u00fa ampl\u00eda sus fronteras pero no indemniza a sus pobres v\u00edctimas peruanas","description":"Portal de noticias del Per\u00fa sobre el transporte a\u00e9reo, aviaci\u00f3n, turismo, hoteleria, actualidad.","robots":{"index":"index","follow":"follow","max-snippet":"max-snippet:-1","max-image-preview":"max-image-preview:large","max-video-preview":"max-video-preview:-1"},"canonical":"https:\/\/aeronoticias.com.pe\/noticiero\/ultimas\/1\/telefonica-del-peru-amplia-sus-fronteras-pero-no-indemniza-a-sus-pobres-victimas-peruanas\/","og_locale":"es_ES","og_type":"article","og_title":"Telef\u00f3nica del Per\u00fa ampl\u00eda sus fronteras pero no indemniza a sus pobres v\u00edctimas peruanas","og_description":"Portal de noticias del Per\u00fa sobre el transporte a\u00e9reo, aviaci\u00f3n, turismo, hoteleria, actualidad.","og_url":"https:\/\/aeronoticias.com.pe\/noticiero\/ultimas\/1\/telefonica-del-peru-amplia-sus-fronteras-pero-no-indemniza-a-sus-pobres-victimas-peruanas\/","og_site_name":"Aeronoticias.com.pe","article_publisher":"https:\/\/www.facebook.com\/Aeronoticias.com.pe\/","article_published_time":"2010-05-28T13:20:33+00:00","author":"Redacci\u00f3n Aeronoticias","twitter_card":"summary_large_image","twitter_creator":"@aeronoticias","twitter_site":"@aeronoticias","twitter_misc":{"Escrito por":"Redacci\u00f3n Aeronoticias","Tiempo de lectura":"2 minutos"},"schema":{"@context":"https:\/\/schema.org","@graph":[{"@type":"WebPage","@id":"https:\/\/aeronoticias.com.pe\/noticiero\/ultimas\/1\/telefonica-del-peru-amplia-sus-fronteras-pero-no-indemniza-a-sus-pobres-victimas-peruanas\/","url":"https:\/\/aeronoticias.com.pe\/noticiero\/ultimas\/1\/telefonica-del-peru-amplia-sus-fronteras-pero-no-indemniza-a-sus-pobres-victimas-peruanas\/","name":"Telef\u00f3nica del Per\u00fa ampl\u00eda sus fronteras pero no indemniza a sus pobres v\u00edctimas peruanas","isPartOf":{"@id":"https:\/\/aeronoticias.com.pe\/noticiero\/#website"},"datePublished":"2010-05-28T13:20:33+00:00","author":{"@id":"https:\/\/aeronoticias.com.pe\/noticiero\/#\/schema\/person\/fc1e5d578f4b62ba1cf7ac2bba1170a0"},"description":"Portal de noticias del Per\u00fa sobre el transporte a\u00e9reo, aviaci\u00f3n, turismo, hoteleria, actualidad.","breadcrumb":{"@id":"https:\/\/aeronoticias.com.pe\/noticiero\/ultimas\/1\/telefonica-del-peru-amplia-sus-fronteras-pero-no-indemniza-a-sus-pobres-victimas-peruanas\/#breadcrumb"},"inLanguage":"es","potentialAction":[{"@type":"ReadAction","target":["https:\/\/aeronoticias.com.pe\/noticiero\/ultimas\/1\/telefonica-del-peru-amplia-sus-fronteras-pero-no-indemniza-a-sus-pobres-victimas-peruanas\/"]}]},{"@type":"BreadcrumbList","@id":"https:\/\/aeronoticias.com.pe\/noticiero\/ultimas\/1\/telefonica-del-peru-amplia-sus-fronteras-pero-no-indemniza-a-sus-pobres-victimas-peruanas\/#breadcrumb","itemListElement":[{"@type":"ListItem","position":1,"name":"Portada","item":"https:\/\/aeronoticias.com.pe\/noticiero\/"},{"@type":"ListItem","position":2,"name":"Telef\u00f3nica del Per\u00fa ampl\u00eda sus fronteras pero no indemniza a sus pobres v\u00edctimas peruanas"}]},{"@type":"WebSite","@id":"https:\/\/aeronoticias.com.pe\/noticiero\/#website","url":"https:\/\/aeronoticias.com.pe\/noticiero\/","name":"Aeronoticias.com.pe","description":"Noticias de tranporte aereo, turismo, hoteles, gastronomia, actualidad, internacional","potentialAction":[{"@type":"SearchAction","target":{"@type":"EntryPoint","urlTemplate":"https:\/\/aeronoticias.com.pe\/noticiero\/?s={search_term_string}"},"query-input":{"@type":"PropertyValueSpecification","valueRequired":true,"valueName":"search_term_string"}}],"inLanguage":"es"},{"@type":"Person","@id":"https:\/\/aeronoticias.com.pe\/noticiero\/#\/schema\/person\/fc1e5d578f4b62ba1cf7ac2bba1170a0","name":"Redacci\u00f3n Aeronoticias","url":"https:\/\/aeronoticias.com.pe\/noticiero\/author\/piloto\/"}]}},"_links":{"self":[{"href":"https:\/\/aeronoticias.com.pe\/noticiero\/wp-json\/wp\/v2\/posts\/10929","targetHints":{"allow":["GET"]}}],"collection":[{"href":"https:\/\/aeronoticias.com.pe\/noticiero\/wp-json\/wp\/v2\/posts"}],"about":[{"href":"https:\/\/aeronoticias.com.pe\/noticiero\/wp-json\/wp\/v2\/types\/post"}],"author":[{"embeddable":true,"href":"https:\/\/aeronoticias.com.pe\/noticiero\/wp-json\/wp\/v2\/users\/1"}],"replies":[{"embeddable":true,"href":"https:\/\/aeronoticias.com.pe\/noticiero\/wp-json\/wp\/v2\/comments?post=10929"}],"version-history":[{"count":0,"href":"https:\/\/aeronoticias.com.pe\/noticiero\/wp-json\/wp\/v2\/posts\/10929\/revisions"}],"wp:attachment":[{"href":"https:\/\/aeronoticias.com.pe\/noticiero\/wp-json\/wp\/v2\/media?parent=10929"}],"wp:term":[{"taxonomy":"category","embeddable":true,"href":"https:\/\/aeronoticias.com.pe\/noticiero\/wp-json\/wp\/v2\/categories?post=10929"},{"taxonomy":"post_tag","embeddable":true,"href":"https:\/\/aeronoticias.com.pe\/noticiero\/wp-json\/wp\/v2\/tags?post=10929"}],"curies":[{"name":"wp","href":"https:\/\/api.w.org\/{rel}","templated":true}]}}