{"id":10930,"date":"2010-05-28T14:10:44","date_gmt":"2010-05-28T14:10:44","guid":{"rendered":"http:\/\/desarrollo.mcvicious.com\/aero2020\/2010\/05\/28\/exportaciones-a-la-ue-aun-no-alcanzan-los-niveles-del-2008\/"},"modified":"2010-05-28T14:10:44","modified_gmt":"2010-05-28T14:10:44","slug":"exportaciones-a-la-ue-aun-no-alcanzan-los-niveles-del-2008","status":"publish","type":"post","link":"https:\/\/aeronoticias.com.pe\/noticiero\/economia\/exportaciones-a-la-ue-aun-no-alcanzan-los-niveles-del-2008\/","title":{"rendered":"Exportaciones a la UE a\u00fan no alcanzan los niveles del 2008"},"content":{"rendered":"<div align=\"justify\">(Aeronoticias).- En los \u00faltimos a\u00f1os, y en especial luego de la crisis en EE.UU., los exportadores peruanos apuntalaron sus estrategias para diversificar sus mercados, sin embargo, la crisis en la Uni\u00f3n Europea amenaza con destruir ese intento. En los primeros cuatro meses del a\u00f1o, los env\u00edos a 12 pa\u00edses de ese bloque comercial\u00a0 registraron ca\u00eddas, inform\u00f3 la Asociaci\u00f3n de Exportadores (ADEX).<\/p>\n<p>Seg\u00fan ADEX entre los 12 pa\u00edses de la UE, se encuentran Pa\u00edses Bajos (-3%), Reino Unido (-8%), Dinamarca (-40%) registran ca\u00eddas que son preocupantes. Una situaci\u00f3n similar se registra con Suecia (-86%), Polonia (-21%), Rumania (-45%), Grecia (-26%), Estonia (-42%)\u00a0 y Eslovenia (-92%), entre otros.<\/p>\n<div style=\"text-align: center\"><img decoding=\"async\" src=\"images\/stories\/10\/05\/280510\/xport.jpg\" border=\"0\" alt=\"Exportaciones a la UE a\u00fan no alcanzan los niveles del 2008\" title=\"Exportaciones a la UE a\u00fan no alcanzan los niveles del 2008\" \/><\/div>\n<p>Asimismo, se debe puntualizar que en el primer cuatrimestre del a\u00f1o, los principales destinos de la UE son Espa\u00f1a (US$ 389.3 millones), seguido de Alemania (US$ 382.2 millones), Italia (US$ 291.3 millones), Pa\u00edses Bajos (US$ 175.6 millones), B\u00e9lgica (US$ 127.5 millones), Bulgaria, Finlandia y Reino Unido, entre otros.<br \/>\u00a0<br \/>En lo que respecta a las exportaciones a ese bloque econ\u00f3mico, las cifras preliminares a abril refiere que si bien registraron un crecimiento de 65%, al sumar US$ 1,665 millones, ese monto a\u00fan no iguala los US$ 1,705 millones 663 mil de similar periodo del 2008. <\/p>\n<p>Asimismo, las cifras indican\u00a0 tambi\u00e9n que del total (US$ 1665 millones), el 73% corresponde a Exportaciones Tradicionales (US$ 1,214.8 millones) y el 27% restante a las Exportaciones No Tradicionales (US$ 450.1 millones).<\/div>\n","protected":false},"excerpt":{"rendered":"<p>(Aeronoticias).- En los \u00faltimos a\u00f1os, y en especial luego de la crisis en EE.UU., los exportadores peruanos apuntalaron sus estrategias para diversificar sus mercados, sin embargo, la crisis en la Uni\u00f3n Europea amenaza con destruir ese intento. En los primeros cuatro meses del a\u00f1o, los env\u00edos a 12 pa\u00edses de ese bloque comercial\u00a0 registraron ca\u00eddas, [&hellip;]<\/p>\n","protected":false},"author":1,"featured_media":0,"comment_status":"open","ping_status":"open","sticky":false,"template":"","format":"standard","meta":{"tdm_status":"","tdm_grid_status":"","footnotes":""},"categories":[33],"tags":[],"class_list":{"0":"post-10930","1":"post","2":"type-post","3":"status-publish","4":"format-standard","6":"category-economia"},"yoast_head":"<!-- This site is optimized with the Yoast SEO plugin v25.1 - https:\/\/yoast.com\/wordpress\/plugins\/seo\/ -->\n<title>Exportaciones a la UE a\u00fan no alcanzan los niveles del 2008<\/title>\n<meta name=\"description\" content=\"Portal de noticias del Per\u00fa sobre el transporte a\u00e9reo, aviaci\u00f3n, turismo, hoteleria, actualidad.\" \/>\n<meta name=\"robots\" content=\"index, follow, max-snippet:-1, max-image-preview:large, max-video-preview:-1\" \/>\n<link rel=\"canonical\" href=\"https:\/\/aeronoticias.com.pe\/noticiero\/economia\/exportaciones-a-la-ue-aun-no-alcanzan-los-niveles-del-2008\/\" \/>\n<meta property=\"og:locale\" content=\"es_ES\" \/>\n<meta property=\"og:type\" content=\"article\" \/>\n<meta property=\"og:title\" content=\"Exportaciones a la UE a\u00fan no alcanzan los niveles del 2008\" \/>\n<meta property=\"og:description\" content=\"Portal de noticias del Per\u00fa sobre el transporte a\u00e9reo, aviaci\u00f3n, turismo, hoteleria, actualidad.\" \/>\n<meta property=\"og:url\" content=\"https:\/\/aeronoticias.com.pe\/noticiero\/economia\/exportaciones-a-la-ue-aun-no-alcanzan-los-niveles-del-2008\/\" \/>\n<meta property=\"og:site_name\" content=\"Aeronoticias.com.pe\" \/>\n<meta property=\"article:publisher\" content=\"https:\/\/www.facebook.com\/Aeronoticias.com.pe\/\" \/>\n<meta property=\"article:published_time\" content=\"2010-05-28T14:10:44+00:00\" \/>\n<meta name=\"author\" content=\"Redacci\u00f3n Aeronoticias\" \/>\n<meta name=\"twitter:card\" content=\"summary_large_image\" \/>\n<meta name=\"twitter:creator\" content=\"@aeronoticias\" \/>\n<meta name=\"twitter:site\" content=\"@aeronoticias\" \/>\n<meta name=\"twitter:label1\" content=\"Escrito por\" \/>\n\t<meta name=\"twitter:data1\" content=\"Redacci\u00f3n Aeronoticias\" \/>\n\t<meta name=\"twitter:label2\" content=\"Tiempo de lectura\" \/>\n\t<meta name=\"twitter:data2\" content=\"1 minuto\" \/>\n<script type=\"application\/ld+json\" class=\"yoast-schema-graph\">{\"@context\":\"https:\/\/schema.org\",\"@graph\":[{\"@type\":\"WebPage\",\"@id\":\"https:\/\/aeronoticias.com.pe\/noticiero\/economia\/exportaciones-a-la-ue-aun-no-alcanzan-los-niveles-del-2008\/\",\"url\":\"https:\/\/aeronoticias.com.pe\/noticiero\/economia\/exportaciones-a-la-ue-aun-no-alcanzan-los-niveles-del-2008\/\",\"name\":\"Exportaciones a la UE a\u00fan no alcanzan los niveles del 2008\",\"isPartOf\":{\"@id\":\"https:\/\/aeronoticias.com.pe\/noticiero\/#website\"},\"datePublished\":\"2010-05-28T14:10:44+00:00\",\"author\":{\"@id\":\"https:\/\/aeronoticias.com.pe\/noticiero\/#\/schema\/person\/fc1e5d578f4b62ba1cf7ac2bba1170a0\"},\"description\":\"Portal de noticias del Per\u00fa sobre el transporte a\u00e9reo, aviaci\u00f3n, turismo, hoteleria, actualidad.\",\"breadcrumb\":{\"@id\":\"https:\/\/aeronoticias.com.pe\/noticiero\/economia\/exportaciones-a-la-ue-aun-no-alcanzan-los-niveles-del-2008\/#breadcrumb\"},\"inLanguage\":\"es\",\"potentialAction\":[{\"@type\":\"ReadAction\",\"target\":[\"https:\/\/aeronoticias.com.pe\/noticiero\/economia\/exportaciones-a-la-ue-aun-no-alcanzan-los-niveles-del-2008\/\"]}]},{\"@type\":\"BreadcrumbList\",\"@id\":\"https:\/\/aeronoticias.com.pe\/noticiero\/economia\/exportaciones-a-la-ue-aun-no-alcanzan-los-niveles-del-2008\/#breadcrumb\",\"itemListElement\":[{\"@type\":\"ListItem\",\"position\":1,\"name\":\"Portada\",\"item\":\"https:\/\/aeronoticias.com.pe\/noticiero\/\"},{\"@type\":\"ListItem\",\"position\":2,\"name\":\"Exportaciones a la UE a\u00fan no alcanzan los niveles del 2008\"}]},{\"@type\":\"WebSite\",\"@id\":\"https:\/\/aeronoticias.com.pe\/noticiero\/#website\",\"url\":\"https:\/\/aeronoticias.com.pe\/noticiero\/\",\"name\":\"Aeronoticias.com.pe\",\"description\":\"Noticias de tranporte aereo, turismo, hoteles, gastronomia, actualidad, internacional\",\"potentialAction\":[{\"@type\":\"SearchAction\",\"target\":{\"@type\":\"EntryPoint\",\"urlTemplate\":\"https:\/\/aeronoticias.com.pe\/noticiero\/?s={search_term_string}\"},\"query-input\":{\"@type\":\"PropertyValueSpecification\",\"valueRequired\":true,\"valueName\":\"search_term_string\"}}],\"inLanguage\":\"es\"},{\"@type\":\"Person\",\"@id\":\"https:\/\/aeronoticias.com.pe\/noticiero\/#\/schema\/person\/fc1e5d578f4b62ba1cf7ac2bba1170a0\",\"name\":\"Redacci\u00f3n Aeronoticias\",\"url\":\"https:\/\/aeronoticias.com.pe\/noticiero\/author\/piloto\/\"}]}<\/script>\n<!-- \/ Yoast SEO plugin. -->","yoast_head_json":{"title":"Exportaciones a la UE a\u00fan no alcanzan los niveles del 2008","description":"Portal de noticias del Per\u00fa sobre el transporte a\u00e9reo, aviaci\u00f3n, turismo, hoteleria, actualidad.","robots":{"index":"index","follow":"follow","max-snippet":"max-snippet:-1","max-image-preview":"max-image-preview:large","max-video-preview":"max-video-preview:-1"},"canonical":"https:\/\/aeronoticias.com.pe\/noticiero\/economia\/exportaciones-a-la-ue-aun-no-alcanzan-los-niveles-del-2008\/","og_locale":"es_ES","og_type":"article","og_title":"Exportaciones a la UE a\u00fan no alcanzan los niveles del 2008","og_description":"Portal de noticias del Per\u00fa sobre el transporte a\u00e9reo, aviaci\u00f3n, turismo, hoteleria, actualidad.","og_url":"https:\/\/aeronoticias.com.pe\/noticiero\/economia\/exportaciones-a-la-ue-aun-no-alcanzan-los-niveles-del-2008\/","og_site_name":"Aeronoticias.com.pe","article_publisher":"https:\/\/www.facebook.com\/Aeronoticias.com.pe\/","article_published_time":"2010-05-28T14:10:44+00:00","author":"Redacci\u00f3n Aeronoticias","twitter_card":"summary_large_image","twitter_creator":"@aeronoticias","twitter_site":"@aeronoticias","twitter_misc":{"Escrito por":"Redacci\u00f3n Aeronoticias","Tiempo de lectura":"1 minuto"},"schema":{"@context":"https:\/\/schema.org","@graph":[{"@type":"WebPage","@id":"https:\/\/aeronoticias.com.pe\/noticiero\/economia\/exportaciones-a-la-ue-aun-no-alcanzan-los-niveles-del-2008\/","url":"https:\/\/aeronoticias.com.pe\/noticiero\/economia\/exportaciones-a-la-ue-aun-no-alcanzan-los-niveles-del-2008\/","name":"Exportaciones a la UE a\u00fan no alcanzan los niveles del 2008","isPartOf":{"@id":"https:\/\/aeronoticias.com.pe\/noticiero\/#website"},"datePublished":"2010-05-28T14:10:44+00:00","author":{"@id":"https:\/\/aeronoticias.com.pe\/noticiero\/#\/schema\/person\/fc1e5d578f4b62ba1cf7ac2bba1170a0"},"description":"Portal de noticias del Per\u00fa sobre el transporte a\u00e9reo, aviaci\u00f3n, turismo, hoteleria, actualidad.","breadcrumb":{"@id":"https:\/\/aeronoticias.com.pe\/noticiero\/economia\/exportaciones-a-la-ue-aun-no-alcanzan-los-niveles-del-2008\/#breadcrumb"},"inLanguage":"es","potentialAction":[{"@type":"ReadAction","target":["https:\/\/aeronoticias.com.pe\/noticiero\/economia\/exportaciones-a-la-ue-aun-no-alcanzan-los-niveles-del-2008\/"]}]},{"@type":"BreadcrumbList","@id":"https:\/\/aeronoticias.com.pe\/noticiero\/economia\/exportaciones-a-la-ue-aun-no-alcanzan-los-niveles-del-2008\/#breadcrumb","itemListElement":[{"@type":"ListItem","position":1,"name":"Portada","item":"https:\/\/aeronoticias.com.pe\/noticiero\/"},{"@type":"ListItem","position":2,"name":"Exportaciones a la UE a\u00fan no alcanzan los niveles del 2008"}]},{"@type":"WebSite","@id":"https:\/\/aeronoticias.com.pe\/noticiero\/#website","url":"https:\/\/aeronoticias.com.pe\/noticiero\/","name":"Aeronoticias.com.pe","description":"Noticias de tranporte aereo, turismo, hoteles, gastronomia, actualidad, internacional","potentialAction":[{"@type":"SearchAction","target":{"@type":"EntryPoint","urlTemplate":"https:\/\/aeronoticias.com.pe\/noticiero\/?s={search_term_string}"},"query-input":{"@type":"PropertyValueSpecification","valueRequired":true,"valueName":"search_term_string"}}],"inLanguage":"es"},{"@type":"Person","@id":"https:\/\/aeronoticias.com.pe\/noticiero\/#\/schema\/person\/fc1e5d578f4b62ba1cf7ac2bba1170a0","name":"Redacci\u00f3n Aeronoticias","url":"https:\/\/aeronoticias.com.pe\/noticiero\/author\/piloto\/"}]}},"_links":{"self":[{"href":"https:\/\/aeronoticias.com.pe\/noticiero\/wp-json\/wp\/v2\/posts\/10930","targetHints":{"allow":["GET"]}}],"collection":[{"href":"https:\/\/aeronoticias.com.pe\/noticiero\/wp-json\/wp\/v2\/posts"}],"about":[{"href":"https:\/\/aeronoticias.com.pe\/noticiero\/wp-json\/wp\/v2\/types\/post"}],"author":[{"embeddable":true,"href":"https:\/\/aeronoticias.com.pe\/noticiero\/wp-json\/wp\/v2\/users\/1"}],"replies":[{"embeddable":true,"href":"https:\/\/aeronoticias.com.pe\/noticiero\/wp-json\/wp\/v2\/comments?post=10930"}],"version-history":[{"count":0,"href":"https:\/\/aeronoticias.com.pe\/noticiero\/wp-json\/wp\/v2\/posts\/10930\/revisions"}],"wp:attachment":[{"href":"https:\/\/aeronoticias.com.pe\/noticiero\/wp-json\/wp\/v2\/media?parent=10930"}],"wp:term":[{"taxonomy":"category","embeddable":true,"href":"https:\/\/aeronoticias.com.pe\/noticiero\/wp-json\/wp\/v2\/categories?post=10930"},{"taxonomy":"post_tag","embeddable":true,"href":"https:\/\/aeronoticias.com.pe\/noticiero\/wp-json\/wp\/v2\/tags?post=10930"}],"curies":[{"name":"wp","href":"https:\/\/api.w.org\/{rel}","templated":true}]}}