{"id":10931,"date":"2010-05-28T14:43:43","date_gmt":"2010-05-28T14:43:43","guid":{"rendered":"http:\/\/desarrollo.mcvicious.com\/aero2020\/2010\/05\/28\/al-menos-71-muertos-deja-atentado-contra-un-tren-en-la-india\/"},"modified":"2010-05-28T14:43:43","modified_gmt":"2010-05-28T14:43:43","slug":"al-menos-71-muertos-deja-atentado-contra-un-tren-en-la-india","status":"publish","type":"post","link":"https:\/\/aeronoticias.com.pe\/noticiero\/internacionales\/al-menos-71-muertos-deja-atentado-contra-un-tren-en-la-india\/","title":{"rendered":"Al menos 71 muertos deja atentado contra un tren en la India"},"content":{"rendered":"<div>\n<div style=\"text-align: justify\">(Aeronoticias).- Al menos 71 personas murieron y m\u00e1s de 200 resultaron heridas al descarrilarse un tren a gran velocidad que hac\u00eda el trayecto en Calcuta y Bombay este viernes en el este de la India, en una acci\u00f3n de sabotaje reivindicada por rebeldes mao\u00edstas.<\/div>\n<div style=\"text-align: justify\"><\/div>\n<\/div>\n<div>\n<div style=\"text-align: justify\">Seg\u00fan la ministra de Ferrocarriles, Mamata Bannerjee, cinco vagones del tren que se dirig\u00eda a Bombay cayeron sobre otra v\u00eda, donde chocaron con otro tren de mercanc\u00edas que circulaba a gran velocidad. La agencia IANS inform\u00f3 que al menos 50 personas permanecen atrapadas entre los fierros de los vagones siniestrados.<\/div>\n<div style=\"text-align: justify\"><\/p>\n<div style=\"text-align: center\"><img decoding=\"async\" src=\"images\/stories\/10\/05\/280510\/tren_india.gif\" border=\"0\" \/><\/div>\n<p><\/div>\n<\/div>\n<div>\n<div style=\"text-align: justify\">El accidente ocurri\u00f3 a las 01:30 hora local (20:00 GMT del jueves) en el distrito de Midnapore Occidental, a unos 135 kil\u00f3metros al suroeste de Calcuta, la capital de Bengala Occidental. El distrito es un feudo de la guerrilla mao\u00edsta.<\/div>\n<div style=\"text-align: justify\"><\/div>\n<\/div>\n<div>\n<div style=\"text-align: justify\">Seg\u00fan fuentes policiales, una secci\u00f3n de la v\u00eda ferroviaria hab\u00eda sido removida. Un funcionario de la compa\u00f1\u00eda Ferrocarriles de la India expres\u00f3 la sospecha de que se trata de un \u201ccaso de sabotaje\u201d.<\/div>\n<div style=\"text-align: justify\"><\/div>\n<\/div>\n<div style=\"text-align: justify\">Las autoridades ferroviarias del estado se\u00f1alaron que la compa\u00f1\u00eda Ferrocarriles de la India estaba en situaci\u00f3n de m\u00e1xima alerta debido a que los rebeldes hab\u00edan anunciado para este viernes el inicio de una campa\u00f1a de acciones en cinco estados en protesta por una ofensiva antimao\u00edsta y contra la pol\u00edtica econ\u00f3mica del gobierno.<\/div>\n<div style=\"text-align: justify\"><\/div>\n","protected":false},"excerpt":{"rendered":"<p>(Aeronoticias).- Al menos 71 personas murieron y m\u00e1s de 200 resultaron heridas al descarrilarse un tren a gran velocidad que hac\u00eda el trayecto en Calcuta y Bombay este viernes en el este de la India, en una acci\u00f3n de sabotaje reivindicada por rebeldes mao\u00edstas. Seg\u00fan la ministra de Ferrocarriles, Mamata Bannerjee, cinco vagones del tren [&hellip;]<\/p>\n","protected":false},"author":1,"featured_media":0,"comment_status":"open","ping_status":"open","sticky":false,"template":"","format":"standard","meta":{"tdm_status":"","tdm_grid_status":"","footnotes":""},"categories":[34],"tags":[],"class_list":{"0":"post-10931","1":"post","2":"type-post","3":"status-publish","4":"format-standard","6":"category-internacionales"},"yoast_head":"<!-- This site is optimized with the Yoast SEO plugin v25.1 - https:\/\/yoast.com\/wordpress\/plugins\/seo\/ -->\n<title>Al menos 71 muertos deja atentado contra un tren en la India<\/title>\n<meta name=\"description\" content=\"Portal de noticias del Per\u00fa sobre el transporte a\u00e9reo, aviaci\u00f3n, turismo, hoteleria, actualidad.\" \/>\n<meta name=\"robots\" content=\"index, follow, max-snippet:-1, max-image-preview:large, max-video-preview:-1\" \/>\n<link rel=\"canonical\" href=\"https:\/\/aeronoticias.com.pe\/noticiero\/internacionales\/al-menos-71-muertos-deja-atentado-contra-un-tren-en-la-india\/\" \/>\n<meta property=\"og:locale\" content=\"es_ES\" \/>\n<meta property=\"og:type\" content=\"article\" \/>\n<meta property=\"og:title\" content=\"Al menos 71 muertos deja atentado contra un tren en la India\" \/>\n<meta property=\"og:description\" content=\"Portal de noticias del Per\u00fa sobre el transporte a\u00e9reo, aviaci\u00f3n, turismo, hoteleria, actualidad.\" \/>\n<meta property=\"og:url\" content=\"https:\/\/aeronoticias.com.pe\/noticiero\/internacionales\/al-menos-71-muertos-deja-atentado-contra-un-tren-en-la-india\/\" \/>\n<meta property=\"og:site_name\" content=\"Aeronoticias.com.pe\" \/>\n<meta property=\"article:publisher\" content=\"https:\/\/www.facebook.com\/Aeronoticias.com.pe\/\" \/>\n<meta property=\"article:published_time\" content=\"2010-05-28T14:43:43+00:00\" \/>\n<meta name=\"author\" content=\"Redacci\u00f3n Aeronoticias\" \/>\n<meta name=\"twitter:card\" content=\"summary_large_image\" \/>\n<meta name=\"twitter:creator\" content=\"@aeronoticias\" \/>\n<meta name=\"twitter:site\" content=\"@aeronoticias\" \/>\n<meta name=\"twitter:label1\" content=\"Escrito por\" \/>\n\t<meta name=\"twitter:data1\" content=\"Redacci\u00f3n Aeronoticias\" \/>\n\t<meta name=\"twitter:label2\" content=\"Tiempo de lectura\" \/>\n\t<meta name=\"twitter:data2\" content=\"1 minuto\" \/>\n<script type=\"application\/ld+json\" class=\"yoast-schema-graph\">{\"@context\":\"https:\/\/schema.org\",\"@graph\":[{\"@type\":\"WebPage\",\"@id\":\"https:\/\/aeronoticias.com.pe\/noticiero\/internacionales\/al-menos-71-muertos-deja-atentado-contra-un-tren-en-la-india\/\",\"url\":\"https:\/\/aeronoticias.com.pe\/noticiero\/internacionales\/al-menos-71-muertos-deja-atentado-contra-un-tren-en-la-india\/\",\"name\":\"Al menos 71 muertos deja atentado contra un tren en la India\",\"isPartOf\":{\"@id\":\"https:\/\/aeronoticias.com.pe\/noticiero\/#website\"},\"datePublished\":\"2010-05-28T14:43:43+00:00\",\"author\":{\"@id\":\"https:\/\/aeronoticias.com.pe\/noticiero\/#\/schema\/person\/fc1e5d578f4b62ba1cf7ac2bba1170a0\"},\"description\":\"Portal de noticias del Per\u00fa sobre el transporte a\u00e9reo, aviaci\u00f3n, turismo, hoteleria, actualidad.\",\"breadcrumb\":{\"@id\":\"https:\/\/aeronoticias.com.pe\/noticiero\/internacionales\/al-menos-71-muertos-deja-atentado-contra-un-tren-en-la-india\/#breadcrumb\"},\"inLanguage\":\"es\",\"potentialAction\":[{\"@type\":\"ReadAction\",\"target\":[\"https:\/\/aeronoticias.com.pe\/noticiero\/internacionales\/al-menos-71-muertos-deja-atentado-contra-un-tren-en-la-india\/\"]}]},{\"@type\":\"BreadcrumbList\",\"@id\":\"https:\/\/aeronoticias.com.pe\/noticiero\/internacionales\/al-menos-71-muertos-deja-atentado-contra-un-tren-en-la-india\/#breadcrumb\",\"itemListElement\":[{\"@type\":\"ListItem\",\"position\":1,\"name\":\"Portada\",\"item\":\"https:\/\/aeronoticias.com.pe\/noticiero\/\"},{\"@type\":\"ListItem\",\"position\":2,\"name\":\"Al menos 71 muertos deja atentado contra un tren en la India\"}]},{\"@type\":\"WebSite\",\"@id\":\"https:\/\/aeronoticias.com.pe\/noticiero\/#website\",\"url\":\"https:\/\/aeronoticias.com.pe\/noticiero\/\",\"name\":\"Aeronoticias.com.pe\",\"description\":\"Noticias de tranporte aereo, turismo, hoteles, gastronomia, actualidad, internacional\",\"potentialAction\":[{\"@type\":\"SearchAction\",\"target\":{\"@type\":\"EntryPoint\",\"urlTemplate\":\"https:\/\/aeronoticias.com.pe\/noticiero\/?s={search_term_string}\"},\"query-input\":{\"@type\":\"PropertyValueSpecification\",\"valueRequired\":true,\"valueName\":\"search_term_string\"}}],\"inLanguage\":\"es\"},{\"@type\":\"Person\",\"@id\":\"https:\/\/aeronoticias.com.pe\/noticiero\/#\/schema\/person\/fc1e5d578f4b62ba1cf7ac2bba1170a0\",\"name\":\"Redacci\u00f3n Aeronoticias\",\"url\":\"https:\/\/aeronoticias.com.pe\/noticiero\/author\/piloto\/\"}]}<\/script>\n<!-- \/ Yoast SEO plugin. -->","yoast_head_json":{"title":"Al menos 71 muertos deja atentado contra un tren en la India","description":"Portal de noticias del Per\u00fa sobre el transporte a\u00e9reo, aviaci\u00f3n, turismo, hoteleria, actualidad.","robots":{"index":"index","follow":"follow","max-snippet":"max-snippet:-1","max-image-preview":"max-image-preview:large","max-video-preview":"max-video-preview:-1"},"canonical":"https:\/\/aeronoticias.com.pe\/noticiero\/internacionales\/al-menos-71-muertos-deja-atentado-contra-un-tren-en-la-india\/","og_locale":"es_ES","og_type":"article","og_title":"Al menos 71 muertos deja atentado contra un tren en la India","og_description":"Portal de noticias del Per\u00fa sobre el transporte a\u00e9reo, aviaci\u00f3n, turismo, hoteleria, actualidad.","og_url":"https:\/\/aeronoticias.com.pe\/noticiero\/internacionales\/al-menos-71-muertos-deja-atentado-contra-un-tren-en-la-india\/","og_site_name":"Aeronoticias.com.pe","article_publisher":"https:\/\/www.facebook.com\/Aeronoticias.com.pe\/","article_published_time":"2010-05-28T14:43:43+00:00","author":"Redacci\u00f3n Aeronoticias","twitter_card":"summary_large_image","twitter_creator":"@aeronoticias","twitter_site":"@aeronoticias","twitter_misc":{"Escrito por":"Redacci\u00f3n Aeronoticias","Tiempo de lectura":"1 minuto"},"schema":{"@context":"https:\/\/schema.org","@graph":[{"@type":"WebPage","@id":"https:\/\/aeronoticias.com.pe\/noticiero\/internacionales\/al-menos-71-muertos-deja-atentado-contra-un-tren-en-la-india\/","url":"https:\/\/aeronoticias.com.pe\/noticiero\/internacionales\/al-menos-71-muertos-deja-atentado-contra-un-tren-en-la-india\/","name":"Al menos 71 muertos deja atentado contra un tren en la India","isPartOf":{"@id":"https:\/\/aeronoticias.com.pe\/noticiero\/#website"},"datePublished":"2010-05-28T14:43:43+00:00","author":{"@id":"https:\/\/aeronoticias.com.pe\/noticiero\/#\/schema\/person\/fc1e5d578f4b62ba1cf7ac2bba1170a0"},"description":"Portal de noticias del Per\u00fa sobre el transporte a\u00e9reo, aviaci\u00f3n, turismo, hoteleria, actualidad.","breadcrumb":{"@id":"https:\/\/aeronoticias.com.pe\/noticiero\/internacionales\/al-menos-71-muertos-deja-atentado-contra-un-tren-en-la-india\/#breadcrumb"},"inLanguage":"es","potentialAction":[{"@type":"ReadAction","target":["https:\/\/aeronoticias.com.pe\/noticiero\/internacionales\/al-menos-71-muertos-deja-atentado-contra-un-tren-en-la-india\/"]}]},{"@type":"BreadcrumbList","@id":"https:\/\/aeronoticias.com.pe\/noticiero\/internacionales\/al-menos-71-muertos-deja-atentado-contra-un-tren-en-la-india\/#breadcrumb","itemListElement":[{"@type":"ListItem","position":1,"name":"Portada","item":"https:\/\/aeronoticias.com.pe\/noticiero\/"},{"@type":"ListItem","position":2,"name":"Al menos 71 muertos deja atentado contra un tren en la India"}]},{"@type":"WebSite","@id":"https:\/\/aeronoticias.com.pe\/noticiero\/#website","url":"https:\/\/aeronoticias.com.pe\/noticiero\/","name":"Aeronoticias.com.pe","description":"Noticias de tranporte aereo, turismo, hoteles, gastronomia, actualidad, internacional","potentialAction":[{"@type":"SearchAction","target":{"@type":"EntryPoint","urlTemplate":"https:\/\/aeronoticias.com.pe\/noticiero\/?s={search_term_string}"},"query-input":{"@type":"PropertyValueSpecification","valueRequired":true,"valueName":"search_term_string"}}],"inLanguage":"es"},{"@type":"Person","@id":"https:\/\/aeronoticias.com.pe\/noticiero\/#\/schema\/person\/fc1e5d578f4b62ba1cf7ac2bba1170a0","name":"Redacci\u00f3n Aeronoticias","url":"https:\/\/aeronoticias.com.pe\/noticiero\/author\/piloto\/"}]}},"_links":{"self":[{"href":"https:\/\/aeronoticias.com.pe\/noticiero\/wp-json\/wp\/v2\/posts\/10931","targetHints":{"allow":["GET"]}}],"collection":[{"href":"https:\/\/aeronoticias.com.pe\/noticiero\/wp-json\/wp\/v2\/posts"}],"about":[{"href":"https:\/\/aeronoticias.com.pe\/noticiero\/wp-json\/wp\/v2\/types\/post"}],"author":[{"embeddable":true,"href":"https:\/\/aeronoticias.com.pe\/noticiero\/wp-json\/wp\/v2\/users\/1"}],"replies":[{"embeddable":true,"href":"https:\/\/aeronoticias.com.pe\/noticiero\/wp-json\/wp\/v2\/comments?post=10931"}],"version-history":[{"count":0,"href":"https:\/\/aeronoticias.com.pe\/noticiero\/wp-json\/wp\/v2\/posts\/10931\/revisions"}],"wp:attachment":[{"href":"https:\/\/aeronoticias.com.pe\/noticiero\/wp-json\/wp\/v2\/media?parent=10931"}],"wp:term":[{"taxonomy":"category","embeddable":true,"href":"https:\/\/aeronoticias.com.pe\/noticiero\/wp-json\/wp\/v2\/categories?post=10931"},{"taxonomy":"post_tag","embeddable":true,"href":"https:\/\/aeronoticias.com.pe\/noticiero\/wp-json\/wp\/v2\/tags?post=10931"}],"curies":[{"name":"wp","href":"https:\/\/api.w.org\/{rel}","templated":true}]}}