{"id":10934,"date":"2010-05-28T15:28:52","date_gmt":"2010-05-28T15:28:52","guid":{"rendered":"http:\/\/desarrollo.mcvicious.com\/aero2020\/2010\/05\/28\/afirman-que-aerodromo-de-escuela-de-aviacion-en-chincha-sera-el-mas-moderno-del-pais\/"},"modified":"2010-05-28T15:28:52","modified_gmt":"2010-05-28T15:28:52","slug":"afirman-que-aerodromo-de-escuela-de-aviacion-en-chincha-sera-el-mas-moderno-del-pais","status":"publish","type":"post","link":"https:\/\/aeronoticias.com.pe\/noticiero\/nacionales\/afirman-que-aerodromo-de-escuela-de-aviacion-en-chincha-sera-el-mas-moderno-del-pais\/","title":{"rendered":"Afirman que Aer\u00f3dromo de Escuela de Aviaci\u00f3n en Chincha ser\u00e1 el m\u00e1s moderno del pa\u00eds"},"content":{"rendered":"<div align=\"justify\"><strong>(Aeronoticias)<\/strong> El aer\u00f3dromo que se construir\u00e1 en Chincha para la Escuela de Aviaci\u00f3n Civil (Edaci) ser\u00e1 uno de los m\u00e1s modernos del pa\u00eds, equipar\u00e1ndose con el nivel tecnol\u00f3gico que posee el aeropuerto Jorge Ch\u00e1vez, seg\u00fan afirmaron los congresistas C\u00e9sar Zumaeta y Julio Herrera. <\/div>\n<div align=\"justify\">\u00a0<\/div>\n<div align=\"justify\">Dichas afirmaciones fueron dadas durante la inspecci\u00f3n realizada en el distrito de Grocio Prado, en la provincia de Chincha, en donde se ubicar\u00e1 el nuevo aer\u00f3dromo.<\/p>\n<div style=\"text-align: center\"><img decoding=\"async\" src=\"images\/stories\/10\/05\/280510\/chincha.jpg\" border=\"0\" alt=\"Afirman que Aer\u00f3dromo de escuela de aviaci\u00f3n en Chincha ser\u00e1 el m\u00e1s moderno del pa\u00eds\" title=\"Afirman que Aer\u00f3dromo de escuela de aviaci\u00f3n en Chincha ser\u00e1 el m\u00e1s moderno del pa\u00eds\" \/><\/div>\n<p>El congresista Zumaeta Flores se\u00f1al\u00f3 que \u201cen Lima hay cuatro escuelas de pilotos, de las cuales la EDACI cubri\u00f3 en el a\u00f1o 2008 el 7 por ciento del total de horas voladas por las escuelas, debido a los problemas en su ubicaci\u00f3n y lo deficiente de sus instalaciones y recursos. <\/p>\n<p>La decisi\u00f3n de construir un nuevo aer\u00f3dromo permitir\u00e1 que muchos alumnos que ten\u00edan que buscar otras escuelas, e incluso viajar a otros pa\u00edses para capacitarse, puedan entrenarse en este moderno aer\u00f3dromo que se va a construir\u201d, expres{o.<\/p>\n<p>Zumaeta se\u00f1al\u00f3 que \u201ceste aer\u00f3dromo tiene una reserva de 1,170 hect\u00e1reas, mientras que Collique solo ten\u00eda 64; en esta primera etapa se va a construir una infraestructura que abarca 200 hect\u00e1reas y en ella se tendr\u00e1 una pista de 1,300 metros de largo por 45 de ancho, en Collique hab\u00eda una pista de menos de 1,000 metros. <\/p>\n<p>Adem\u00e1s, la pista del nuevo aer\u00f3dromo tendr\u00e1 una resistencia de hasta 22 mil kilos, mientras que la de Collique solo ten\u00eda una resistencia de 5 mil, lo que le permit\u00eda que solo aterricen avionetas de bajo tonelaje\u201d, remarc\u00f3 el congresista.<\/p>\n<p> Herrera Pumayauli\u00a0 se\u00f1al\u00f3 que \u201cno son ciertas las afirmaciones que se\u00f1alan que los vientos en esta zona no son adecuados para la aviaci\u00f3n. De acuerdo a los informes recibidos, en esta zona los vientos no superan los 8 nudos y son perfectos para la ense\u00f1anza y pr\u00e1ctica de la aviaci\u00f3n. <\/p>\n<p>A\u00f1adieron que en Collique ten\u00edan que salir de Lima para poder realizar sus maniobras de pr\u00e1ctica, esto les demandaba mucho tiempo e incrementaba el costo de sus pr\u00e1cticas. Aqu\u00ed en Grocio Prado, en 5 minutos pueden realizar todo tipo de maniobras\u201d, afirm\u00f3.<\/p>\n<p>La inspecci\u00f3n, que fue realizada el jueves 27, se hizo en compa\u00f1\u00eda del Director General de Aeron\u00e1utica Civil del Ministerio de Transportes, Ram\u00f3n Gamarra, el cual indic\u00f3 que se est\u00e1 licitando la elaboraci\u00f3n de un plan maestro que debe permitir identificar las obras a realizar y las proyecciones para constituir un clouster de la aviaci\u00f3n civil y se identifique los diversos tipos de escuelas y de servicios que necesita la aviaci\u00f3n.<\/p>\n<p>Ram\u00f3n Gamarra afirm\u00f3 que se tiene proyectado iniciar la construcci\u00f3n del nuevo aer\u00f3dromo en diciembre de este a\u00f1o, esperando inaugurar sus servicios en junio del a\u00f1o pr\u00f3ximo. \u201cNo solo se construir\u00e1 una moderna infraestructura,\u00a0 sino se adquirir\u00e1 equipos de alta tecnolog\u00eda como simuladores, equipos omnidireccionales, radiofaros y el conjunto de infraestructura que necesitan los alumnos\u201d. <br \/>\u00a0<\/div>\n","protected":false},"excerpt":{"rendered":"<p>(Aeronoticias) El aer\u00f3dromo que se construir\u00e1 en Chincha para la Escuela de Aviaci\u00f3n Civil (Edaci) ser\u00e1 uno de los m\u00e1s modernos del pa\u00eds, equipar\u00e1ndose con el nivel tecnol\u00f3gico que posee el aeropuerto Jorge Ch\u00e1vez, seg\u00fan afirmaron los congresistas C\u00e9sar Zumaeta y Julio Herrera. \u00a0 Dichas afirmaciones fueron dadas durante la inspecci\u00f3n realizada en el distrito [&hellip;]<\/p>\n","protected":false},"author":1,"featured_media":0,"comment_status":"open","ping_status":"open","sticky":false,"template":"","format":"standard","meta":{"tdm_status":"","tdm_grid_status":"","footnotes":""},"categories":[38],"tags":[],"class_list":{"0":"post-10934","1":"post","2":"type-post","3":"status-publish","4":"format-standard","6":"category-nacionales"},"yoast_head":"<!-- This site is optimized with the Yoast SEO plugin v25.1 - https:\/\/yoast.com\/wordpress\/plugins\/seo\/ -->\n<title>Afirman que Aer\u00f3dromo de Escuela de Aviaci\u00f3n en Chincha ser\u00e1 el m\u00e1s moderno del pa\u00eds<\/title>\n<meta name=\"description\" content=\"Portal de noticias del Per\u00fa sobre el transporte a\u00e9reo, aviaci\u00f3n, turismo, hoteleria, actualidad.\" \/>\n<meta name=\"robots\" content=\"index, follow, max-snippet:-1, max-image-preview:large, max-video-preview:-1\" \/>\n<link rel=\"canonical\" href=\"https:\/\/aeronoticias.com.pe\/noticiero\/nacionales\/afirman-que-aerodromo-de-escuela-de-aviacion-en-chincha-sera-el-mas-moderno-del-pais\/\" \/>\n<meta property=\"og:locale\" content=\"es_ES\" \/>\n<meta property=\"og:type\" content=\"article\" \/>\n<meta property=\"og:title\" content=\"Afirman que Aer\u00f3dromo de Escuela de Aviaci\u00f3n en Chincha ser\u00e1 el m\u00e1s moderno del pa\u00eds\" \/>\n<meta property=\"og:description\" content=\"Portal de noticias del Per\u00fa sobre el transporte a\u00e9reo, aviaci\u00f3n, turismo, hoteleria, actualidad.\" \/>\n<meta property=\"og:url\" content=\"https:\/\/aeronoticias.com.pe\/noticiero\/nacionales\/afirman-que-aerodromo-de-escuela-de-aviacion-en-chincha-sera-el-mas-moderno-del-pais\/\" \/>\n<meta property=\"og:site_name\" content=\"Aeronoticias.com.pe\" \/>\n<meta property=\"article:publisher\" content=\"https:\/\/www.facebook.com\/Aeronoticias.com.pe\/\" \/>\n<meta property=\"article:published_time\" content=\"2010-05-28T15:28:52+00:00\" \/>\n<meta name=\"author\" content=\"Redacci\u00f3n Aeronoticias\" \/>\n<meta name=\"twitter:card\" content=\"summary_large_image\" \/>\n<meta name=\"twitter:creator\" content=\"@aeronoticias\" \/>\n<meta name=\"twitter:site\" content=\"@aeronoticias\" \/>\n<meta name=\"twitter:label1\" content=\"Escrito por\" \/>\n\t<meta name=\"twitter:data1\" content=\"Redacci\u00f3n Aeronoticias\" \/>\n\t<meta name=\"twitter:label2\" content=\"Tiempo de lectura\" \/>\n\t<meta name=\"twitter:data2\" content=\"3 minutos\" \/>\n<script type=\"application\/ld+json\" class=\"yoast-schema-graph\">{\"@context\":\"https:\/\/schema.org\",\"@graph\":[{\"@type\":\"WebPage\",\"@id\":\"https:\/\/aeronoticias.com.pe\/noticiero\/nacionales\/afirman-que-aerodromo-de-escuela-de-aviacion-en-chincha-sera-el-mas-moderno-del-pais\/\",\"url\":\"https:\/\/aeronoticias.com.pe\/noticiero\/nacionales\/afirman-que-aerodromo-de-escuela-de-aviacion-en-chincha-sera-el-mas-moderno-del-pais\/\",\"name\":\"Afirman que Aer\u00f3dromo de Escuela de Aviaci\u00f3n en Chincha ser\u00e1 el m\u00e1s moderno del pa\u00eds\",\"isPartOf\":{\"@id\":\"https:\/\/aeronoticias.com.pe\/noticiero\/#website\"},\"datePublished\":\"2010-05-28T15:28:52+00:00\",\"author\":{\"@id\":\"https:\/\/aeronoticias.com.pe\/noticiero\/#\/schema\/person\/fc1e5d578f4b62ba1cf7ac2bba1170a0\"},\"description\":\"Portal de noticias del Per\u00fa sobre el transporte a\u00e9reo, aviaci\u00f3n, turismo, hoteleria, actualidad.\",\"breadcrumb\":{\"@id\":\"https:\/\/aeronoticias.com.pe\/noticiero\/nacionales\/afirman-que-aerodromo-de-escuela-de-aviacion-en-chincha-sera-el-mas-moderno-del-pais\/#breadcrumb\"},\"inLanguage\":\"es\",\"potentialAction\":[{\"@type\":\"ReadAction\",\"target\":[\"https:\/\/aeronoticias.com.pe\/noticiero\/nacionales\/afirman-que-aerodromo-de-escuela-de-aviacion-en-chincha-sera-el-mas-moderno-del-pais\/\"]}]},{\"@type\":\"BreadcrumbList\",\"@id\":\"https:\/\/aeronoticias.com.pe\/noticiero\/nacionales\/afirman-que-aerodromo-de-escuela-de-aviacion-en-chincha-sera-el-mas-moderno-del-pais\/#breadcrumb\",\"itemListElement\":[{\"@type\":\"ListItem\",\"position\":1,\"name\":\"Portada\",\"item\":\"https:\/\/aeronoticias.com.pe\/noticiero\/\"},{\"@type\":\"ListItem\",\"position\":2,\"name\":\"Afirman que Aer\u00f3dromo de Escuela de Aviaci\u00f3n en Chincha ser\u00e1 el m\u00e1s moderno del pa\u00eds\"}]},{\"@type\":\"WebSite\",\"@id\":\"https:\/\/aeronoticias.com.pe\/noticiero\/#website\",\"url\":\"https:\/\/aeronoticias.com.pe\/noticiero\/\",\"name\":\"Aeronoticias.com.pe\",\"description\":\"Noticias de tranporte aereo, turismo, hoteles, gastronomia, actualidad, internacional\",\"potentialAction\":[{\"@type\":\"SearchAction\",\"target\":{\"@type\":\"EntryPoint\",\"urlTemplate\":\"https:\/\/aeronoticias.com.pe\/noticiero\/?s={search_term_string}\"},\"query-input\":{\"@type\":\"PropertyValueSpecification\",\"valueRequired\":true,\"valueName\":\"search_term_string\"}}],\"inLanguage\":\"es\"},{\"@type\":\"Person\",\"@id\":\"https:\/\/aeronoticias.com.pe\/noticiero\/#\/schema\/person\/fc1e5d578f4b62ba1cf7ac2bba1170a0\",\"name\":\"Redacci\u00f3n Aeronoticias\",\"url\":\"https:\/\/aeronoticias.com.pe\/noticiero\/author\/piloto\/\"}]}<\/script>\n<!-- \/ Yoast SEO plugin. -->","yoast_head_json":{"title":"Afirman que Aer\u00f3dromo de Escuela de Aviaci\u00f3n en Chincha ser\u00e1 el m\u00e1s moderno del pa\u00eds","description":"Portal de noticias del Per\u00fa sobre el transporte a\u00e9reo, aviaci\u00f3n, turismo, hoteleria, actualidad.","robots":{"index":"index","follow":"follow","max-snippet":"max-snippet:-1","max-image-preview":"max-image-preview:large","max-video-preview":"max-video-preview:-1"},"canonical":"https:\/\/aeronoticias.com.pe\/noticiero\/nacionales\/afirman-que-aerodromo-de-escuela-de-aviacion-en-chincha-sera-el-mas-moderno-del-pais\/","og_locale":"es_ES","og_type":"article","og_title":"Afirman que Aer\u00f3dromo de Escuela de Aviaci\u00f3n en Chincha ser\u00e1 el m\u00e1s moderno del pa\u00eds","og_description":"Portal de noticias del Per\u00fa sobre el transporte a\u00e9reo, aviaci\u00f3n, turismo, hoteleria, actualidad.","og_url":"https:\/\/aeronoticias.com.pe\/noticiero\/nacionales\/afirman-que-aerodromo-de-escuela-de-aviacion-en-chincha-sera-el-mas-moderno-del-pais\/","og_site_name":"Aeronoticias.com.pe","article_publisher":"https:\/\/www.facebook.com\/Aeronoticias.com.pe\/","article_published_time":"2010-05-28T15:28:52+00:00","author":"Redacci\u00f3n Aeronoticias","twitter_card":"summary_large_image","twitter_creator":"@aeronoticias","twitter_site":"@aeronoticias","twitter_misc":{"Escrito por":"Redacci\u00f3n Aeronoticias","Tiempo de lectura":"3 minutos"},"schema":{"@context":"https:\/\/schema.org","@graph":[{"@type":"WebPage","@id":"https:\/\/aeronoticias.com.pe\/noticiero\/nacionales\/afirman-que-aerodromo-de-escuela-de-aviacion-en-chincha-sera-el-mas-moderno-del-pais\/","url":"https:\/\/aeronoticias.com.pe\/noticiero\/nacionales\/afirman-que-aerodromo-de-escuela-de-aviacion-en-chincha-sera-el-mas-moderno-del-pais\/","name":"Afirman que Aer\u00f3dromo de Escuela de Aviaci\u00f3n en Chincha ser\u00e1 el m\u00e1s moderno del pa\u00eds","isPartOf":{"@id":"https:\/\/aeronoticias.com.pe\/noticiero\/#website"},"datePublished":"2010-05-28T15:28:52+00:00","author":{"@id":"https:\/\/aeronoticias.com.pe\/noticiero\/#\/schema\/person\/fc1e5d578f4b62ba1cf7ac2bba1170a0"},"description":"Portal de noticias del Per\u00fa sobre el transporte a\u00e9reo, aviaci\u00f3n, turismo, hoteleria, actualidad.","breadcrumb":{"@id":"https:\/\/aeronoticias.com.pe\/noticiero\/nacionales\/afirman-que-aerodromo-de-escuela-de-aviacion-en-chincha-sera-el-mas-moderno-del-pais\/#breadcrumb"},"inLanguage":"es","potentialAction":[{"@type":"ReadAction","target":["https:\/\/aeronoticias.com.pe\/noticiero\/nacionales\/afirman-que-aerodromo-de-escuela-de-aviacion-en-chincha-sera-el-mas-moderno-del-pais\/"]}]},{"@type":"BreadcrumbList","@id":"https:\/\/aeronoticias.com.pe\/noticiero\/nacionales\/afirman-que-aerodromo-de-escuela-de-aviacion-en-chincha-sera-el-mas-moderno-del-pais\/#breadcrumb","itemListElement":[{"@type":"ListItem","position":1,"name":"Portada","item":"https:\/\/aeronoticias.com.pe\/noticiero\/"},{"@type":"ListItem","position":2,"name":"Afirman que Aer\u00f3dromo de Escuela de Aviaci\u00f3n en Chincha ser\u00e1 el m\u00e1s moderno del pa\u00eds"}]},{"@type":"WebSite","@id":"https:\/\/aeronoticias.com.pe\/noticiero\/#website","url":"https:\/\/aeronoticias.com.pe\/noticiero\/","name":"Aeronoticias.com.pe","description":"Noticias de tranporte aereo, turismo, hoteles, gastronomia, actualidad, internacional","potentialAction":[{"@type":"SearchAction","target":{"@type":"EntryPoint","urlTemplate":"https:\/\/aeronoticias.com.pe\/noticiero\/?s={search_term_string}"},"query-input":{"@type":"PropertyValueSpecification","valueRequired":true,"valueName":"search_term_string"}}],"inLanguage":"es"},{"@type":"Person","@id":"https:\/\/aeronoticias.com.pe\/noticiero\/#\/schema\/person\/fc1e5d578f4b62ba1cf7ac2bba1170a0","name":"Redacci\u00f3n Aeronoticias","url":"https:\/\/aeronoticias.com.pe\/noticiero\/author\/piloto\/"}]}},"_links":{"self":[{"href":"https:\/\/aeronoticias.com.pe\/noticiero\/wp-json\/wp\/v2\/posts\/10934","targetHints":{"allow":["GET"]}}],"collection":[{"href":"https:\/\/aeronoticias.com.pe\/noticiero\/wp-json\/wp\/v2\/posts"}],"about":[{"href":"https:\/\/aeronoticias.com.pe\/noticiero\/wp-json\/wp\/v2\/types\/post"}],"author":[{"embeddable":true,"href":"https:\/\/aeronoticias.com.pe\/noticiero\/wp-json\/wp\/v2\/users\/1"}],"replies":[{"embeddable":true,"href":"https:\/\/aeronoticias.com.pe\/noticiero\/wp-json\/wp\/v2\/comments?post=10934"}],"version-history":[{"count":0,"href":"https:\/\/aeronoticias.com.pe\/noticiero\/wp-json\/wp\/v2\/posts\/10934\/revisions"}],"wp:attachment":[{"href":"https:\/\/aeronoticias.com.pe\/noticiero\/wp-json\/wp\/v2\/media?parent=10934"}],"wp:term":[{"taxonomy":"category","embeddable":true,"href":"https:\/\/aeronoticias.com.pe\/noticiero\/wp-json\/wp\/v2\/categories?post=10934"},{"taxonomy":"post_tag","embeddable":true,"href":"https:\/\/aeronoticias.com.pe\/noticiero\/wp-json\/wp\/v2\/tags?post=10934"}],"curies":[{"name":"wp","href":"https:\/\/api.w.org\/{rel}","templated":true}]}}