{"id":10935,"date":"2010-05-28T15:44:07","date_gmt":"2010-05-28T15:44:07","guid":{"rendered":"http:\/\/desarrollo.mcvicious.com\/aero2020\/2010\/05\/28\/sociedad-se-comporta-como-terrorista-en-el-caso-lori-berenson\/"},"modified":"2010-05-28T15:44:07","modified_gmt":"2010-05-28T15:44:07","slug":"sociedad-se-comporta-como-terrorista-en-el-caso-lori-berenson","status":"publish","type":"post","link":"https:\/\/aeronoticias.com.pe\/noticiero\/ultimas\/1\/sociedad-se-comporta-como-terrorista-en-el-caso-lori-berenson\/","title":{"rendered":"Sociedad se comporta como terrorista en el caso Lori Berenson"},"content":{"rendered":"<p align=\"justify\">(Aeronoticias).- El show medi\u00e1tico que se viene desplegando en los canales de televisi\u00f3n y otros medios de comunicaci\u00f3n con relaci\u00f3n al caso de Lori Berenson, adem\u00e1s del penoso pronunciamiento de l\u00edderes nacionales como Lourdes Flores Nano debe llamarnos a la reflexi\u00f3n.<\/p>\n<p align=\"justify\">Resulta inaceptable que se est\u00e9n exacerbando los \u00e1nimos de los vecinos miraflorinos por la presencia de esta condenada por terrorismo que acompa\u00f1ada por su hijo de nacionalidad peruana, est\u00e1 cumpliendo un mandato judicial.   <\/p>\n<p style=\"text-align: center\"><img decoding=\"async\" src=\"images\/stories\/10\/05\/280510\/lori.jpg\" border=\"0\" alt=\"Sociedad se comporta como terrorista en el caso Lori Berenson\" title=\"Sociedad se comporta como terrorista en el caso Lori Berenson\" \/><\/p>\n<p> <!--more--> <\/p>\n<p align=\"justify\">Quienes aconsejan que se expulse del pa\u00eds a Berenson le estar\u00edan haciendo un favor ya que se ir\u00eda a los Estados Unidos. Y los que opinan que se podr\u00eda ir sin su hijo estar\u00edan siguiendo el comportamiento migratorio del gobierno de los Estados Unidos que separa a muchas familias, no pretendamos que el Per\u00fa siga un mal ejemplo.<\/p>\n<p>La sociedad peruana fue v\u00edctima del terrorismo demencial de Sendero Luminoso y del MRTA, 30 mil muertos e igual n\u00fameros de familias nos recuerdan hechos perversos y graves de nuestra historia que no debemos olvidar, sin embargo la sociedad peruana no puede reaccionar con intolerancia, frente al caso de Berenson, en raz\u00f3n a que lo que nos separa precisamente del pensamiento terrorista es el orden jur\u00eddico, la verdad y el respeto a las normas y en este caso la liberaci\u00f3n de Lori Berenson se ha hecho de acuerdo a ley y acatando un mandato judicial, ella est\u00e1 cumpliendo con las reglas impuestas.<\/p>\n<p>Que el alcalde de Miraflores, Manuel Mas\u00edas pida al Juez que le busquen otro domicilio o que Lourdes Flores pidan que la expulsen del pa\u00eds nos muestra que algunos pol\u00edticos que quieren ser l\u00edderes pierden la perspectiva, ya que quien viene cumpliendo su condena por los da\u00f1os que le origin\u00f3 la sociedad peruana, no puede recibir un linchamiento p\u00fablico que es lo que se est\u00e1 gestando dentro de un contexto en donde la jurisprudencia de la Corte Interamericana de Derechos Humanos deber\u00eda ser difundida ya que repudiamos el terrorismo genocida, pero tambi\u00e9n repudiamos a aquellos grupos sociales que quieren convertirse en terroristas medi\u00e1ticos dentro de un contexto en donde lo que necesitamos es paz y en todo caso quien cumple su condena est\u00e1 pagando sus culpas, lo dem\u00e1s es algo parecido a un psicosocial que afecta a un inocente, en este caso a un ni\u00f1o que tiene derecho a ser feliz y es ajeno a la discriminaci\u00f3n que una sociedad le lanza porque su madre hace m\u00e1s de 15 a\u00f1os equivoc\u00f3 el camino y fue parte de una banda terrorista sangrienta el MRTA que azot\u00f3 el pa\u00eds.<\/p>\n<p>Aeronoticias considera que respetos guardan respetos, Lori Berenson est\u00e1 cumpliendo su condena y suponemos ya ha entendido su lecci\u00f3n, la sociedad y los medios de comunicaci\u00f3n no pueden ser parte de un linchamiento medi\u00e1tico y la intolerancia de algunos l\u00edderes aconsejando su expulsi\u00f3n no responde a la jurisprudencia del Tribunal Constitucional que dice que los seres humanos tienen derechos y eso es lo que nos diferencia del terrorismo, es por ello que la sociedad no tiene que convertirse en terrorista y desconocer los derechos constitucionales, inclusive de aquellos que han tenido un comportamiento antisocial repudiado por la historia y condenado con penas efectivas por la justicia peruana.      <\/p>\n<p><\/p>\n<p style=\"text-align: center\">\u00a0<\/p>\n<param name=\"width\" value=\"400\" \/><param name=\"height\" value=\"325\" \/><param name=\"src\" value=\"http:\/\/www.youtube.com\/v\/jBtW7lQtsSY&#038;hl=es&#038;fs=1\" \/>\n<p>\u00a0<\/p>\n<p>\u00a0<\/p>\n<p>\u00a0<\/p>\n","protected":false},"excerpt":{"rendered":"<p>(Aeronoticias).- El show medi\u00e1tico que se viene desplegando en los canales de televisi\u00f3n y otros medios de comunicaci\u00f3n con relaci\u00f3n al caso de Lori Berenson, adem\u00e1s del penoso pronunciamiento de l\u00edderes nacionales como Lourdes Flores Nano debe llamarnos a la reflexi\u00f3n. Resulta inaceptable que se est\u00e9n exacerbando los \u00e1nimos de los vecinos miraflorinos por la [&hellip;]<\/p>\n","protected":false},"author":1,"featured_media":0,"comment_status":"open","ping_status":"open","sticky":false,"template":"","format":"standard","meta":{"tdm_status":"","tdm_grid_status":"","footnotes":""},"categories":[30],"tags":[],"class_list":{"0":"post-10935","1":"post","2":"type-post","3":"status-publish","4":"format-standard","6":"category-30"},"yoast_head":"<!-- This site is optimized with the Yoast SEO plugin v25.1 - https:\/\/yoast.com\/wordpress\/plugins\/seo\/ -->\n<title>Sociedad se comporta como terrorista en el caso Lori Berenson<\/title>\n<meta name=\"description\" content=\"Portal de noticias del Per\u00fa sobre el transporte a\u00e9reo, aviaci\u00f3n, turismo, hoteleria, actualidad.\" \/>\n<meta name=\"robots\" content=\"index, follow, max-snippet:-1, max-image-preview:large, max-video-preview:-1\" \/>\n<link rel=\"canonical\" href=\"https:\/\/aeronoticias.com.pe\/noticiero\/ultimas\/1\/sociedad-se-comporta-como-terrorista-en-el-caso-lori-berenson\/\" \/>\n<meta property=\"og:locale\" content=\"es_ES\" \/>\n<meta property=\"og:type\" content=\"article\" \/>\n<meta property=\"og:title\" content=\"Sociedad se comporta como terrorista en el caso Lori Berenson\" \/>\n<meta property=\"og:description\" content=\"Portal de noticias del Per\u00fa sobre el transporte a\u00e9reo, aviaci\u00f3n, turismo, hoteleria, actualidad.\" \/>\n<meta property=\"og:url\" content=\"https:\/\/aeronoticias.com.pe\/noticiero\/ultimas\/1\/sociedad-se-comporta-como-terrorista-en-el-caso-lori-berenson\/\" \/>\n<meta property=\"og:site_name\" content=\"Aeronoticias.com.pe\" \/>\n<meta property=\"article:publisher\" content=\"https:\/\/www.facebook.com\/Aeronoticias.com.pe\/\" \/>\n<meta property=\"article:published_time\" content=\"2010-05-28T15:44:07+00:00\" \/>\n<meta name=\"author\" content=\"Redacci\u00f3n Aeronoticias\" \/>\n<meta name=\"twitter:card\" content=\"summary_large_image\" \/>\n<meta name=\"twitter:creator\" content=\"@aeronoticias\" \/>\n<meta name=\"twitter:site\" content=\"@aeronoticias\" \/>\n<meta name=\"twitter:label1\" content=\"Escrito por\" \/>\n\t<meta name=\"twitter:data1\" content=\"Redacci\u00f3n Aeronoticias\" \/>\n\t<meta name=\"twitter:label2\" content=\"Tiempo de lectura\" \/>\n\t<meta name=\"twitter:data2\" content=\"3 minutos\" \/>\n<script type=\"application\/ld+json\" class=\"yoast-schema-graph\">{\"@context\":\"https:\/\/schema.org\",\"@graph\":[{\"@type\":\"WebPage\",\"@id\":\"https:\/\/aeronoticias.com.pe\/noticiero\/ultimas\/1\/sociedad-se-comporta-como-terrorista-en-el-caso-lori-berenson\/\",\"url\":\"https:\/\/aeronoticias.com.pe\/noticiero\/ultimas\/1\/sociedad-se-comporta-como-terrorista-en-el-caso-lori-berenson\/\",\"name\":\"Sociedad se comporta como terrorista en el caso Lori Berenson\",\"isPartOf\":{\"@id\":\"https:\/\/aeronoticias.com.pe\/noticiero\/#website\"},\"datePublished\":\"2010-05-28T15:44:07+00:00\",\"author\":{\"@id\":\"https:\/\/aeronoticias.com.pe\/noticiero\/#\/schema\/person\/fc1e5d578f4b62ba1cf7ac2bba1170a0\"},\"description\":\"Portal de noticias del Per\u00fa sobre el transporte a\u00e9reo, aviaci\u00f3n, turismo, hoteleria, actualidad.\",\"breadcrumb\":{\"@id\":\"https:\/\/aeronoticias.com.pe\/noticiero\/ultimas\/1\/sociedad-se-comporta-como-terrorista-en-el-caso-lori-berenson\/#breadcrumb\"},\"inLanguage\":\"es\",\"potentialAction\":[{\"@type\":\"ReadAction\",\"target\":[\"https:\/\/aeronoticias.com.pe\/noticiero\/ultimas\/1\/sociedad-se-comporta-como-terrorista-en-el-caso-lori-berenson\/\"]}]},{\"@type\":\"BreadcrumbList\",\"@id\":\"https:\/\/aeronoticias.com.pe\/noticiero\/ultimas\/1\/sociedad-se-comporta-como-terrorista-en-el-caso-lori-berenson\/#breadcrumb\",\"itemListElement\":[{\"@type\":\"ListItem\",\"position\":1,\"name\":\"Portada\",\"item\":\"https:\/\/aeronoticias.com.pe\/noticiero\/\"},{\"@type\":\"ListItem\",\"position\":2,\"name\":\"Sociedad se comporta como terrorista en el caso Lori Berenson\"}]},{\"@type\":\"WebSite\",\"@id\":\"https:\/\/aeronoticias.com.pe\/noticiero\/#website\",\"url\":\"https:\/\/aeronoticias.com.pe\/noticiero\/\",\"name\":\"Aeronoticias.com.pe\",\"description\":\"Noticias de tranporte aereo, turismo, hoteles, gastronomia, actualidad, internacional\",\"potentialAction\":[{\"@type\":\"SearchAction\",\"target\":{\"@type\":\"EntryPoint\",\"urlTemplate\":\"https:\/\/aeronoticias.com.pe\/noticiero\/?s={search_term_string}\"},\"query-input\":{\"@type\":\"PropertyValueSpecification\",\"valueRequired\":true,\"valueName\":\"search_term_string\"}}],\"inLanguage\":\"es\"},{\"@type\":\"Person\",\"@id\":\"https:\/\/aeronoticias.com.pe\/noticiero\/#\/schema\/person\/fc1e5d578f4b62ba1cf7ac2bba1170a0\",\"name\":\"Redacci\u00f3n Aeronoticias\",\"url\":\"https:\/\/aeronoticias.com.pe\/noticiero\/author\/piloto\/\"}]}<\/script>\n<!-- \/ Yoast SEO plugin. -->","yoast_head_json":{"title":"Sociedad se comporta como terrorista en el caso Lori Berenson","description":"Portal de noticias del Per\u00fa sobre el transporte a\u00e9reo, aviaci\u00f3n, turismo, hoteleria, actualidad.","robots":{"index":"index","follow":"follow","max-snippet":"max-snippet:-1","max-image-preview":"max-image-preview:large","max-video-preview":"max-video-preview:-1"},"canonical":"https:\/\/aeronoticias.com.pe\/noticiero\/ultimas\/1\/sociedad-se-comporta-como-terrorista-en-el-caso-lori-berenson\/","og_locale":"es_ES","og_type":"article","og_title":"Sociedad se comporta como terrorista en el caso Lori Berenson","og_description":"Portal de noticias del Per\u00fa sobre el transporte a\u00e9reo, aviaci\u00f3n, turismo, hoteleria, actualidad.","og_url":"https:\/\/aeronoticias.com.pe\/noticiero\/ultimas\/1\/sociedad-se-comporta-como-terrorista-en-el-caso-lori-berenson\/","og_site_name":"Aeronoticias.com.pe","article_publisher":"https:\/\/www.facebook.com\/Aeronoticias.com.pe\/","article_published_time":"2010-05-28T15:44:07+00:00","author":"Redacci\u00f3n Aeronoticias","twitter_card":"summary_large_image","twitter_creator":"@aeronoticias","twitter_site":"@aeronoticias","twitter_misc":{"Escrito por":"Redacci\u00f3n Aeronoticias","Tiempo de lectura":"3 minutos"},"schema":{"@context":"https:\/\/schema.org","@graph":[{"@type":"WebPage","@id":"https:\/\/aeronoticias.com.pe\/noticiero\/ultimas\/1\/sociedad-se-comporta-como-terrorista-en-el-caso-lori-berenson\/","url":"https:\/\/aeronoticias.com.pe\/noticiero\/ultimas\/1\/sociedad-se-comporta-como-terrorista-en-el-caso-lori-berenson\/","name":"Sociedad se comporta como terrorista en el caso Lori Berenson","isPartOf":{"@id":"https:\/\/aeronoticias.com.pe\/noticiero\/#website"},"datePublished":"2010-05-28T15:44:07+00:00","author":{"@id":"https:\/\/aeronoticias.com.pe\/noticiero\/#\/schema\/person\/fc1e5d578f4b62ba1cf7ac2bba1170a0"},"description":"Portal de noticias del Per\u00fa sobre el transporte a\u00e9reo, aviaci\u00f3n, turismo, hoteleria, actualidad.","breadcrumb":{"@id":"https:\/\/aeronoticias.com.pe\/noticiero\/ultimas\/1\/sociedad-se-comporta-como-terrorista-en-el-caso-lori-berenson\/#breadcrumb"},"inLanguage":"es","potentialAction":[{"@type":"ReadAction","target":["https:\/\/aeronoticias.com.pe\/noticiero\/ultimas\/1\/sociedad-se-comporta-como-terrorista-en-el-caso-lori-berenson\/"]}]},{"@type":"BreadcrumbList","@id":"https:\/\/aeronoticias.com.pe\/noticiero\/ultimas\/1\/sociedad-se-comporta-como-terrorista-en-el-caso-lori-berenson\/#breadcrumb","itemListElement":[{"@type":"ListItem","position":1,"name":"Portada","item":"https:\/\/aeronoticias.com.pe\/noticiero\/"},{"@type":"ListItem","position":2,"name":"Sociedad se comporta como terrorista en el caso Lori Berenson"}]},{"@type":"WebSite","@id":"https:\/\/aeronoticias.com.pe\/noticiero\/#website","url":"https:\/\/aeronoticias.com.pe\/noticiero\/","name":"Aeronoticias.com.pe","description":"Noticias de tranporte aereo, turismo, hoteles, gastronomia, actualidad, internacional","potentialAction":[{"@type":"SearchAction","target":{"@type":"EntryPoint","urlTemplate":"https:\/\/aeronoticias.com.pe\/noticiero\/?s={search_term_string}"},"query-input":{"@type":"PropertyValueSpecification","valueRequired":true,"valueName":"search_term_string"}}],"inLanguage":"es"},{"@type":"Person","@id":"https:\/\/aeronoticias.com.pe\/noticiero\/#\/schema\/person\/fc1e5d578f4b62ba1cf7ac2bba1170a0","name":"Redacci\u00f3n Aeronoticias","url":"https:\/\/aeronoticias.com.pe\/noticiero\/author\/piloto\/"}]}},"_links":{"self":[{"href":"https:\/\/aeronoticias.com.pe\/noticiero\/wp-json\/wp\/v2\/posts\/10935","targetHints":{"allow":["GET"]}}],"collection":[{"href":"https:\/\/aeronoticias.com.pe\/noticiero\/wp-json\/wp\/v2\/posts"}],"about":[{"href":"https:\/\/aeronoticias.com.pe\/noticiero\/wp-json\/wp\/v2\/types\/post"}],"author":[{"embeddable":true,"href":"https:\/\/aeronoticias.com.pe\/noticiero\/wp-json\/wp\/v2\/users\/1"}],"replies":[{"embeddable":true,"href":"https:\/\/aeronoticias.com.pe\/noticiero\/wp-json\/wp\/v2\/comments?post=10935"}],"version-history":[{"count":0,"href":"https:\/\/aeronoticias.com.pe\/noticiero\/wp-json\/wp\/v2\/posts\/10935\/revisions"}],"wp:attachment":[{"href":"https:\/\/aeronoticias.com.pe\/noticiero\/wp-json\/wp\/v2\/media?parent=10935"}],"wp:term":[{"taxonomy":"category","embeddable":true,"href":"https:\/\/aeronoticias.com.pe\/noticiero\/wp-json\/wp\/v2\/categories?post=10935"},{"taxonomy":"post_tag","embeddable":true,"href":"https:\/\/aeronoticias.com.pe\/noticiero\/wp-json\/wp\/v2\/tags?post=10935"}],"curies":[{"name":"wp","href":"https:\/\/api.w.org\/{rel}","templated":true}]}}