{"id":11257,"date":"2010-06-17T14:01:54","date_gmt":"2010-06-17T14:01:54","guid":{"rendered":"http:\/\/desarrollo.mcvicious.com\/aero2020\/2010\/06\/17\/miraflores-puede-convertirse-en-el-distrito-gastronomico-de-latinoamerica-afirmo-reconocido-chef-espanol\/"},"modified":"2010-06-17T14:01:54","modified_gmt":"2010-06-17T14:01:54","slug":"miraflores-puede-convertirse-en-el-distrito-gastronomico-de-latinoamerica-afirmo-reconocido-chef-espanol","status":"publish","type":"post","link":"https:\/\/aeronoticias.com.pe\/noticiero\/turismo\/13\/miraflores-puede-convertirse-en-el-distrito-gastronomico-de-latinoamerica-afirmo-reconocido-chef-espanol\/","title":{"rendered":"Afirman que Miraflores puede convertirse en el distrito Gastron\u00f3mico de Latinoam\u00e9rica"},"content":{"rendered":"<div align=\"justify\"><strong>(Aeronoticias)<\/strong> El reconocido chef espa\u00f1ol Koldo Royo afirm\u00f3 el d\u00eda de ayer que el distrito de Miraflores puede convertirse en el distrito Gastron\u00f3mico de Latinoam\u00e9rica ya que re\u00fane todos los requisitos para serlo. <\/p>\n<p>Seg\u00fan declaraciones dadas por el chef Koldo en la presentaci\u00f3n \u00abCebiche the night\u00bb, \u201cMiraflores posee un gran potencial gastron\u00f3mico al contar con restaurantes de calidad en sus respectivos hoteles donde te ofrecen diversos banquetes, adem\u00e1s andando por sus calles ofrecen al turista un abanico de comidas de calidad desde el sitio m\u00e1s humilde hasta el m\u00e1s sofisticado. Asimismo fomenta el amor por la cocina al tener tantas escuelas de cocina\u201d<\/p><\/div>\n<div align=\"justify\">\u00a0<\/p>\n<div style=\"text-align: center\"><img loading=\"lazy\" decoding=\"async\" src=\"images\/stories\/10\/06\/170610\/koldo.jpg\" border=\"0\" alt=\"Afirman que Miraflores puede convertirse en el distrito Gastron\u00f3mico de Latinoam\u00e9rica\" title=\"Afirman que Miraflores puede convertirse en el distrito Gastron\u00f3mico de Latinoam\u00e9rica\" width=\"400\" height=\"274\" \/><\/div>\n<\/div>\n<div align=\"justify\">\u00a0<\/div>\n<div align=\"justify\">A\u00f1adi\u00f3 que \u201clo mas importante que tiene este distrito es el amor por la gastronom\u00eda peruana, ese amor a la cocina que tanto lo caracteriza, como el amor al servicio, porque cuenta con camareros y meseros atentos\u201d.<\/p>\n<p>Koldo Royo se\u00f1al\u00f3 \u201cesto deben tenerlo en cuenta, agarrarlo y defenderlo con sangre y espadas. Per\u00fa tiene un abanico tan importante en su comida por las regiones que posee y por ser tan diferenciadas en su cocina, la personalidad que cada una muestra es incre\u00edble para el paladar\u201d.<\/p>\n<p>\u201cCebiche in the night\u201d\u00a0 es organizado por el Grupo Gastron\u00f3mico que busca impulsar\u00a0 que los restaurantes de comida marina comiencen a ofrecer nuestros productos hidrobiol\u00f3gicos tambi\u00e9n durante la noche.<\/p>\n<p>\u201cEsta iniciativa es algo que debi\u00f3 iniciarse hace tiempo, pero es una gran salto, porque es algo muy normal comer pescado fresco y sano por las noches\u201d.<\/p>\n<p>Agreg\u00f3 adem\u00e1s que \u201cpor ejemplo en Espa\u00f1a se come pescado a cualquier hora y hoy en d\u00eda no hay excusa para comerlo, tenemos c\u00e1maras frigor\u00edficas, contamos con todo para que el pescado este magn\u00edficamente cuidado para comerlo en la ma\u00f1ana, tarde o noche\u201d.<\/p>\n<p>El chef espa\u00f1ol dijo tambi\u00e9n que esta iniciativa es una oportunidad de abrir el mercado y de hacer que la gente ande m\u00e1s por las calles en la noche. \u201cAs\u00ed se estimula al caminante\u201d.<\/p><\/div>\n<div align=\"justify\">\u00a0<\/div>\n<div align=\"justify\"><strong>Aeronoticias <\/strong>considera que Miraflores tiene mucho potencial gastron\u00f3minico para llegar a ser el distrito Gastron\u00f3mico de Lationoam\u00e9rica, ya que es el distrito que m\u00e1s atrae a los turistas por el mar, los hoteles, restaurantes y la exquisita comida. <\/div>\n<div align=\"justify\">\u00a0 <\/div>\n","protected":false},"excerpt":{"rendered":"<p>(Aeronoticias) El reconocido chef espa\u00f1ol Koldo Royo afirm\u00f3 el d\u00eda de ayer que el distrito de Miraflores puede convertirse en el distrito Gastron\u00f3mico de Latinoam\u00e9rica ya que re\u00fane todos los requisitos para serlo. Seg\u00fan declaraciones dadas por el chef Koldo en la presentaci\u00f3n \u00abCebiche the night\u00bb, \u201cMiraflores posee un gran potencial gastron\u00f3mico al contar con [&hellip;]<\/p>\n","protected":false},"author":1,"featured_media":0,"comment_status":"open","ping_status":"open","sticky":false,"template":"","format":"standard","meta":{"tdm_status":"","tdm_grid_status":"","footnotes":""},"categories":[31],"tags":[],"class_list":{"0":"post-11257","1":"post","2":"type-post","3":"status-publish","4":"format-standard","6":"category-31"},"yoast_head":"<!-- This site is optimized with the Yoast SEO plugin v25.1 - https:\/\/yoast.com\/wordpress\/plugins\/seo\/ -->\n<title>Afirman que Miraflores puede convertirse en el distrito Gastron\u00f3mico de Latinoam\u00e9rica<\/title>\n<meta name=\"description\" content=\"Portal de noticias del Per\u00fa sobre el transporte a\u00e9reo, aviaci\u00f3n, turismo, hoteleria, actualidad.\" \/>\n<meta name=\"robots\" content=\"index, follow, max-snippet:-1, max-image-preview:large, max-video-preview:-1\" \/>\n<link rel=\"canonical\" href=\"https:\/\/aeronoticias.com.pe\/noticiero\/turismo\/13\/miraflores-puede-convertirse-en-el-distrito-gastronomico-de-latinoamerica-afirmo-reconocido-chef-espanol\/\" \/>\n<meta property=\"og:locale\" content=\"es_ES\" \/>\n<meta property=\"og:type\" content=\"article\" \/>\n<meta property=\"og:title\" content=\"Afirman que Miraflores puede convertirse en el distrito Gastron\u00f3mico de Latinoam\u00e9rica\" \/>\n<meta property=\"og:description\" content=\"Portal de noticias del Per\u00fa sobre el transporte a\u00e9reo, aviaci\u00f3n, turismo, hoteleria, actualidad.\" \/>\n<meta property=\"og:url\" content=\"https:\/\/aeronoticias.com.pe\/noticiero\/turismo\/13\/miraflores-puede-convertirse-en-el-distrito-gastronomico-de-latinoamerica-afirmo-reconocido-chef-espanol\/\" \/>\n<meta property=\"og:site_name\" content=\"Aeronoticias.com.pe\" \/>\n<meta property=\"article:publisher\" content=\"https:\/\/www.facebook.com\/Aeronoticias.com.pe\/\" \/>\n<meta property=\"article:published_time\" content=\"2010-06-17T14:01:54+00:00\" \/>\n<meta name=\"author\" content=\"Redacci\u00f3n Aeronoticias\" \/>\n<meta name=\"twitter:card\" content=\"summary_large_image\" \/>\n<meta name=\"twitter:creator\" content=\"@aeronoticias\" \/>\n<meta name=\"twitter:site\" content=\"@aeronoticias\" \/>\n<meta name=\"twitter:label1\" content=\"Escrito por\" \/>\n\t<meta name=\"twitter:data1\" content=\"Redacci\u00f3n Aeronoticias\" \/>\n\t<meta name=\"twitter:label2\" content=\"Tiempo de lectura\" \/>\n\t<meta name=\"twitter:data2\" content=\"2 minutos\" \/>\n<script type=\"application\/ld+json\" class=\"yoast-schema-graph\">{\"@context\":\"https:\/\/schema.org\",\"@graph\":[{\"@type\":\"WebPage\",\"@id\":\"https:\/\/aeronoticias.com.pe\/noticiero\/turismo\/13\/miraflores-puede-convertirse-en-el-distrito-gastronomico-de-latinoamerica-afirmo-reconocido-chef-espanol\/\",\"url\":\"https:\/\/aeronoticias.com.pe\/noticiero\/turismo\/13\/miraflores-puede-convertirse-en-el-distrito-gastronomico-de-latinoamerica-afirmo-reconocido-chef-espanol\/\",\"name\":\"Afirman que Miraflores puede convertirse en el distrito Gastron\u00f3mico de Latinoam\u00e9rica\",\"isPartOf\":{\"@id\":\"https:\/\/aeronoticias.com.pe\/noticiero\/#website\"},\"datePublished\":\"2010-06-17T14:01:54+00:00\",\"author\":{\"@id\":\"https:\/\/aeronoticias.com.pe\/noticiero\/#\/schema\/person\/fc1e5d578f4b62ba1cf7ac2bba1170a0\"},\"description\":\"Portal de noticias del Per\u00fa sobre el transporte a\u00e9reo, aviaci\u00f3n, turismo, hoteleria, actualidad.\",\"breadcrumb\":{\"@id\":\"https:\/\/aeronoticias.com.pe\/noticiero\/turismo\/13\/miraflores-puede-convertirse-en-el-distrito-gastronomico-de-latinoamerica-afirmo-reconocido-chef-espanol\/#breadcrumb\"},\"inLanguage\":\"es\",\"potentialAction\":[{\"@type\":\"ReadAction\",\"target\":[\"https:\/\/aeronoticias.com.pe\/noticiero\/turismo\/13\/miraflores-puede-convertirse-en-el-distrito-gastronomico-de-latinoamerica-afirmo-reconocido-chef-espanol\/\"]}]},{\"@type\":\"BreadcrumbList\",\"@id\":\"https:\/\/aeronoticias.com.pe\/noticiero\/turismo\/13\/miraflores-puede-convertirse-en-el-distrito-gastronomico-de-latinoamerica-afirmo-reconocido-chef-espanol\/#breadcrumb\",\"itemListElement\":[{\"@type\":\"ListItem\",\"position\":1,\"name\":\"Portada\",\"item\":\"https:\/\/aeronoticias.com.pe\/noticiero\/\"},{\"@type\":\"ListItem\",\"position\":2,\"name\":\"Afirman que Miraflores puede convertirse en el distrito Gastron\u00f3mico de Latinoam\u00e9rica\"}]},{\"@type\":\"WebSite\",\"@id\":\"https:\/\/aeronoticias.com.pe\/noticiero\/#website\",\"url\":\"https:\/\/aeronoticias.com.pe\/noticiero\/\",\"name\":\"Aeronoticias.com.pe\",\"description\":\"Noticias de tranporte aereo, turismo, hoteles, gastronomia, actualidad, internacional\",\"potentialAction\":[{\"@type\":\"SearchAction\",\"target\":{\"@type\":\"EntryPoint\",\"urlTemplate\":\"https:\/\/aeronoticias.com.pe\/noticiero\/?s={search_term_string}\"},\"query-input\":{\"@type\":\"PropertyValueSpecification\",\"valueRequired\":true,\"valueName\":\"search_term_string\"}}],\"inLanguage\":\"es\"},{\"@type\":\"Person\",\"@id\":\"https:\/\/aeronoticias.com.pe\/noticiero\/#\/schema\/person\/fc1e5d578f4b62ba1cf7ac2bba1170a0\",\"name\":\"Redacci\u00f3n Aeronoticias\",\"url\":\"https:\/\/aeronoticias.com.pe\/noticiero\/author\/piloto\/\"}]}<\/script>\n<!-- \/ Yoast SEO plugin. -->","yoast_head_json":{"title":"Afirman que Miraflores puede convertirse en el distrito Gastron\u00f3mico de Latinoam\u00e9rica","description":"Portal de noticias del Per\u00fa sobre el transporte a\u00e9reo, aviaci\u00f3n, turismo, hoteleria, actualidad.","robots":{"index":"index","follow":"follow","max-snippet":"max-snippet:-1","max-image-preview":"max-image-preview:large","max-video-preview":"max-video-preview:-1"},"canonical":"https:\/\/aeronoticias.com.pe\/noticiero\/turismo\/13\/miraflores-puede-convertirse-en-el-distrito-gastronomico-de-latinoamerica-afirmo-reconocido-chef-espanol\/","og_locale":"es_ES","og_type":"article","og_title":"Afirman que Miraflores puede convertirse en el distrito Gastron\u00f3mico de Latinoam\u00e9rica","og_description":"Portal de noticias del Per\u00fa sobre el transporte a\u00e9reo, aviaci\u00f3n, turismo, hoteleria, actualidad.","og_url":"https:\/\/aeronoticias.com.pe\/noticiero\/turismo\/13\/miraflores-puede-convertirse-en-el-distrito-gastronomico-de-latinoamerica-afirmo-reconocido-chef-espanol\/","og_site_name":"Aeronoticias.com.pe","article_publisher":"https:\/\/www.facebook.com\/Aeronoticias.com.pe\/","article_published_time":"2010-06-17T14:01:54+00:00","author":"Redacci\u00f3n Aeronoticias","twitter_card":"summary_large_image","twitter_creator":"@aeronoticias","twitter_site":"@aeronoticias","twitter_misc":{"Escrito por":"Redacci\u00f3n Aeronoticias","Tiempo de lectura":"2 minutos"},"schema":{"@context":"https:\/\/schema.org","@graph":[{"@type":"WebPage","@id":"https:\/\/aeronoticias.com.pe\/noticiero\/turismo\/13\/miraflores-puede-convertirse-en-el-distrito-gastronomico-de-latinoamerica-afirmo-reconocido-chef-espanol\/","url":"https:\/\/aeronoticias.com.pe\/noticiero\/turismo\/13\/miraflores-puede-convertirse-en-el-distrito-gastronomico-de-latinoamerica-afirmo-reconocido-chef-espanol\/","name":"Afirman que Miraflores puede convertirse en el distrito Gastron\u00f3mico de Latinoam\u00e9rica","isPartOf":{"@id":"https:\/\/aeronoticias.com.pe\/noticiero\/#website"},"datePublished":"2010-06-17T14:01:54+00:00","author":{"@id":"https:\/\/aeronoticias.com.pe\/noticiero\/#\/schema\/person\/fc1e5d578f4b62ba1cf7ac2bba1170a0"},"description":"Portal de noticias del Per\u00fa sobre el transporte a\u00e9reo, aviaci\u00f3n, turismo, hoteleria, actualidad.","breadcrumb":{"@id":"https:\/\/aeronoticias.com.pe\/noticiero\/turismo\/13\/miraflores-puede-convertirse-en-el-distrito-gastronomico-de-latinoamerica-afirmo-reconocido-chef-espanol\/#breadcrumb"},"inLanguage":"es","potentialAction":[{"@type":"ReadAction","target":["https:\/\/aeronoticias.com.pe\/noticiero\/turismo\/13\/miraflores-puede-convertirse-en-el-distrito-gastronomico-de-latinoamerica-afirmo-reconocido-chef-espanol\/"]}]},{"@type":"BreadcrumbList","@id":"https:\/\/aeronoticias.com.pe\/noticiero\/turismo\/13\/miraflores-puede-convertirse-en-el-distrito-gastronomico-de-latinoamerica-afirmo-reconocido-chef-espanol\/#breadcrumb","itemListElement":[{"@type":"ListItem","position":1,"name":"Portada","item":"https:\/\/aeronoticias.com.pe\/noticiero\/"},{"@type":"ListItem","position":2,"name":"Afirman que Miraflores puede convertirse en el distrito Gastron\u00f3mico de Latinoam\u00e9rica"}]},{"@type":"WebSite","@id":"https:\/\/aeronoticias.com.pe\/noticiero\/#website","url":"https:\/\/aeronoticias.com.pe\/noticiero\/","name":"Aeronoticias.com.pe","description":"Noticias de tranporte aereo, turismo, hoteles, gastronomia, actualidad, internacional","potentialAction":[{"@type":"SearchAction","target":{"@type":"EntryPoint","urlTemplate":"https:\/\/aeronoticias.com.pe\/noticiero\/?s={search_term_string}"},"query-input":{"@type":"PropertyValueSpecification","valueRequired":true,"valueName":"search_term_string"}}],"inLanguage":"es"},{"@type":"Person","@id":"https:\/\/aeronoticias.com.pe\/noticiero\/#\/schema\/person\/fc1e5d578f4b62ba1cf7ac2bba1170a0","name":"Redacci\u00f3n Aeronoticias","url":"https:\/\/aeronoticias.com.pe\/noticiero\/author\/piloto\/"}]}},"_links":{"self":[{"href":"https:\/\/aeronoticias.com.pe\/noticiero\/wp-json\/wp\/v2\/posts\/11257","targetHints":{"allow":["GET"]}}],"collection":[{"href":"https:\/\/aeronoticias.com.pe\/noticiero\/wp-json\/wp\/v2\/posts"}],"about":[{"href":"https:\/\/aeronoticias.com.pe\/noticiero\/wp-json\/wp\/v2\/types\/post"}],"author":[{"embeddable":true,"href":"https:\/\/aeronoticias.com.pe\/noticiero\/wp-json\/wp\/v2\/users\/1"}],"replies":[{"embeddable":true,"href":"https:\/\/aeronoticias.com.pe\/noticiero\/wp-json\/wp\/v2\/comments?post=11257"}],"version-history":[{"count":0,"href":"https:\/\/aeronoticias.com.pe\/noticiero\/wp-json\/wp\/v2\/posts\/11257\/revisions"}],"wp:attachment":[{"href":"https:\/\/aeronoticias.com.pe\/noticiero\/wp-json\/wp\/v2\/media?parent=11257"}],"wp:term":[{"taxonomy":"category","embeddable":true,"href":"https:\/\/aeronoticias.com.pe\/noticiero\/wp-json\/wp\/v2\/categories?post=11257"},{"taxonomy":"post_tag","embeddable":true,"href":"https:\/\/aeronoticias.com.pe\/noticiero\/wp-json\/wp\/v2\/tags?post=11257"}],"curies":[{"name":"wp","href":"https:\/\/api.w.org\/{rel}","templated":true}]}}