{"id":11258,"date":"2010-06-17T14:29:51","date_gmt":"2010-06-17T14:29:51","guid":{"rendered":"http:\/\/desarrollo.mcvicious.com\/aero2020\/2010\/06\/17\/alan-garcia-afirmo-que-su-reunion-con-lula-da-silva-fue-una-de-las-mas-productivas-e-intensas\/"},"modified":"2010-06-17T14:29:51","modified_gmt":"2010-06-17T14:29:51","slug":"alan-garcia-afirmo-que-su-reunion-con-lula-da-silva-fue-una-de-las-mas-productivas-e-intensas","status":"publish","type":"post","link":"https:\/\/aeronoticias.com.pe\/noticiero\/politica\/alan-garcia-afirmo-que-su-reunion-con-lula-da-silva-fue-una-de-las-mas-productivas-e-intensas\/","title":{"rendered":"Alan Garc\u00eda afirm\u00f3 que su reuni\u00f3n con Lula da Silva fue una de las m\u00e1s productivas e intensas"},"content":{"rendered":"<div align=\"justify\"><strong>(Aeronoticias)<\/strong> El presidente del Per\u00fa Alan Garc\u00eda P\u00e9rez y su hom\u00f3logo de Brasil, Luiz In\u00e1cio Lula da Silva, renovaron el compromiso de sus gobiernos de continuar fortaleciendo la integraci\u00f3n regional, tras la firma de una serie de acuerdos de cooperaci\u00f3n mutua. <\/p>\n<p>En conferencia de prensa conjunta desde Manaos, en Brasil, ambos presidentes coincidieron en la necesidad de concretar la integraci\u00f3n latinoamericana. <\/p>\n<p>El presidente Garc\u00eda afirm\u00f3, \u201cHa sido una de nuestras reuniones m\u00e1s productivas y m\u00e1s intensas porque hemos abordado temas muy concretos y porque tocamos problemas para resolver y favorecer de inmediato a nuestros pueblos\u201d.<\/p><\/div>\n<div align=\"justify\">\u00a0<\/p>\n<div style=\"text-align: center\"><img loading=\"lazy\" decoding=\"async\" src=\"images\/stories\/10\/06\/170610\/garciaylula.jpg\" border=\"0\" alt=\"Alan Garc\u00eda afirm\u00f3 que su reuni\u00f3n con Lula da Silva fue una de las m\u00e1s productivas e intensas\" title=\"Alan Garc\u00eda afirm\u00f3 que su reuni\u00f3n con Lula da Silva fue una de las m\u00e1s productivas e intensas\" width=\"400\" height=\"278\" \/><\/div>\n<\/div>\n<div align=\"justify\">Por su parte, el presidente Lula da Silva expres\u00f3 que el Per\u00fa y Brasil \u201cest\u00e1n hoy en nuevo momento\u201d en la relaci\u00f3n bilateral, e inst\u00f3 a los empresarios de ambos pa\u00edses a aprovechar las facilidades del intercambio comercial.<\/p>\n<p>Durante dicha reuni\u00f3n las autoridades peruanas y brasile\u00f1as acordaron la realizaci\u00f3n de una Cumbre Presidencial Fronteriza con motivo de la inauguraci\u00f3n de la Carretera Interoce\u00e1nica \u2013 Sur, y el puente sobre el R\u00edo Madre de Dios.<\/p>\n<p>Adem\u00e1s, se tomar\u00e1n las medidas necesarias para regularizar los vuelos transfronterizos de la ruta a\u00e9rea entre las ciudades de Pucallpa y Cruzeiro do Soul, y establecer un r\u00e9gimen especial de comercio para las localidades fronterizas.<\/p>\n<p>Constataron con satisfacci\u00f3n el fortalecimiento del intercambio comercial que en los primeros cuatro meses del presente a\u00f1o se increment\u00f3 en 24 por ciento, en relaci\u00f3n al mismo per\u00edodo del\u00a0 a\u00f1o 2009.<\/p>\n<p>Alan Garc\u00eda P\u00e9rez, y Lula da Silva saludaron la celebraci\u00f3n de la segunda reuni\u00f3n del Consejo Empresarial Peruano-Brasile\u00f1o, y destacaron las iniciativas y recomendaciones formuladas con el objetivo de promover los negocios y las inversiones.<\/p>\n<p>Adem\u00e1s, recalcaron los importantes avances logrados en las \u00e1reas de cooperaci\u00f3n cultural y educacional y reafirmaron su compromiso de avanzar en la apertura, a corto plazo, de la primera Escuela P\u00fablica Brasile\u00f1o-Peruana, en la ciudad de Lima.<\/div>\n","protected":false},"excerpt":{"rendered":"<p>(Aeronoticias) El presidente del Per\u00fa Alan Garc\u00eda P\u00e9rez y su hom\u00f3logo de Brasil, Luiz In\u00e1cio Lula da Silva, renovaron el compromiso de sus gobiernos de continuar fortaleciendo la integraci\u00f3n regional, tras la firma de una serie de acuerdos de cooperaci\u00f3n mutua. En conferencia de prensa conjunta desde Manaos, en Brasil, ambos presidentes coincidieron en la [&hellip;]<\/p>\n","protected":false},"author":1,"featured_media":0,"comment_status":"open","ping_status":"open","sticky":false,"template":"","format":"standard","meta":{"tdm_status":"","tdm_grid_status":"","footnotes":""},"categories":[36],"tags":[],"class_list":{"0":"post-11258","1":"post","2":"type-post","3":"status-publish","4":"format-standard","6":"category-politica"},"yoast_head":"<!-- This site is optimized with the Yoast SEO plugin v25.1 - https:\/\/yoast.com\/wordpress\/plugins\/seo\/ -->\n<title>Alan Garc\u00eda afirm\u00f3 que su reuni\u00f3n con Lula da Silva fue una de las m\u00e1s productivas e intensas<\/title>\n<meta name=\"description\" content=\"Portal de noticias del Per\u00fa sobre el transporte a\u00e9reo, aviaci\u00f3n, turismo, hoteleria, actualidad.\" \/>\n<meta name=\"robots\" content=\"index, follow, max-snippet:-1, max-image-preview:large, max-video-preview:-1\" \/>\n<link rel=\"canonical\" href=\"https:\/\/aeronoticias.com.pe\/noticiero\/politica\/alan-garcia-afirmo-que-su-reunion-con-lula-da-silva-fue-una-de-las-mas-productivas-e-intensas\/\" \/>\n<meta property=\"og:locale\" content=\"es_ES\" \/>\n<meta property=\"og:type\" content=\"article\" \/>\n<meta property=\"og:title\" content=\"Alan Garc\u00eda afirm\u00f3 que su reuni\u00f3n con Lula da Silva fue una de las m\u00e1s productivas e intensas\" \/>\n<meta property=\"og:description\" content=\"Portal de noticias del Per\u00fa sobre el transporte a\u00e9reo, aviaci\u00f3n, turismo, hoteleria, actualidad.\" \/>\n<meta property=\"og:url\" content=\"https:\/\/aeronoticias.com.pe\/noticiero\/politica\/alan-garcia-afirmo-que-su-reunion-con-lula-da-silva-fue-una-de-las-mas-productivas-e-intensas\/\" \/>\n<meta property=\"og:site_name\" content=\"Aeronoticias.com.pe\" \/>\n<meta property=\"article:publisher\" content=\"https:\/\/www.facebook.com\/Aeronoticias.com.pe\/\" \/>\n<meta property=\"article:published_time\" content=\"2010-06-17T14:29:51+00:00\" \/>\n<meta name=\"author\" content=\"Redacci\u00f3n Aeronoticias\" \/>\n<meta name=\"twitter:card\" content=\"summary_large_image\" \/>\n<meta name=\"twitter:creator\" content=\"@aeronoticias\" \/>\n<meta name=\"twitter:site\" content=\"@aeronoticias\" \/>\n<meta name=\"twitter:label1\" content=\"Escrito por\" \/>\n\t<meta name=\"twitter:data1\" content=\"Redacci\u00f3n Aeronoticias\" \/>\n\t<meta name=\"twitter:label2\" content=\"Tiempo de lectura\" \/>\n\t<meta name=\"twitter:data2\" content=\"2 minutos\" \/>\n<script type=\"application\/ld+json\" class=\"yoast-schema-graph\">{\"@context\":\"https:\/\/schema.org\",\"@graph\":[{\"@type\":\"WebPage\",\"@id\":\"https:\/\/aeronoticias.com.pe\/noticiero\/politica\/alan-garcia-afirmo-que-su-reunion-con-lula-da-silva-fue-una-de-las-mas-productivas-e-intensas\/\",\"url\":\"https:\/\/aeronoticias.com.pe\/noticiero\/politica\/alan-garcia-afirmo-que-su-reunion-con-lula-da-silva-fue-una-de-las-mas-productivas-e-intensas\/\",\"name\":\"Alan Garc\u00eda afirm\u00f3 que su reuni\u00f3n con Lula da Silva fue una de las m\u00e1s productivas e intensas\",\"isPartOf\":{\"@id\":\"https:\/\/aeronoticias.com.pe\/noticiero\/#website\"},\"datePublished\":\"2010-06-17T14:29:51+00:00\",\"author\":{\"@id\":\"https:\/\/aeronoticias.com.pe\/noticiero\/#\/schema\/person\/fc1e5d578f4b62ba1cf7ac2bba1170a0\"},\"description\":\"Portal de noticias del Per\u00fa sobre el transporte a\u00e9reo, aviaci\u00f3n, turismo, hoteleria, actualidad.\",\"breadcrumb\":{\"@id\":\"https:\/\/aeronoticias.com.pe\/noticiero\/politica\/alan-garcia-afirmo-que-su-reunion-con-lula-da-silva-fue-una-de-las-mas-productivas-e-intensas\/#breadcrumb\"},\"inLanguage\":\"es\",\"potentialAction\":[{\"@type\":\"ReadAction\",\"target\":[\"https:\/\/aeronoticias.com.pe\/noticiero\/politica\/alan-garcia-afirmo-que-su-reunion-con-lula-da-silva-fue-una-de-las-mas-productivas-e-intensas\/\"]}]},{\"@type\":\"BreadcrumbList\",\"@id\":\"https:\/\/aeronoticias.com.pe\/noticiero\/politica\/alan-garcia-afirmo-que-su-reunion-con-lula-da-silva-fue-una-de-las-mas-productivas-e-intensas\/#breadcrumb\",\"itemListElement\":[{\"@type\":\"ListItem\",\"position\":1,\"name\":\"Portada\",\"item\":\"https:\/\/aeronoticias.com.pe\/noticiero\/\"},{\"@type\":\"ListItem\",\"position\":2,\"name\":\"Alan Garc\u00eda afirm\u00f3 que su reuni\u00f3n con Lula da Silva fue una de las m\u00e1s productivas e intensas\"}]},{\"@type\":\"WebSite\",\"@id\":\"https:\/\/aeronoticias.com.pe\/noticiero\/#website\",\"url\":\"https:\/\/aeronoticias.com.pe\/noticiero\/\",\"name\":\"Aeronoticias.com.pe\",\"description\":\"Noticias de tranporte aereo, turismo, hoteles, gastronomia, actualidad, internacional\",\"potentialAction\":[{\"@type\":\"SearchAction\",\"target\":{\"@type\":\"EntryPoint\",\"urlTemplate\":\"https:\/\/aeronoticias.com.pe\/noticiero\/?s={search_term_string}\"},\"query-input\":{\"@type\":\"PropertyValueSpecification\",\"valueRequired\":true,\"valueName\":\"search_term_string\"}}],\"inLanguage\":\"es\"},{\"@type\":\"Person\",\"@id\":\"https:\/\/aeronoticias.com.pe\/noticiero\/#\/schema\/person\/fc1e5d578f4b62ba1cf7ac2bba1170a0\",\"name\":\"Redacci\u00f3n Aeronoticias\",\"url\":\"https:\/\/aeronoticias.com.pe\/noticiero\/author\/piloto\/\"}]}<\/script>\n<!-- \/ Yoast SEO plugin. -->","yoast_head_json":{"title":"Alan Garc\u00eda afirm\u00f3 que su reuni\u00f3n con Lula da Silva fue una de las m\u00e1s productivas e intensas","description":"Portal de noticias del Per\u00fa sobre el transporte a\u00e9reo, aviaci\u00f3n, turismo, hoteleria, actualidad.","robots":{"index":"index","follow":"follow","max-snippet":"max-snippet:-1","max-image-preview":"max-image-preview:large","max-video-preview":"max-video-preview:-1"},"canonical":"https:\/\/aeronoticias.com.pe\/noticiero\/politica\/alan-garcia-afirmo-que-su-reunion-con-lula-da-silva-fue-una-de-las-mas-productivas-e-intensas\/","og_locale":"es_ES","og_type":"article","og_title":"Alan Garc\u00eda afirm\u00f3 que su reuni\u00f3n con Lula da Silva fue una de las m\u00e1s productivas e intensas","og_description":"Portal de noticias del Per\u00fa sobre el transporte a\u00e9reo, aviaci\u00f3n, turismo, hoteleria, actualidad.","og_url":"https:\/\/aeronoticias.com.pe\/noticiero\/politica\/alan-garcia-afirmo-que-su-reunion-con-lula-da-silva-fue-una-de-las-mas-productivas-e-intensas\/","og_site_name":"Aeronoticias.com.pe","article_publisher":"https:\/\/www.facebook.com\/Aeronoticias.com.pe\/","article_published_time":"2010-06-17T14:29:51+00:00","author":"Redacci\u00f3n Aeronoticias","twitter_card":"summary_large_image","twitter_creator":"@aeronoticias","twitter_site":"@aeronoticias","twitter_misc":{"Escrito por":"Redacci\u00f3n Aeronoticias","Tiempo de lectura":"2 minutos"},"schema":{"@context":"https:\/\/schema.org","@graph":[{"@type":"WebPage","@id":"https:\/\/aeronoticias.com.pe\/noticiero\/politica\/alan-garcia-afirmo-que-su-reunion-con-lula-da-silva-fue-una-de-las-mas-productivas-e-intensas\/","url":"https:\/\/aeronoticias.com.pe\/noticiero\/politica\/alan-garcia-afirmo-que-su-reunion-con-lula-da-silva-fue-una-de-las-mas-productivas-e-intensas\/","name":"Alan Garc\u00eda afirm\u00f3 que su reuni\u00f3n con Lula da Silva fue una de las m\u00e1s productivas e intensas","isPartOf":{"@id":"https:\/\/aeronoticias.com.pe\/noticiero\/#website"},"datePublished":"2010-06-17T14:29:51+00:00","author":{"@id":"https:\/\/aeronoticias.com.pe\/noticiero\/#\/schema\/person\/fc1e5d578f4b62ba1cf7ac2bba1170a0"},"description":"Portal de noticias del Per\u00fa sobre el transporte a\u00e9reo, aviaci\u00f3n, turismo, hoteleria, actualidad.","breadcrumb":{"@id":"https:\/\/aeronoticias.com.pe\/noticiero\/politica\/alan-garcia-afirmo-que-su-reunion-con-lula-da-silva-fue-una-de-las-mas-productivas-e-intensas\/#breadcrumb"},"inLanguage":"es","potentialAction":[{"@type":"ReadAction","target":["https:\/\/aeronoticias.com.pe\/noticiero\/politica\/alan-garcia-afirmo-que-su-reunion-con-lula-da-silva-fue-una-de-las-mas-productivas-e-intensas\/"]}]},{"@type":"BreadcrumbList","@id":"https:\/\/aeronoticias.com.pe\/noticiero\/politica\/alan-garcia-afirmo-que-su-reunion-con-lula-da-silva-fue-una-de-las-mas-productivas-e-intensas\/#breadcrumb","itemListElement":[{"@type":"ListItem","position":1,"name":"Portada","item":"https:\/\/aeronoticias.com.pe\/noticiero\/"},{"@type":"ListItem","position":2,"name":"Alan Garc\u00eda afirm\u00f3 que su reuni\u00f3n con Lula da Silva fue una de las m\u00e1s productivas e intensas"}]},{"@type":"WebSite","@id":"https:\/\/aeronoticias.com.pe\/noticiero\/#website","url":"https:\/\/aeronoticias.com.pe\/noticiero\/","name":"Aeronoticias.com.pe","description":"Noticias de tranporte aereo, turismo, hoteles, gastronomia, actualidad, internacional","potentialAction":[{"@type":"SearchAction","target":{"@type":"EntryPoint","urlTemplate":"https:\/\/aeronoticias.com.pe\/noticiero\/?s={search_term_string}"},"query-input":{"@type":"PropertyValueSpecification","valueRequired":true,"valueName":"search_term_string"}}],"inLanguage":"es"},{"@type":"Person","@id":"https:\/\/aeronoticias.com.pe\/noticiero\/#\/schema\/person\/fc1e5d578f4b62ba1cf7ac2bba1170a0","name":"Redacci\u00f3n Aeronoticias","url":"https:\/\/aeronoticias.com.pe\/noticiero\/author\/piloto\/"}]}},"_links":{"self":[{"href":"https:\/\/aeronoticias.com.pe\/noticiero\/wp-json\/wp\/v2\/posts\/11258","targetHints":{"allow":["GET"]}}],"collection":[{"href":"https:\/\/aeronoticias.com.pe\/noticiero\/wp-json\/wp\/v2\/posts"}],"about":[{"href":"https:\/\/aeronoticias.com.pe\/noticiero\/wp-json\/wp\/v2\/types\/post"}],"author":[{"embeddable":true,"href":"https:\/\/aeronoticias.com.pe\/noticiero\/wp-json\/wp\/v2\/users\/1"}],"replies":[{"embeddable":true,"href":"https:\/\/aeronoticias.com.pe\/noticiero\/wp-json\/wp\/v2\/comments?post=11258"}],"version-history":[{"count":0,"href":"https:\/\/aeronoticias.com.pe\/noticiero\/wp-json\/wp\/v2\/posts\/11258\/revisions"}],"wp:attachment":[{"href":"https:\/\/aeronoticias.com.pe\/noticiero\/wp-json\/wp\/v2\/media?parent=11258"}],"wp:term":[{"taxonomy":"category","embeddable":true,"href":"https:\/\/aeronoticias.com.pe\/noticiero\/wp-json\/wp\/v2\/categories?post=11258"},{"taxonomy":"post_tag","embeddable":true,"href":"https:\/\/aeronoticias.com.pe\/noticiero\/wp-json\/wp\/v2\/tags?post=11258"}],"curies":[{"name":"wp","href":"https:\/\/api.w.org\/{rel}","templated":true}]}}