{"id":11261,"date":"2010-06-17T16:23:20","date_gmt":"2010-06-17T16:23:20","guid":{"rendered":"http:\/\/desarrollo.mcvicious.com\/aero2020\/2010\/06\/17\/manana-fusilaran-un-preso-condenado-a-muerte-en-los-estados-unidos\/"},"modified":"2010-06-17T16:23:20","modified_gmt":"2010-06-17T16:23:20","slug":"manana-fusilaran-un-preso-condenado-a-muerte-en-los-estados-unidos","status":"publish","type":"post","link":"https:\/\/aeronoticias.com.pe\/noticiero\/internacionales\/manana-fusilaran-un-preso-condenado-a-muerte-en-los-estados-unidos\/","title":{"rendered":"Ma\u00f1ana fusilar\u00e1n a un preso condenado a muerte en los Estados Unidos"},"content":{"rendered":"<p align=\"justify\"><strong>(Aeronoticias).-<\/strong> El condenado a muerte, Ronnie Lee Gardner escogi\u00f3 el fusilamiento en vez de la inyecci\u00f3n letal porque considera que es una forma m\u00e1s humana de morir, aquello ha generado muchisimas cr\u00edticas en el pais de America del Norte.<\/p>\n<p align=\"justify\">A menos que haya una suspensi\u00f3n de parte de las autoridades competentes a \u00faltima hora, Ronnie Lee Gardner se convertir\u00e1 este viernes 18 de junio del 2010 en la primera persona condenada a la pena maxima en ser ejecutada por fusilamiento en Estados Unidos por primera vez en mas de 14 a\u00f1os, adem\u00e1s \u00e9l se convertira en el tercer hombre ejecutado por este m\u00e9todo en Utah desde que el tribunal supremo restaur\u00f3 la pena de muerte en 1976. Gary Gilmore, un asesino en serie que fue fusilado el 17 de enero de 1977 y John Albert Taylor el 26 de enero de 1996 han sido los otros dos casos de fusilamiento en el pais del \u201cTio Sam\u201d<\/p>\n<p align=\"justify\">\u00a0<\/p>\n<div style=\"text-align: center\"><img decoding=\"async\" src=\"images\/stories\/10\/06\/170610\/preso2.jpg\" border=\"0\" alt=\"preso\" title=\"preso\" \/><\/div>\n<p><\/p>\n<p>\u00a0<\/p>\n<p align=\"justify\">La ejecuci\u00f3n por fusilamiento fue declarada ilegal en el estado Utah en 2004, pero la prohibici\u00f3n no era retroactiva, con lo que Gardner eligi\u00f3 este m\u00e9todo de morir y opto por esta opci\u00f3n en lugar de la inyecci\u00f3n letal.<\/p>\n<p align=\"justify\">Ronnie Gardner, de 49 a\u00f1os, fue sentenciado a muerte por el asesinato a tiros en 1985 del abogado Michael Burdell durante un intento de escape en un edificio de tribunales. Gardner estaba en la corte porque enfrentaba una acusaci\u00f3n de asesinato por la muerte del barman Melvyn Otterstrom.<\/p>\n","protected":false},"excerpt":{"rendered":"<p>(Aeronoticias).- El condenado a muerte, Ronnie Lee Gardner escogi\u00f3 el fusilamiento en vez de la inyecci\u00f3n letal porque considera que es una forma m\u00e1s humana de morir, aquello ha generado muchisimas cr\u00edticas en el pais de America del Norte. A menos que haya una suspensi\u00f3n de parte de las autoridades competentes a \u00faltima hora, Ronnie [&hellip;]<\/p>\n","protected":false},"author":1,"featured_media":0,"comment_status":"open","ping_status":"open","sticky":false,"template":"","format":"standard","meta":{"tdm_status":"","tdm_grid_status":"","footnotes":""},"categories":[34],"tags":[],"class_list":{"0":"post-11261","1":"post","2":"type-post","3":"status-publish","4":"format-standard","6":"category-internacionales"},"yoast_head":"<!-- This site is optimized with the Yoast SEO plugin v25.1 - https:\/\/yoast.com\/wordpress\/plugins\/seo\/ -->\n<title>Ma\u00f1ana fusilar\u00e1n a un preso condenado a muerte en los Estados Unidos<\/title>\n<meta name=\"description\" content=\"Portal de noticias del Per\u00fa sobre el transporte a\u00e9reo, aviaci\u00f3n, turismo, hoteleria, actualidad.\" \/>\n<meta name=\"robots\" content=\"index, follow, max-snippet:-1, max-image-preview:large, max-video-preview:-1\" \/>\n<link rel=\"canonical\" href=\"https:\/\/aeronoticias.com.pe\/noticiero\/internacionales\/manana-fusilaran-un-preso-condenado-a-muerte-en-los-estados-unidos\/\" \/>\n<meta property=\"og:locale\" content=\"es_ES\" \/>\n<meta property=\"og:type\" content=\"article\" \/>\n<meta property=\"og:title\" content=\"Ma\u00f1ana fusilar\u00e1n a un preso condenado a muerte en los Estados Unidos\" \/>\n<meta property=\"og:description\" content=\"Portal de noticias del Per\u00fa sobre el transporte a\u00e9reo, aviaci\u00f3n, turismo, hoteleria, actualidad.\" \/>\n<meta property=\"og:url\" content=\"https:\/\/aeronoticias.com.pe\/noticiero\/internacionales\/manana-fusilaran-un-preso-condenado-a-muerte-en-los-estados-unidos\/\" \/>\n<meta property=\"og:site_name\" content=\"Aeronoticias.com.pe\" \/>\n<meta property=\"article:publisher\" content=\"https:\/\/www.facebook.com\/Aeronoticias.com.pe\/\" \/>\n<meta property=\"article:published_time\" content=\"2010-06-17T16:23:20+00:00\" \/>\n<meta name=\"author\" content=\"Redacci\u00f3n Aeronoticias\" \/>\n<meta name=\"twitter:card\" content=\"summary_large_image\" \/>\n<meta name=\"twitter:creator\" content=\"@aeronoticias\" \/>\n<meta name=\"twitter:site\" content=\"@aeronoticias\" \/>\n<meta name=\"twitter:label1\" content=\"Escrito por\" \/>\n\t<meta name=\"twitter:data1\" content=\"Redacci\u00f3n Aeronoticias\" \/>\n\t<meta name=\"twitter:label2\" content=\"Tiempo de lectura\" \/>\n\t<meta name=\"twitter:data2\" content=\"1 minuto\" \/>\n<script type=\"application\/ld+json\" class=\"yoast-schema-graph\">{\"@context\":\"https:\/\/schema.org\",\"@graph\":[{\"@type\":\"WebPage\",\"@id\":\"https:\/\/aeronoticias.com.pe\/noticiero\/internacionales\/manana-fusilaran-un-preso-condenado-a-muerte-en-los-estados-unidos\/\",\"url\":\"https:\/\/aeronoticias.com.pe\/noticiero\/internacionales\/manana-fusilaran-un-preso-condenado-a-muerte-en-los-estados-unidos\/\",\"name\":\"Ma\u00f1ana fusilar\u00e1n a un preso condenado a muerte en los Estados Unidos\",\"isPartOf\":{\"@id\":\"https:\/\/aeronoticias.com.pe\/noticiero\/#website\"},\"datePublished\":\"2010-06-17T16:23:20+00:00\",\"author\":{\"@id\":\"https:\/\/aeronoticias.com.pe\/noticiero\/#\/schema\/person\/fc1e5d578f4b62ba1cf7ac2bba1170a0\"},\"description\":\"Portal de noticias del Per\u00fa sobre el transporte a\u00e9reo, aviaci\u00f3n, turismo, hoteleria, actualidad.\",\"breadcrumb\":{\"@id\":\"https:\/\/aeronoticias.com.pe\/noticiero\/internacionales\/manana-fusilaran-un-preso-condenado-a-muerte-en-los-estados-unidos\/#breadcrumb\"},\"inLanguage\":\"es\",\"potentialAction\":[{\"@type\":\"ReadAction\",\"target\":[\"https:\/\/aeronoticias.com.pe\/noticiero\/internacionales\/manana-fusilaran-un-preso-condenado-a-muerte-en-los-estados-unidos\/\"]}]},{\"@type\":\"BreadcrumbList\",\"@id\":\"https:\/\/aeronoticias.com.pe\/noticiero\/internacionales\/manana-fusilaran-un-preso-condenado-a-muerte-en-los-estados-unidos\/#breadcrumb\",\"itemListElement\":[{\"@type\":\"ListItem\",\"position\":1,\"name\":\"Portada\",\"item\":\"https:\/\/aeronoticias.com.pe\/noticiero\/\"},{\"@type\":\"ListItem\",\"position\":2,\"name\":\"Ma\u00f1ana fusilar\u00e1n a un preso condenado a muerte en los Estados Unidos\"}]},{\"@type\":\"WebSite\",\"@id\":\"https:\/\/aeronoticias.com.pe\/noticiero\/#website\",\"url\":\"https:\/\/aeronoticias.com.pe\/noticiero\/\",\"name\":\"Aeronoticias.com.pe\",\"description\":\"Noticias de tranporte aereo, turismo, hoteles, gastronomia, actualidad, internacional\",\"potentialAction\":[{\"@type\":\"SearchAction\",\"target\":{\"@type\":\"EntryPoint\",\"urlTemplate\":\"https:\/\/aeronoticias.com.pe\/noticiero\/?s={search_term_string}\"},\"query-input\":{\"@type\":\"PropertyValueSpecification\",\"valueRequired\":true,\"valueName\":\"search_term_string\"}}],\"inLanguage\":\"es\"},{\"@type\":\"Person\",\"@id\":\"https:\/\/aeronoticias.com.pe\/noticiero\/#\/schema\/person\/fc1e5d578f4b62ba1cf7ac2bba1170a0\",\"name\":\"Redacci\u00f3n Aeronoticias\",\"url\":\"https:\/\/aeronoticias.com.pe\/noticiero\/author\/piloto\/\"}]}<\/script>\n<!-- \/ Yoast SEO plugin. -->","yoast_head_json":{"title":"Ma\u00f1ana fusilar\u00e1n a un preso condenado a muerte en los Estados Unidos","description":"Portal de noticias del Per\u00fa sobre el transporte a\u00e9reo, aviaci\u00f3n, turismo, hoteleria, actualidad.","robots":{"index":"index","follow":"follow","max-snippet":"max-snippet:-1","max-image-preview":"max-image-preview:large","max-video-preview":"max-video-preview:-1"},"canonical":"https:\/\/aeronoticias.com.pe\/noticiero\/internacionales\/manana-fusilaran-un-preso-condenado-a-muerte-en-los-estados-unidos\/","og_locale":"es_ES","og_type":"article","og_title":"Ma\u00f1ana fusilar\u00e1n a un preso condenado a muerte en los Estados Unidos","og_description":"Portal de noticias del Per\u00fa sobre el transporte a\u00e9reo, aviaci\u00f3n, turismo, hoteleria, actualidad.","og_url":"https:\/\/aeronoticias.com.pe\/noticiero\/internacionales\/manana-fusilaran-un-preso-condenado-a-muerte-en-los-estados-unidos\/","og_site_name":"Aeronoticias.com.pe","article_publisher":"https:\/\/www.facebook.com\/Aeronoticias.com.pe\/","article_published_time":"2010-06-17T16:23:20+00:00","author":"Redacci\u00f3n Aeronoticias","twitter_card":"summary_large_image","twitter_creator":"@aeronoticias","twitter_site":"@aeronoticias","twitter_misc":{"Escrito por":"Redacci\u00f3n Aeronoticias","Tiempo de lectura":"1 minuto"},"schema":{"@context":"https:\/\/schema.org","@graph":[{"@type":"WebPage","@id":"https:\/\/aeronoticias.com.pe\/noticiero\/internacionales\/manana-fusilaran-un-preso-condenado-a-muerte-en-los-estados-unidos\/","url":"https:\/\/aeronoticias.com.pe\/noticiero\/internacionales\/manana-fusilaran-un-preso-condenado-a-muerte-en-los-estados-unidos\/","name":"Ma\u00f1ana fusilar\u00e1n a un preso condenado a muerte en los Estados Unidos","isPartOf":{"@id":"https:\/\/aeronoticias.com.pe\/noticiero\/#website"},"datePublished":"2010-06-17T16:23:20+00:00","author":{"@id":"https:\/\/aeronoticias.com.pe\/noticiero\/#\/schema\/person\/fc1e5d578f4b62ba1cf7ac2bba1170a0"},"description":"Portal de noticias del Per\u00fa sobre el transporte a\u00e9reo, aviaci\u00f3n, turismo, hoteleria, actualidad.","breadcrumb":{"@id":"https:\/\/aeronoticias.com.pe\/noticiero\/internacionales\/manana-fusilaran-un-preso-condenado-a-muerte-en-los-estados-unidos\/#breadcrumb"},"inLanguage":"es","potentialAction":[{"@type":"ReadAction","target":["https:\/\/aeronoticias.com.pe\/noticiero\/internacionales\/manana-fusilaran-un-preso-condenado-a-muerte-en-los-estados-unidos\/"]}]},{"@type":"BreadcrumbList","@id":"https:\/\/aeronoticias.com.pe\/noticiero\/internacionales\/manana-fusilaran-un-preso-condenado-a-muerte-en-los-estados-unidos\/#breadcrumb","itemListElement":[{"@type":"ListItem","position":1,"name":"Portada","item":"https:\/\/aeronoticias.com.pe\/noticiero\/"},{"@type":"ListItem","position":2,"name":"Ma\u00f1ana fusilar\u00e1n a un preso condenado a muerte en los Estados Unidos"}]},{"@type":"WebSite","@id":"https:\/\/aeronoticias.com.pe\/noticiero\/#website","url":"https:\/\/aeronoticias.com.pe\/noticiero\/","name":"Aeronoticias.com.pe","description":"Noticias de tranporte aereo, turismo, hoteles, gastronomia, actualidad, internacional","potentialAction":[{"@type":"SearchAction","target":{"@type":"EntryPoint","urlTemplate":"https:\/\/aeronoticias.com.pe\/noticiero\/?s={search_term_string}"},"query-input":{"@type":"PropertyValueSpecification","valueRequired":true,"valueName":"search_term_string"}}],"inLanguage":"es"},{"@type":"Person","@id":"https:\/\/aeronoticias.com.pe\/noticiero\/#\/schema\/person\/fc1e5d578f4b62ba1cf7ac2bba1170a0","name":"Redacci\u00f3n Aeronoticias","url":"https:\/\/aeronoticias.com.pe\/noticiero\/author\/piloto\/"}]}},"_links":{"self":[{"href":"https:\/\/aeronoticias.com.pe\/noticiero\/wp-json\/wp\/v2\/posts\/11261","targetHints":{"allow":["GET"]}}],"collection":[{"href":"https:\/\/aeronoticias.com.pe\/noticiero\/wp-json\/wp\/v2\/posts"}],"about":[{"href":"https:\/\/aeronoticias.com.pe\/noticiero\/wp-json\/wp\/v2\/types\/post"}],"author":[{"embeddable":true,"href":"https:\/\/aeronoticias.com.pe\/noticiero\/wp-json\/wp\/v2\/users\/1"}],"replies":[{"embeddable":true,"href":"https:\/\/aeronoticias.com.pe\/noticiero\/wp-json\/wp\/v2\/comments?post=11261"}],"version-history":[{"count":0,"href":"https:\/\/aeronoticias.com.pe\/noticiero\/wp-json\/wp\/v2\/posts\/11261\/revisions"}],"wp:attachment":[{"href":"https:\/\/aeronoticias.com.pe\/noticiero\/wp-json\/wp\/v2\/media?parent=11261"}],"wp:term":[{"taxonomy":"category","embeddable":true,"href":"https:\/\/aeronoticias.com.pe\/noticiero\/wp-json\/wp\/v2\/categories?post=11261"},{"taxonomy":"post_tag","embeddable":true,"href":"https:\/\/aeronoticias.com.pe\/noticiero\/wp-json\/wp\/v2\/tags?post=11261"}],"curies":[{"name":"wp","href":"https:\/\/api.w.org\/{rel}","templated":true}]}}