{"id":11262,"date":"2010-06-17T16:56:32","date_gmt":"2010-06-17T16:56:32","guid":{"rendered":"http:\/\/desarrollo.mcvicious.com\/aero2020\/2010\/06\/17\/explosion-en-mina-de-colombia-deja-hasta-el-momento-16-muertos-y-72-atrapados\/"},"modified":"2010-06-17T16:56:32","modified_gmt":"2010-06-17T16:56:32","slug":"explosion-en-mina-de-colombia-deja-hasta-el-momento-16-muertos-y-72-atrapados","status":"publish","type":"post","link":"https:\/\/aeronoticias.com.pe\/noticiero\/internacionales\/explosion-en-mina-de-colombia-deja-hasta-el-momento-16-muertos-y-72-atrapados\/","title":{"rendered":"Explosi\u00f3n en Mina de Colombia deja hasta el momento 16 muertos y 72 atrapados"},"content":{"rendered":"<p align=\"justify\"><strong>(Aeronoticias)<\/strong> Una tragedia est\u00e1 viviendo Colombia. Y es que una explosi\u00f3n se ha registrado en una mina de carb\u00f3n en la localidad de Amaga, donde hasta el momento se han registrado 16 muertos, mientras que 72 personas se encuentran aun atrapadas en la mina.<\/p>\n<p>Todas las operaciones de rescate ya se est\u00e1n moviliz\u00e1ndose, para tratar de rescatar a m\u00e1s personas, por tal motivo se est\u00e1 intentando perforar e inyectar oxigeno. El presidente de Colombia, \u00c1lvaro Uribe se\u00f1al\u00f3 que esta mina est\u00e1 ajustada a todos los requisitos legales y ambientales que se exigen, por tal motivo la Gobernaci\u00f3n de Antioquia, entregar\u00e1 una explicaci\u00f3n al pa\u00eds.<\/p>\n<div style=\"text-align: center\"><img decoding=\"async\" src=\"images\/stories\/10\/06\/170610\/mina.jpg\" border=\"0\" alt=\"mina\" title=\"mina\" \/><\/div>\n<p>\u201cLas posibilidades no son muchas, sobre todo por la forma como han aparecido los primeros cad\u00e1veres recuperados\u201d, fue lo que manifest\u00f3 el gobernador de Antioquia Luis Alfredo Ramos.<\/p>\n<p><strong>Aeronoticias,<\/strong> lamenta este tr\u00e1gico hecho en la mina colombiana por lo cual esperemos se rescaten a\u00a0 tiempo a los 72 atrapados para que no aumente la tragedia en esa\u00a0 localidad.<\/p>\n","protected":false},"excerpt":{"rendered":"<p>(Aeronoticias) Una tragedia est\u00e1 viviendo Colombia. Y es que una explosi\u00f3n se ha registrado en una mina de carb\u00f3n en la localidad de Amaga, donde hasta el momento se han registrado 16 muertos, mientras que 72 personas se encuentran aun atrapadas en la mina. Todas las operaciones de rescate ya se est\u00e1n moviliz\u00e1ndose, para tratar [&hellip;]<\/p>\n","protected":false},"author":1,"featured_media":0,"comment_status":"open","ping_status":"open","sticky":false,"template":"","format":"standard","meta":{"tdm_status":"","tdm_grid_status":"","footnotes":""},"categories":[34],"tags":[],"class_list":{"0":"post-11262","1":"post","2":"type-post","3":"status-publish","4":"format-standard","6":"category-internacionales"},"yoast_head":"<!-- This site is optimized with the Yoast SEO plugin v25.1 - https:\/\/yoast.com\/wordpress\/plugins\/seo\/ -->\n<title>Explosi\u00f3n en Mina de Colombia deja hasta el momento 16 muertos y 72 atrapados<\/title>\n<meta name=\"description\" content=\"Portal de noticias del Per\u00fa sobre el transporte a\u00e9reo, aviaci\u00f3n, turismo, hoteleria, actualidad.\" \/>\n<meta name=\"robots\" content=\"index, follow, max-snippet:-1, max-image-preview:large, max-video-preview:-1\" \/>\n<link rel=\"canonical\" href=\"https:\/\/aeronoticias.com.pe\/noticiero\/internacionales\/explosion-en-mina-de-colombia-deja-hasta-el-momento-16-muertos-y-72-atrapados\/\" \/>\n<meta property=\"og:locale\" content=\"es_ES\" \/>\n<meta property=\"og:type\" content=\"article\" \/>\n<meta property=\"og:title\" content=\"Explosi\u00f3n en Mina de Colombia deja hasta el momento 16 muertos y 72 atrapados\" \/>\n<meta property=\"og:description\" content=\"Portal de noticias del Per\u00fa sobre el transporte a\u00e9reo, aviaci\u00f3n, turismo, hoteleria, actualidad.\" \/>\n<meta property=\"og:url\" content=\"https:\/\/aeronoticias.com.pe\/noticiero\/internacionales\/explosion-en-mina-de-colombia-deja-hasta-el-momento-16-muertos-y-72-atrapados\/\" \/>\n<meta property=\"og:site_name\" content=\"Aeronoticias.com.pe\" \/>\n<meta property=\"article:publisher\" content=\"https:\/\/www.facebook.com\/Aeronoticias.com.pe\/\" \/>\n<meta property=\"article:published_time\" content=\"2010-06-17T16:56:32+00:00\" \/>\n<meta name=\"author\" content=\"Redacci\u00f3n Aeronoticias\" \/>\n<meta name=\"twitter:card\" content=\"summary_large_image\" \/>\n<meta name=\"twitter:creator\" content=\"@aeronoticias\" \/>\n<meta name=\"twitter:site\" content=\"@aeronoticias\" \/>\n<meta name=\"twitter:label1\" content=\"Escrito por\" \/>\n\t<meta name=\"twitter:data1\" content=\"Redacci\u00f3n Aeronoticias\" \/>\n\t<meta name=\"twitter:label2\" content=\"Tiempo de lectura\" \/>\n\t<meta name=\"twitter:data2\" content=\"1 minuto\" \/>\n<script type=\"application\/ld+json\" class=\"yoast-schema-graph\">{\"@context\":\"https:\/\/schema.org\",\"@graph\":[{\"@type\":\"WebPage\",\"@id\":\"https:\/\/aeronoticias.com.pe\/noticiero\/internacionales\/explosion-en-mina-de-colombia-deja-hasta-el-momento-16-muertos-y-72-atrapados\/\",\"url\":\"https:\/\/aeronoticias.com.pe\/noticiero\/internacionales\/explosion-en-mina-de-colombia-deja-hasta-el-momento-16-muertos-y-72-atrapados\/\",\"name\":\"Explosi\u00f3n en Mina de Colombia deja hasta el momento 16 muertos y 72 atrapados\",\"isPartOf\":{\"@id\":\"https:\/\/aeronoticias.com.pe\/noticiero\/#website\"},\"datePublished\":\"2010-06-17T16:56:32+00:00\",\"author\":{\"@id\":\"https:\/\/aeronoticias.com.pe\/noticiero\/#\/schema\/person\/fc1e5d578f4b62ba1cf7ac2bba1170a0\"},\"description\":\"Portal de noticias del Per\u00fa sobre el transporte a\u00e9reo, aviaci\u00f3n, turismo, hoteleria, actualidad.\",\"breadcrumb\":{\"@id\":\"https:\/\/aeronoticias.com.pe\/noticiero\/internacionales\/explosion-en-mina-de-colombia-deja-hasta-el-momento-16-muertos-y-72-atrapados\/#breadcrumb\"},\"inLanguage\":\"es\",\"potentialAction\":[{\"@type\":\"ReadAction\",\"target\":[\"https:\/\/aeronoticias.com.pe\/noticiero\/internacionales\/explosion-en-mina-de-colombia-deja-hasta-el-momento-16-muertos-y-72-atrapados\/\"]}]},{\"@type\":\"BreadcrumbList\",\"@id\":\"https:\/\/aeronoticias.com.pe\/noticiero\/internacionales\/explosion-en-mina-de-colombia-deja-hasta-el-momento-16-muertos-y-72-atrapados\/#breadcrumb\",\"itemListElement\":[{\"@type\":\"ListItem\",\"position\":1,\"name\":\"Portada\",\"item\":\"https:\/\/aeronoticias.com.pe\/noticiero\/\"},{\"@type\":\"ListItem\",\"position\":2,\"name\":\"Explosi\u00f3n en Mina de Colombia deja hasta el momento 16 muertos y 72 atrapados\"}]},{\"@type\":\"WebSite\",\"@id\":\"https:\/\/aeronoticias.com.pe\/noticiero\/#website\",\"url\":\"https:\/\/aeronoticias.com.pe\/noticiero\/\",\"name\":\"Aeronoticias.com.pe\",\"description\":\"Noticias de tranporte aereo, turismo, hoteles, gastronomia, actualidad, internacional\",\"potentialAction\":[{\"@type\":\"SearchAction\",\"target\":{\"@type\":\"EntryPoint\",\"urlTemplate\":\"https:\/\/aeronoticias.com.pe\/noticiero\/?s={search_term_string}\"},\"query-input\":{\"@type\":\"PropertyValueSpecification\",\"valueRequired\":true,\"valueName\":\"search_term_string\"}}],\"inLanguage\":\"es\"},{\"@type\":\"Person\",\"@id\":\"https:\/\/aeronoticias.com.pe\/noticiero\/#\/schema\/person\/fc1e5d578f4b62ba1cf7ac2bba1170a0\",\"name\":\"Redacci\u00f3n Aeronoticias\",\"url\":\"https:\/\/aeronoticias.com.pe\/noticiero\/author\/piloto\/\"}]}<\/script>\n<!-- \/ Yoast SEO plugin. -->","yoast_head_json":{"title":"Explosi\u00f3n en Mina de Colombia deja hasta el momento 16 muertos y 72 atrapados","description":"Portal de noticias del Per\u00fa sobre el transporte a\u00e9reo, aviaci\u00f3n, turismo, hoteleria, actualidad.","robots":{"index":"index","follow":"follow","max-snippet":"max-snippet:-1","max-image-preview":"max-image-preview:large","max-video-preview":"max-video-preview:-1"},"canonical":"https:\/\/aeronoticias.com.pe\/noticiero\/internacionales\/explosion-en-mina-de-colombia-deja-hasta-el-momento-16-muertos-y-72-atrapados\/","og_locale":"es_ES","og_type":"article","og_title":"Explosi\u00f3n en Mina de Colombia deja hasta el momento 16 muertos y 72 atrapados","og_description":"Portal de noticias del Per\u00fa sobre el transporte a\u00e9reo, aviaci\u00f3n, turismo, hoteleria, actualidad.","og_url":"https:\/\/aeronoticias.com.pe\/noticiero\/internacionales\/explosion-en-mina-de-colombia-deja-hasta-el-momento-16-muertos-y-72-atrapados\/","og_site_name":"Aeronoticias.com.pe","article_publisher":"https:\/\/www.facebook.com\/Aeronoticias.com.pe\/","article_published_time":"2010-06-17T16:56:32+00:00","author":"Redacci\u00f3n Aeronoticias","twitter_card":"summary_large_image","twitter_creator":"@aeronoticias","twitter_site":"@aeronoticias","twitter_misc":{"Escrito por":"Redacci\u00f3n Aeronoticias","Tiempo de lectura":"1 minuto"},"schema":{"@context":"https:\/\/schema.org","@graph":[{"@type":"WebPage","@id":"https:\/\/aeronoticias.com.pe\/noticiero\/internacionales\/explosion-en-mina-de-colombia-deja-hasta-el-momento-16-muertos-y-72-atrapados\/","url":"https:\/\/aeronoticias.com.pe\/noticiero\/internacionales\/explosion-en-mina-de-colombia-deja-hasta-el-momento-16-muertos-y-72-atrapados\/","name":"Explosi\u00f3n en Mina de Colombia deja hasta el momento 16 muertos y 72 atrapados","isPartOf":{"@id":"https:\/\/aeronoticias.com.pe\/noticiero\/#website"},"datePublished":"2010-06-17T16:56:32+00:00","author":{"@id":"https:\/\/aeronoticias.com.pe\/noticiero\/#\/schema\/person\/fc1e5d578f4b62ba1cf7ac2bba1170a0"},"description":"Portal de noticias del Per\u00fa sobre el transporte a\u00e9reo, aviaci\u00f3n, turismo, hoteleria, actualidad.","breadcrumb":{"@id":"https:\/\/aeronoticias.com.pe\/noticiero\/internacionales\/explosion-en-mina-de-colombia-deja-hasta-el-momento-16-muertos-y-72-atrapados\/#breadcrumb"},"inLanguage":"es","potentialAction":[{"@type":"ReadAction","target":["https:\/\/aeronoticias.com.pe\/noticiero\/internacionales\/explosion-en-mina-de-colombia-deja-hasta-el-momento-16-muertos-y-72-atrapados\/"]}]},{"@type":"BreadcrumbList","@id":"https:\/\/aeronoticias.com.pe\/noticiero\/internacionales\/explosion-en-mina-de-colombia-deja-hasta-el-momento-16-muertos-y-72-atrapados\/#breadcrumb","itemListElement":[{"@type":"ListItem","position":1,"name":"Portada","item":"https:\/\/aeronoticias.com.pe\/noticiero\/"},{"@type":"ListItem","position":2,"name":"Explosi\u00f3n en Mina de Colombia deja hasta el momento 16 muertos y 72 atrapados"}]},{"@type":"WebSite","@id":"https:\/\/aeronoticias.com.pe\/noticiero\/#website","url":"https:\/\/aeronoticias.com.pe\/noticiero\/","name":"Aeronoticias.com.pe","description":"Noticias de tranporte aereo, turismo, hoteles, gastronomia, actualidad, internacional","potentialAction":[{"@type":"SearchAction","target":{"@type":"EntryPoint","urlTemplate":"https:\/\/aeronoticias.com.pe\/noticiero\/?s={search_term_string}"},"query-input":{"@type":"PropertyValueSpecification","valueRequired":true,"valueName":"search_term_string"}}],"inLanguage":"es"},{"@type":"Person","@id":"https:\/\/aeronoticias.com.pe\/noticiero\/#\/schema\/person\/fc1e5d578f4b62ba1cf7ac2bba1170a0","name":"Redacci\u00f3n Aeronoticias","url":"https:\/\/aeronoticias.com.pe\/noticiero\/author\/piloto\/"}]}},"_links":{"self":[{"href":"https:\/\/aeronoticias.com.pe\/noticiero\/wp-json\/wp\/v2\/posts\/11262","targetHints":{"allow":["GET"]}}],"collection":[{"href":"https:\/\/aeronoticias.com.pe\/noticiero\/wp-json\/wp\/v2\/posts"}],"about":[{"href":"https:\/\/aeronoticias.com.pe\/noticiero\/wp-json\/wp\/v2\/types\/post"}],"author":[{"embeddable":true,"href":"https:\/\/aeronoticias.com.pe\/noticiero\/wp-json\/wp\/v2\/users\/1"}],"replies":[{"embeddable":true,"href":"https:\/\/aeronoticias.com.pe\/noticiero\/wp-json\/wp\/v2\/comments?post=11262"}],"version-history":[{"count":0,"href":"https:\/\/aeronoticias.com.pe\/noticiero\/wp-json\/wp\/v2\/posts\/11262\/revisions"}],"wp:attachment":[{"href":"https:\/\/aeronoticias.com.pe\/noticiero\/wp-json\/wp\/v2\/media?parent=11262"}],"wp:term":[{"taxonomy":"category","embeddable":true,"href":"https:\/\/aeronoticias.com.pe\/noticiero\/wp-json\/wp\/v2\/categories?post=11262"},{"taxonomy":"post_tag","embeddable":true,"href":"https:\/\/aeronoticias.com.pe\/noticiero\/wp-json\/wp\/v2\/tags?post=11262"}],"curies":[{"name":"wp","href":"https:\/\/api.w.org\/{rel}","templated":true}]}}