{"id":11502,"date":"2010-07-02T19:06:38","date_gmt":"2010-07-02T19:06:38","guid":{"rendered":"http:\/\/desarrollo.mcvicious.com\/aero2020\/2010\/07\/02\/invierno-en-lima-sera-el-mas-frio-de-los-ultimos-tres-anos-informo-el-senamhi\/"},"modified":"2010-07-02T19:06:38","modified_gmt":"2010-07-02T19:06:38","slug":"invierno-en-lima-sera-el-mas-frio-de-los-ultimos-tres-anos-informo-el-senamhi","status":"publish","type":"post","link":"https:\/\/aeronoticias.com.pe\/noticiero\/nacionales\/invierno-en-lima-sera-el-mas-frio-de-los-ultimos-tres-anos-informo-el-senamhi\/","title":{"rendered":"Invierno en Lima ser\u00e1 el m\u00e1s fr\u00edo de los \u00faltimos tres a\u00f1os, inform\u00f3 el Senamhi"},"content":{"rendered":"<div align=\"justify\"><strong>(Aeronoticias)<\/strong> Hoy el Servicio Nacional de Meteorolog\u00eda e Hidrolog\u00eda (Senamhi), inform\u00f3 que el invierno en Lima ser\u00e1 el m\u00e1s fr\u00edo de los \u00faltimos tres a\u00f1os, debido al los vientos fr\u00edos que llegan del sur y al descenso de la temperatura del mar, que anuncia la posible llegada del fen\u00f3meno La Ni\u00f1a.<\/div>\n<div align=\"justify\">Los lime\u00f1os soportar\u00e1n entre el mes de julio y agosto temperaturas que al este de la ciudad descender\u00e1n hasta los 11 grados Celsius, as\u00ed como lloviznas frecuentes en horas de la noche, las cuales se prolongar\u00e1n hasta las ma\u00f1anas, con neblinas en los distritos costeros.<\/div>\n<div align=\"justify\">\u00a0<\/div>\n<div align=\"justify\">\n<div style=\"text-align: center\"><img loading=\"lazy\" decoding=\"async\" src=\"images\/stories\/10\/07\/020710\/invierno.jpg\" border=\"0\" alt=\"Invierno en Lima ser\u00e1 el m\u00e1s fr\u00edo de los \u00faltimos tres a\u00f1os, inform\u00f3 el Senamhi\" title=\"Invierno en Lima ser\u00e1 el m\u00e1s fr\u00edo de los \u00faltimos tres a\u00f1os, inform\u00f3 el Senamhi\" width=\"400\" height=\"270\" \/><\/div>\n<\/div>\n<div align=\"justify\">\u00a0<\/div>\n<div align=\"justify\">F\u00e9lix Cubas, meteor\u00f3logo del Senamhi, explic\u00f3 que desde aproximadamente el a\u00f1o 2007 no se registra en el mar peruano el fen\u00f3meno de La Ni\u00f1a, pero \u00e9ste podr\u00eda presentarse este a\u00f1o y con \u00e9l se acentuar\u00edan m\u00e1s que en a\u00f1os anteriores las condiciones invernales en Limal.<\/p>\n<p>Para que se declare la presencia del fen\u00f3meno de La Ni\u00f1a, debe haber m\u00e1s de tres meses consecutivos de descenso en la temperatura del mar, y ya llevamos dos. Todo hace indicar que tendremos Ni\u00f1a (\u2026) Lima tiene el peor clima en invierno en toda la costa peruana\u201d, indic\u00f3 F\u00e9lix Cubas.<\/p>\n<p>Luego de indicar que la temperatura superficial del mar influye en el clima que se registra en la costa del pa\u00eds, el meteor\u00f3logo adelant\u00f3 que el cielo de Lima estar\u00e1 mayormente cubierto, con escasa presencia de brillo solar y una temperatura m\u00e1xima que no superar\u00e1 los 17 grados.<\/p>\n<p>A esto se suma el ingreso de masas de aire fr\u00edo provenientes de la costa central y norte de Chile, que incrementan la sensaci\u00f3n de enfriamiento en Lima, sobre todo en las noches y muy temprano en las ma\u00f1anas.<\/p>\n<p>En di\u00e1logo con Andina, se\u00f1al\u00f3 que la sensaci\u00f3n t\u00e9rmica m\u00e1s fr\u00eda se sentir\u00e1 en los distritos m\u00e1s alejados del mar, como La Molina, Cieneguilla y Ate; mientras que Villa Mar\u00eda del Triunfo y San Juan de Lurigancho ser\u00e1n las zonas con m\u00e1s lloviznas de la ciudad.<\/p>\n<p>Por \u00faltimo, el meteor\u00f3logo dijo que los \u00edndices de humedad en la capital superar\u00e1n el 95 por ciento.<\/div>\n","protected":false},"excerpt":{"rendered":"<p>(Aeronoticias) Hoy el Servicio Nacional de Meteorolog\u00eda e Hidrolog\u00eda (Senamhi), inform\u00f3 que el invierno en Lima ser\u00e1 el m\u00e1s fr\u00edo de los \u00faltimos tres a\u00f1os, debido al los vientos fr\u00edos que llegan del sur y al descenso de la temperatura del mar, que anuncia la posible llegada del fen\u00f3meno La Ni\u00f1a. Los lime\u00f1os soportar\u00e1n entre [&hellip;]<\/p>\n","protected":false},"author":1,"featured_media":0,"comment_status":"open","ping_status":"open","sticky":false,"template":"","format":"standard","meta":{"tdm_status":"","tdm_grid_status":"","footnotes":""},"categories":[38],"tags":[],"class_list":{"0":"post-11502","1":"post","2":"type-post","3":"status-publish","4":"format-standard","6":"category-nacionales"},"yoast_head":"<!-- This site is optimized with the Yoast SEO plugin v25.1 - https:\/\/yoast.com\/wordpress\/plugins\/seo\/ -->\n<title>Invierno en Lima ser\u00e1 el m\u00e1s fr\u00edo de los \u00faltimos tres a\u00f1os, inform\u00f3 el Senamhi<\/title>\n<meta name=\"description\" content=\"Portal de noticias del Per\u00fa sobre el transporte a\u00e9reo, aviaci\u00f3n, turismo, hoteleria, actualidad.\" \/>\n<meta name=\"robots\" content=\"index, follow, max-snippet:-1, max-image-preview:large, max-video-preview:-1\" \/>\n<link rel=\"canonical\" href=\"https:\/\/aeronoticias.com.pe\/noticiero\/nacionales\/invierno-en-lima-sera-el-mas-frio-de-los-ultimos-tres-anos-informo-el-senamhi\/\" \/>\n<meta property=\"og:locale\" content=\"es_ES\" \/>\n<meta property=\"og:type\" content=\"article\" \/>\n<meta property=\"og:title\" content=\"Invierno en Lima ser\u00e1 el m\u00e1s fr\u00edo de los \u00faltimos tres a\u00f1os, inform\u00f3 el Senamhi\" \/>\n<meta property=\"og:description\" content=\"Portal de noticias del Per\u00fa sobre el transporte a\u00e9reo, aviaci\u00f3n, turismo, hoteleria, actualidad.\" \/>\n<meta property=\"og:url\" content=\"https:\/\/aeronoticias.com.pe\/noticiero\/nacionales\/invierno-en-lima-sera-el-mas-frio-de-los-ultimos-tres-anos-informo-el-senamhi\/\" \/>\n<meta property=\"og:site_name\" content=\"Aeronoticias.com.pe\" \/>\n<meta property=\"article:publisher\" content=\"https:\/\/www.facebook.com\/Aeronoticias.com.pe\/\" \/>\n<meta property=\"article:published_time\" content=\"2010-07-02T19:06:38+00:00\" \/>\n<meta name=\"author\" content=\"Redacci\u00f3n Aeronoticias\" \/>\n<meta name=\"twitter:card\" content=\"summary_large_image\" \/>\n<meta name=\"twitter:creator\" content=\"@aeronoticias\" \/>\n<meta name=\"twitter:site\" content=\"@aeronoticias\" \/>\n<meta name=\"twitter:label1\" content=\"Escrito por\" \/>\n\t<meta name=\"twitter:data1\" content=\"Redacci\u00f3n Aeronoticias\" \/>\n\t<meta name=\"twitter:label2\" content=\"Tiempo de lectura\" \/>\n\t<meta name=\"twitter:data2\" content=\"2 minutos\" \/>\n<script type=\"application\/ld+json\" class=\"yoast-schema-graph\">{\"@context\":\"https:\/\/schema.org\",\"@graph\":[{\"@type\":\"WebPage\",\"@id\":\"https:\/\/aeronoticias.com.pe\/noticiero\/nacionales\/invierno-en-lima-sera-el-mas-frio-de-los-ultimos-tres-anos-informo-el-senamhi\/\",\"url\":\"https:\/\/aeronoticias.com.pe\/noticiero\/nacionales\/invierno-en-lima-sera-el-mas-frio-de-los-ultimos-tres-anos-informo-el-senamhi\/\",\"name\":\"Invierno en Lima ser\u00e1 el m\u00e1s fr\u00edo de los \u00faltimos tres a\u00f1os, inform\u00f3 el Senamhi\",\"isPartOf\":{\"@id\":\"https:\/\/aeronoticias.com.pe\/noticiero\/#website\"},\"datePublished\":\"2010-07-02T19:06:38+00:00\",\"author\":{\"@id\":\"https:\/\/aeronoticias.com.pe\/noticiero\/#\/schema\/person\/fc1e5d578f4b62ba1cf7ac2bba1170a0\"},\"description\":\"Portal de noticias del Per\u00fa sobre el transporte a\u00e9reo, aviaci\u00f3n, turismo, hoteleria, actualidad.\",\"breadcrumb\":{\"@id\":\"https:\/\/aeronoticias.com.pe\/noticiero\/nacionales\/invierno-en-lima-sera-el-mas-frio-de-los-ultimos-tres-anos-informo-el-senamhi\/#breadcrumb\"},\"inLanguage\":\"es\",\"potentialAction\":[{\"@type\":\"ReadAction\",\"target\":[\"https:\/\/aeronoticias.com.pe\/noticiero\/nacionales\/invierno-en-lima-sera-el-mas-frio-de-los-ultimos-tres-anos-informo-el-senamhi\/\"]}]},{\"@type\":\"BreadcrumbList\",\"@id\":\"https:\/\/aeronoticias.com.pe\/noticiero\/nacionales\/invierno-en-lima-sera-el-mas-frio-de-los-ultimos-tres-anos-informo-el-senamhi\/#breadcrumb\",\"itemListElement\":[{\"@type\":\"ListItem\",\"position\":1,\"name\":\"Portada\",\"item\":\"https:\/\/aeronoticias.com.pe\/noticiero\/\"},{\"@type\":\"ListItem\",\"position\":2,\"name\":\"Invierno en Lima ser\u00e1 el m\u00e1s fr\u00edo de los \u00faltimos tres a\u00f1os, inform\u00f3 el Senamhi\"}]},{\"@type\":\"WebSite\",\"@id\":\"https:\/\/aeronoticias.com.pe\/noticiero\/#website\",\"url\":\"https:\/\/aeronoticias.com.pe\/noticiero\/\",\"name\":\"Aeronoticias.com.pe\",\"description\":\"Noticias de tranporte aereo, turismo, hoteles, gastronomia, actualidad, internacional\",\"potentialAction\":[{\"@type\":\"SearchAction\",\"target\":{\"@type\":\"EntryPoint\",\"urlTemplate\":\"https:\/\/aeronoticias.com.pe\/noticiero\/?s={search_term_string}\"},\"query-input\":{\"@type\":\"PropertyValueSpecification\",\"valueRequired\":true,\"valueName\":\"search_term_string\"}}],\"inLanguage\":\"es\"},{\"@type\":\"Person\",\"@id\":\"https:\/\/aeronoticias.com.pe\/noticiero\/#\/schema\/person\/fc1e5d578f4b62ba1cf7ac2bba1170a0\",\"name\":\"Redacci\u00f3n Aeronoticias\",\"url\":\"https:\/\/aeronoticias.com.pe\/noticiero\/author\/piloto\/\"}]}<\/script>\n<!-- \/ Yoast SEO plugin. -->","yoast_head_json":{"title":"Invierno en Lima ser\u00e1 el m\u00e1s fr\u00edo de los \u00faltimos tres a\u00f1os, inform\u00f3 el Senamhi","description":"Portal de noticias del Per\u00fa sobre el transporte a\u00e9reo, aviaci\u00f3n, turismo, hoteleria, actualidad.","robots":{"index":"index","follow":"follow","max-snippet":"max-snippet:-1","max-image-preview":"max-image-preview:large","max-video-preview":"max-video-preview:-1"},"canonical":"https:\/\/aeronoticias.com.pe\/noticiero\/nacionales\/invierno-en-lima-sera-el-mas-frio-de-los-ultimos-tres-anos-informo-el-senamhi\/","og_locale":"es_ES","og_type":"article","og_title":"Invierno en Lima ser\u00e1 el m\u00e1s fr\u00edo de los \u00faltimos tres a\u00f1os, inform\u00f3 el Senamhi","og_description":"Portal de noticias del Per\u00fa sobre el transporte a\u00e9reo, aviaci\u00f3n, turismo, hoteleria, actualidad.","og_url":"https:\/\/aeronoticias.com.pe\/noticiero\/nacionales\/invierno-en-lima-sera-el-mas-frio-de-los-ultimos-tres-anos-informo-el-senamhi\/","og_site_name":"Aeronoticias.com.pe","article_publisher":"https:\/\/www.facebook.com\/Aeronoticias.com.pe\/","article_published_time":"2010-07-02T19:06:38+00:00","author":"Redacci\u00f3n Aeronoticias","twitter_card":"summary_large_image","twitter_creator":"@aeronoticias","twitter_site":"@aeronoticias","twitter_misc":{"Escrito por":"Redacci\u00f3n Aeronoticias","Tiempo de lectura":"2 minutos"},"schema":{"@context":"https:\/\/schema.org","@graph":[{"@type":"WebPage","@id":"https:\/\/aeronoticias.com.pe\/noticiero\/nacionales\/invierno-en-lima-sera-el-mas-frio-de-los-ultimos-tres-anos-informo-el-senamhi\/","url":"https:\/\/aeronoticias.com.pe\/noticiero\/nacionales\/invierno-en-lima-sera-el-mas-frio-de-los-ultimos-tres-anos-informo-el-senamhi\/","name":"Invierno en Lima ser\u00e1 el m\u00e1s fr\u00edo de los \u00faltimos tres a\u00f1os, inform\u00f3 el Senamhi","isPartOf":{"@id":"https:\/\/aeronoticias.com.pe\/noticiero\/#website"},"datePublished":"2010-07-02T19:06:38+00:00","author":{"@id":"https:\/\/aeronoticias.com.pe\/noticiero\/#\/schema\/person\/fc1e5d578f4b62ba1cf7ac2bba1170a0"},"description":"Portal de noticias del Per\u00fa sobre el transporte a\u00e9reo, aviaci\u00f3n, turismo, hoteleria, actualidad.","breadcrumb":{"@id":"https:\/\/aeronoticias.com.pe\/noticiero\/nacionales\/invierno-en-lima-sera-el-mas-frio-de-los-ultimos-tres-anos-informo-el-senamhi\/#breadcrumb"},"inLanguage":"es","potentialAction":[{"@type":"ReadAction","target":["https:\/\/aeronoticias.com.pe\/noticiero\/nacionales\/invierno-en-lima-sera-el-mas-frio-de-los-ultimos-tres-anos-informo-el-senamhi\/"]}]},{"@type":"BreadcrumbList","@id":"https:\/\/aeronoticias.com.pe\/noticiero\/nacionales\/invierno-en-lima-sera-el-mas-frio-de-los-ultimos-tres-anos-informo-el-senamhi\/#breadcrumb","itemListElement":[{"@type":"ListItem","position":1,"name":"Portada","item":"https:\/\/aeronoticias.com.pe\/noticiero\/"},{"@type":"ListItem","position":2,"name":"Invierno en Lima ser\u00e1 el m\u00e1s fr\u00edo de los \u00faltimos tres a\u00f1os, inform\u00f3 el Senamhi"}]},{"@type":"WebSite","@id":"https:\/\/aeronoticias.com.pe\/noticiero\/#website","url":"https:\/\/aeronoticias.com.pe\/noticiero\/","name":"Aeronoticias.com.pe","description":"Noticias de tranporte aereo, turismo, hoteles, gastronomia, actualidad, internacional","potentialAction":[{"@type":"SearchAction","target":{"@type":"EntryPoint","urlTemplate":"https:\/\/aeronoticias.com.pe\/noticiero\/?s={search_term_string}"},"query-input":{"@type":"PropertyValueSpecification","valueRequired":true,"valueName":"search_term_string"}}],"inLanguage":"es"},{"@type":"Person","@id":"https:\/\/aeronoticias.com.pe\/noticiero\/#\/schema\/person\/fc1e5d578f4b62ba1cf7ac2bba1170a0","name":"Redacci\u00f3n Aeronoticias","url":"https:\/\/aeronoticias.com.pe\/noticiero\/author\/piloto\/"}]}},"_links":{"self":[{"href":"https:\/\/aeronoticias.com.pe\/noticiero\/wp-json\/wp\/v2\/posts\/11502","targetHints":{"allow":["GET"]}}],"collection":[{"href":"https:\/\/aeronoticias.com.pe\/noticiero\/wp-json\/wp\/v2\/posts"}],"about":[{"href":"https:\/\/aeronoticias.com.pe\/noticiero\/wp-json\/wp\/v2\/types\/post"}],"author":[{"embeddable":true,"href":"https:\/\/aeronoticias.com.pe\/noticiero\/wp-json\/wp\/v2\/users\/1"}],"replies":[{"embeddable":true,"href":"https:\/\/aeronoticias.com.pe\/noticiero\/wp-json\/wp\/v2\/comments?post=11502"}],"version-history":[{"count":0,"href":"https:\/\/aeronoticias.com.pe\/noticiero\/wp-json\/wp\/v2\/posts\/11502\/revisions"}],"wp:attachment":[{"href":"https:\/\/aeronoticias.com.pe\/noticiero\/wp-json\/wp\/v2\/media?parent=11502"}],"wp:term":[{"taxonomy":"category","embeddable":true,"href":"https:\/\/aeronoticias.com.pe\/noticiero\/wp-json\/wp\/v2\/categories?post=11502"},{"taxonomy":"post_tag","embeddable":true,"href":"https:\/\/aeronoticias.com.pe\/noticiero\/wp-json\/wp\/v2\/tags?post=11502"}],"curies":[{"name":"wp","href":"https:\/\/api.w.org\/{rel}","templated":true}]}}