{"id":11503,"date":"2010-07-02T20:27:14","date_gmt":"2010-07-02T20:27:14","guid":{"rendered":"http:\/\/desarrollo.mcvicious.com\/aero2020\/2010\/07\/02\/lenovo-argentina-presente-en-sudafrica-2010-de-la-mano-de-fox-sports\/"},"modified":"2010-07-02T20:27:14","modified_gmt":"2010-07-02T20:27:14","slug":"lenovo-argentina-presente-en-sudafrica-2010-de-la-mano-de-fox-sports","status":"publish","type":"post","link":"https:\/\/aeronoticias.com.pe\/noticiero\/27\/lenovo-argentina-presente-en-sudafrica-2010-de-la-mano-de-fox-sports\/","title":{"rendered":"Lenovo Argentina presente en Sud\u00e1frica 2010 de la mano de Fox Sports"},"content":{"rendered":"<div align=\"justify\"><strong>(Aeronoticias).-<\/strong> Lenovo Argentina anunci\u00f3 que ha firmado un acuerdo con Fox Sports Latin America a trav\u00e9s del cual el fabricante de computadoras proveer\u00e1 con equipos (notebooks, netbooks y All-in-One) los estudios del canal, tanto en Buenos Aires como en Sud\u00e1frica.<\/p>\n<p>Fox Sports emite una \u00fanica se\u00f1al durante el mundial que se llama Fox Sports Central y va para todos los pa\u00edses de Am\u00e9rica Latina habla hispana. Los estudios desde donde se realizan las transmisiones cuentan con innovadores equipos de Lenovo, entre los que se encuentran las notebooks Y550, netbooks S10-2 y equipos All-in-One A300 y C315 con pantalla t\u00e1ctil.<\/p>\n<p>\u201cAcompa\u00f1ar a Fox Sports Latinoam\u00e9rica, la se\u00f1al l\u00edder en deportes de la regi\u00f3n, durante la cobertura de la Copa del Mundo en Sud\u00e1frica, es una acci\u00f3n \u00fanica en la cual podremos ver c\u00f3mo nuestros equipos ayudan a los periodistas a tener informaci\u00f3n al instante, compartir datos, im\u00e1genes y videos, y tener tambi\u00e9n una experiencia interactiva\u201d, expres\u00f3 Mariano Besler, Gerente de Marketing Regional de Lenovo. <\/p>\n<div style=\"text-align: center\"><img decoding=\"async\" src=\"images\/stories\/10\/07\/020710\/lenovofox.jpg\" border=\"0\" \/><\/div>\n<p>Las notebooks Y550 y las All-in-One est\u00e1n disponibles en los estudios de grabaci\u00f3n. Asimismo estos equipos ofrecen tanto dise\u00f1o de calidad con las \u00faltimas tecnolog\u00edas como tambi\u00e9n la posibilidad de ahorrar espacio.<\/p>\n<p>Por su parte, Mariano Lavalle, Gerente de Ventas Publicitarias para Argentina de Fox Sports Latin Am\u00e9rica Regi\u00f3n Sur, manifest\u00f3: \u201cEstamos haciendo una apuesta muy fuerte con FS Central para el mundial y un evento de tal magnitud requiere equipamiento de primer nivel para estar a la altura del despliegue que la cobertura panregional demanda y sin dudas este acuerdo con Lenovo nos potenciar\u00e1 en este punto, dado su prestigio y confiabilidad en el mercado\u201d.<\/p>\n<p>Es importante se\u00f1alar que las netbooks est\u00e1n siendo utilizadas por los periodistas que est\u00e1n cubriendo los partidos desde las diferentes locaciones. Si bien estas port\u00e1tiles son muy f\u00e1ciles de usar y pesan s\u00f3lo 1,4 kg., tambi\u00e9n cuentan con un teclado de tama\u00f1o casi est\u00e1ndar, un mayor touch-pad y una duraci\u00f3n de bater\u00eda ideal para los corresponsales que estar\u00e1n fuera del estudio.<\/p><\/div>\n","protected":false},"excerpt":{"rendered":"<p>(Aeronoticias).- Lenovo Argentina anunci\u00f3 que ha firmado un acuerdo con Fox Sports Latin America a trav\u00e9s del cual el fabricante de computadoras proveer\u00e1 con equipos (notebooks, netbooks y All-in-One) los estudios del canal, tanto en Buenos Aires como en Sud\u00e1frica. Fox Sports emite una \u00fanica se\u00f1al durante el mundial que se llama Fox Sports Central [&hellip;]<\/p>\n","protected":false},"author":1,"featured_media":0,"comment_status":"open","ping_status":"open","sticky":false,"template":"","format":"standard","meta":{"tdm_status":"","tdm_grid_status":"","footnotes":""},"categories":[35],"tags":[],"class_list":{"0":"post-11503","1":"post","2":"type-post","3":"status-publish","4":"format-standard","6":"category-35"},"yoast_head":"<!-- This site is optimized with the Yoast SEO plugin v25.1 - https:\/\/yoast.com\/wordpress\/plugins\/seo\/ -->\n<title>Lenovo Argentina presente en Sud\u00e1frica 2010 de la mano de Fox Sports<\/title>\n<meta name=\"description\" content=\"Portal de noticias del Per\u00fa sobre el transporte a\u00e9reo, aviaci\u00f3n, turismo, hoteleria, actualidad.\" \/>\n<meta name=\"robots\" content=\"index, follow, max-snippet:-1, max-image-preview:large, max-video-preview:-1\" \/>\n<link rel=\"canonical\" href=\"https:\/\/aeronoticias.com.pe\/noticiero\/27\/lenovo-argentina-presente-en-sudafrica-2010-de-la-mano-de-fox-sports\/\" \/>\n<meta property=\"og:locale\" content=\"es_ES\" \/>\n<meta property=\"og:type\" content=\"article\" \/>\n<meta property=\"og:title\" content=\"Lenovo Argentina presente en Sud\u00e1frica 2010 de la mano de Fox Sports\" \/>\n<meta property=\"og:description\" content=\"Portal de noticias del Per\u00fa sobre el transporte a\u00e9reo, aviaci\u00f3n, turismo, hoteleria, actualidad.\" \/>\n<meta property=\"og:url\" content=\"https:\/\/aeronoticias.com.pe\/noticiero\/27\/lenovo-argentina-presente-en-sudafrica-2010-de-la-mano-de-fox-sports\/\" \/>\n<meta property=\"og:site_name\" content=\"Aeronoticias.com.pe\" \/>\n<meta property=\"article:publisher\" content=\"https:\/\/www.facebook.com\/Aeronoticias.com.pe\/\" \/>\n<meta property=\"article:published_time\" content=\"2010-07-02T20:27:14+00:00\" \/>\n<meta name=\"author\" content=\"Redacci\u00f3n Aeronoticias\" \/>\n<meta name=\"twitter:card\" content=\"summary_large_image\" \/>\n<meta name=\"twitter:creator\" content=\"@aeronoticias\" \/>\n<meta name=\"twitter:site\" content=\"@aeronoticias\" \/>\n<meta name=\"twitter:label1\" content=\"Escrito por\" \/>\n\t<meta name=\"twitter:data1\" content=\"Redacci\u00f3n Aeronoticias\" \/>\n\t<meta name=\"twitter:label2\" content=\"Tiempo de lectura\" \/>\n\t<meta name=\"twitter:data2\" content=\"2 minutos\" \/>\n<script type=\"application\/ld+json\" class=\"yoast-schema-graph\">{\"@context\":\"https:\/\/schema.org\",\"@graph\":[{\"@type\":\"WebPage\",\"@id\":\"https:\/\/aeronoticias.com.pe\/noticiero\/27\/lenovo-argentina-presente-en-sudafrica-2010-de-la-mano-de-fox-sports\/\",\"url\":\"https:\/\/aeronoticias.com.pe\/noticiero\/27\/lenovo-argentina-presente-en-sudafrica-2010-de-la-mano-de-fox-sports\/\",\"name\":\"Lenovo Argentina presente en Sud\u00e1frica 2010 de la mano de Fox Sports\",\"isPartOf\":{\"@id\":\"https:\/\/aeronoticias.com.pe\/noticiero\/#website\"},\"datePublished\":\"2010-07-02T20:27:14+00:00\",\"author\":{\"@id\":\"https:\/\/aeronoticias.com.pe\/noticiero\/#\/schema\/person\/fc1e5d578f4b62ba1cf7ac2bba1170a0\"},\"description\":\"Portal de noticias del Per\u00fa sobre el transporte a\u00e9reo, aviaci\u00f3n, turismo, hoteleria, actualidad.\",\"breadcrumb\":{\"@id\":\"https:\/\/aeronoticias.com.pe\/noticiero\/27\/lenovo-argentina-presente-en-sudafrica-2010-de-la-mano-de-fox-sports\/#breadcrumb\"},\"inLanguage\":\"es\",\"potentialAction\":[{\"@type\":\"ReadAction\",\"target\":[\"https:\/\/aeronoticias.com.pe\/noticiero\/27\/lenovo-argentina-presente-en-sudafrica-2010-de-la-mano-de-fox-sports\/\"]}]},{\"@type\":\"BreadcrumbList\",\"@id\":\"https:\/\/aeronoticias.com.pe\/noticiero\/27\/lenovo-argentina-presente-en-sudafrica-2010-de-la-mano-de-fox-sports\/#breadcrumb\",\"itemListElement\":[{\"@type\":\"ListItem\",\"position\":1,\"name\":\"Portada\",\"item\":\"https:\/\/aeronoticias.com.pe\/noticiero\/\"},{\"@type\":\"ListItem\",\"position\":2,\"name\":\"Lenovo Argentina presente en Sud\u00e1frica 2010 de la mano de Fox Sports\"}]},{\"@type\":\"WebSite\",\"@id\":\"https:\/\/aeronoticias.com.pe\/noticiero\/#website\",\"url\":\"https:\/\/aeronoticias.com.pe\/noticiero\/\",\"name\":\"Aeronoticias.com.pe\",\"description\":\"Noticias de tranporte aereo, turismo, hoteles, gastronomia, actualidad, internacional\",\"potentialAction\":[{\"@type\":\"SearchAction\",\"target\":{\"@type\":\"EntryPoint\",\"urlTemplate\":\"https:\/\/aeronoticias.com.pe\/noticiero\/?s={search_term_string}\"},\"query-input\":{\"@type\":\"PropertyValueSpecification\",\"valueRequired\":true,\"valueName\":\"search_term_string\"}}],\"inLanguage\":\"es\"},{\"@type\":\"Person\",\"@id\":\"https:\/\/aeronoticias.com.pe\/noticiero\/#\/schema\/person\/fc1e5d578f4b62ba1cf7ac2bba1170a0\",\"name\":\"Redacci\u00f3n Aeronoticias\",\"url\":\"https:\/\/aeronoticias.com.pe\/noticiero\/author\/piloto\/\"}]}<\/script>\n<!-- \/ Yoast SEO plugin. -->","yoast_head_json":{"title":"Lenovo Argentina presente en Sud\u00e1frica 2010 de la mano de Fox Sports","description":"Portal de noticias del Per\u00fa sobre el transporte a\u00e9reo, aviaci\u00f3n, turismo, hoteleria, actualidad.","robots":{"index":"index","follow":"follow","max-snippet":"max-snippet:-1","max-image-preview":"max-image-preview:large","max-video-preview":"max-video-preview:-1"},"canonical":"https:\/\/aeronoticias.com.pe\/noticiero\/27\/lenovo-argentina-presente-en-sudafrica-2010-de-la-mano-de-fox-sports\/","og_locale":"es_ES","og_type":"article","og_title":"Lenovo Argentina presente en Sud\u00e1frica 2010 de la mano de Fox Sports","og_description":"Portal de noticias del Per\u00fa sobre el transporte a\u00e9reo, aviaci\u00f3n, turismo, hoteleria, actualidad.","og_url":"https:\/\/aeronoticias.com.pe\/noticiero\/27\/lenovo-argentina-presente-en-sudafrica-2010-de-la-mano-de-fox-sports\/","og_site_name":"Aeronoticias.com.pe","article_publisher":"https:\/\/www.facebook.com\/Aeronoticias.com.pe\/","article_published_time":"2010-07-02T20:27:14+00:00","author":"Redacci\u00f3n Aeronoticias","twitter_card":"summary_large_image","twitter_creator":"@aeronoticias","twitter_site":"@aeronoticias","twitter_misc":{"Escrito por":"Redacci\u00f3n Aeronoticias","Tiempo de lectura":"2 minutos"},"schema":{"@context":"https:\/\/schema.org","@graph":[{"@type":"WebPage","@id":"https:\/\/aeronoticias.com.pe\/noticiero\/27\/lenovo-argentina-presente-en-sudafrica-2010-de-la-mano-de-fox-sports\/","url":"https:\/\/aeronoticias.com.pe\/noticiero\/27\/lenovo-argentina-presente-en-sudafrica-2010-de-la-mano-de-fox-sports\/","name":"Lenovo Argentina presente en Sud\u00e1frica 2010 de la mano de Fox Sports","isPartOf":{"@id":"https:\/\/aeronoticias.com.pe\/noticiero\/#website"},"datePublished":"2010-07-02T20:27:14+00:00","author":{"@id":"https:\/\/aeronoticias.com.pe\/noticiero\/#\/schema\/person\/fc1e5d578f4b62ba1cf7ac2bba1170a0"},"description":"Portal de noticias del Per\u00fa sobre el transporte a\u00e9reo, aviaci\u00f3n, turismo, hoteleria, actualidad.","breadcrumb":{"@id":"https:\/\/aeronoticias.com.pe\/noticiero\/27\/lenovo-argentina-presente-en-sudafrica-2010-de-la-mano-de-fox-sports\/#breadcrumb"},"inLanguage":"es","potentialAction":[{"@type":"ReadAction","target":["https:\/\/aeronoticias.com.pe\/noticiero\/27\/lenovo-argentina-presente-en-sudafrica-2010-de-la-mano-de-fox-sports\/"]}]},{"@type":"BreadcrumbList","@id":"https:\/\/aeronoticias.com.pe\/noticiero\/27\/lenovo-argentina-presente-en-sudafrica-2010-de-la-mano-de-fox-sports\/#breadcrumb","itemListElement":[{"@type":"ListItem","position":1,"name":"Portada","item":"https:\/\/aeronoticias.com.pe\/noticiero\/"},{"@type":"ListItem","position":2,"name":"Lenovo Argentina presente en Sud\u00e1frica 2010 de la mano de Fox Sports"}]},{"@type":"WebSite","@id":"https:\/\/aeronoticias.com.pe\/noticiero\/#website","url":"https:\/\/aeronoticias.com.pe\/noticiero\/","name":"Aeronoticias.com.pe","description":"Noticias de tranporte aereo, turismo, hoteles, gastronomia, actualidad, internacional","potentialAction":[{"@type":"SearchAction","target":{"@type":"EntryPoint","urlTemplate":"https:\/\/aeronoticias.com.pe\/noticiero\/?s={search_term_string}"},"query-input":{"@type":"PropertyValueSpecification","valueRequired":true,"valueName":"search_term_string"}}],"inLanguage":"es"},{"@type":"Person","@id":"https:\/\/aeronoticias.com.pe\/noticiero\/#\/schema\/person\/fc1e5d578f4b62ba1cf7ac2bba1170a0","name":"Redacci\u00f3n Aeronoticias","url":"https:\/\/aeronoticias.com.pe\/noticiero\/author\/piloto\/"}]}},"_links":{"self":[{"href":"https:\/\/aeronoticias.com.pe\/noticiero\/wp-json\/wp\/v2\/posts\/11503","targetHints":{"allow":["GET"]}}],"collection":[{"href":"https:\/\/aeronoticias.com.pe\/noticiero\/wp-json\/wp\/v2\/posts"}],"about":[{"href":"https:\/\/aeronoticias.com.pe\/noticiero\/wp-json\/wp\/v2\/types\/post"}],"author":[{"embeddable":true,"href":"https:\/\/aeronoticias.com.pe\/noticiero\/wp-json\/wp\/v2\/users\/1"}],"replies":[{"embeddable":true,"href":"https:\/\/aeronoticias.com.pe\/noticiero\/wp-json\/wp\/v2\/comments?post=11503"}],"version-history":[{"count":0,"href":"https:\/\/aeronoticias.com.pe\/noticiero\/wp-json\/wp\/v2\/posts\/11503\/revisions"}],"wp:attachment":[{"href":"https:\/\/aeronoticias.com.pe\/noticiero\/wp-json\/wp\/v2\/media?parent=11503"}],"wp:term":[{"taxonomy":"category","embeddable":true,"href":"https:\/\/aeronoticias.com.pe\/noticiero\/wp-json\/wp\/v2\/categories?post=11503"},{"taxonomy":"post_tag","embeddable":true,"href":"https:\/\/aeronoticias.com.pe\/noticiero\/wp-json\/wp\/v2\/tags?post=11503"}],"curies":[{"name":"wp","href":"https:\/\/api.w.org\/{rel}","templated":true}]}}