{"id":12705,"date":"2010-09-08T15:05:29","date_gmt":"2010-09-08T15:05:29","guid":{"rendered":"http:\/\/desarrollo.mcvicious.com\/aero2020\/2010\/09\/08\/velasquez-quesquen-podria-ser-el-candidato-presidencial-del-apra\/"},"modified":"2010-09-08T15:05:29","modified_gmt":"2010-09-08T15:05:29","slug":"velasquez-quesquen-podria-ser-el-candidato-presidencial-del-apra","status":"publish","type":"post","link":"https:\/\/aeronoticias.com.pe\/noticiero\/politica\/velasquez-quesquen-podria-ser-el-candidato-presidencial-del-apra\/","title":{"rendered":"Vel\u00e1squez Quesqu\u00e9n podr\u00eda ser el candidato presidencial del APRA"},"content":{"rendered":"<div align=\"justify\"><strong>(Aeronoticias).-<\/strong> La congresista aprista Mercedes Cabanillas, de amplia y conocida trayectoria pol\u00edtica, manifest\u00f3 que el candidato de su partido a la presidencia de la rep\u00fablica en las elecciones del pr\u00f3ximo a\u00f1o podr\u00eda ser el actual Premier Javier Vel\u00e1squez Quesqu\u00e9n, \u201cpor el buen manejo que ha demostrado en la cosa p\u00fablica\u201d.<\/div>\n<div align=\"justify\">\u00a0<\/div>\n<div align=\"justify\">\n<div style=\"text-align: center\"><img decoding=\"async\" src=\"images\/stories\/10\/09\/080910\/velasquez.jpg\" border=\"0\" title=\"Velasquez Quesquen\" \/><\/div>\n<p>\u00a0<\/p><\/div>\n<div align=\"justify\">Atribuy\u00f3 a razones de estrategia pol\u00edtica la demora del APRA en revelar qui\u00e9n lo representar\u00e1 en esos comicios, de acuerdo a la realidad pol\u00edtica actual. \u201cNadie tiene una bola de cristal para anticiparse a los acontecimientos\u201d. precis\u00f3 en declaraciones formuladas esta ma\u00f1ana a periodistas de Radio Programas del Per\u00fa.<\/p>\n<p>Por otro lado dijo que el partido de gobierno tiene muchos cuadros j\u00f3venes para \u201carmar equipos que disputar\u00e1n las elecciones municipales en toda la rep\u00fablica\u201d, admitiendo sin embargo que debe mejorar la organizaci\u00f3n de estos grupos para asegurar una victoria.<\/div>\n","protected":false},"excerpt":{"rendered":"<p>(Aeronoticias).- La congresista aprista Mercedes Cabanillas, de amplia y conocida trayectoria pol\u00edtica, manifest\u00f3 que el candidato de su partido a la presidencia de la rep\u00fablica en las elecciones del pr\u00f3ximo a\u00f1o podr\u00eda ser el actual Premier Javier Vel\u00e1squez Quesqu\u00e9n, \u201cpor el buen manejo que ha demostrado en la cosa p\u00fablica\u201d. \u00a0 \u00a0 Atribuy\u00f3 a razones [&hellip;]<\/p>\n","protected":false},"author":1,"featured_media":0,"comment_status":"open","ping_status":"open","sticky":false,"template":"","format":"standard","meta":{"tdm_status":"","tdm_grid_status":"","footnotes":""},"categories":[36],"tags":[],"class_list":{"0":"post-12705","1":"post","2":"type-post","3":"status-publish","4":"format-standard","6":"category-politica"},"yoast_head":"<!-- This site is optimized with the Yoast SEO plugin v25.1 - https:\/\/yoast.com\/wordpress\/plugins\/seo\/ -->\n<title>Vel\u00e1squez Quesqu\u00e9n podr\u00eda ser el candidato presidencial del APRA<\/title>\n<meta name=\"description\" content=\"Portal de noticias del Per\u00fa sobre el transporte a\u00e9reo, aviaci\u00f3n, turismo, hoteleria, actualidad.\" \/>\n<meta name=\"robots\" content=\"index, follow, max-snippet:-1, max-image-preview:large, max-video-preview:-1\" \/>\n<link rel=\"canonical\" href=\"https:\/\/aeronoticias.com.pe\/noticiero\/politica\/velasquez-quesquen-podria-ser-el-candidato-presidencial-del-apra\/\" \/>\n<meta property=\"og:locale\" content=\"es_ES\" \/>\n<meta property=\"og:type\" content=\"article\" \/>\n<meta property=\"og:title\" content=\"Vel\u00e1squez Quesqu\u00e9n podr\u00eda ser el candidato presidencial del APRA\" \/>\n<meta property=\"og:description\" content=\"Portal de noticias del Per\u00fa sobre el transporte a\u00e9reo, aviaci\u00f3n, turismo, hoteleria, actualidad.\" \/>\n<meta property=\"og:url\" content=\"https:\/\/aeronoticias.com.pe\/noticiero\/politica\/velasquez-quesquen-podria-ser-el-candidato-presidencial-del-apra\/\" \/>\n<meta property=\"og:site_name\" content=\"Aeronoticias.com.pe\" \/>\n<meta property=\"article:publisher\" content=\"https:\/\/www.facebook.com\/Aeronoticias.com.pe\/\" \/>\n<meta property=\"article:published_time\" content=\"2010-09-08T15:05:29+00:00\" \/>\n<meta name=\"author\" content=\"Redacci\u00f3n Aeronoticias\" \/>\n<meta name=\"twitter:card\" content=\"summary_large_image\" \/>\n<meta name=\"twitter:creator\" content=\"@aeronoticias\" \/>\n<meta name=\"twitter:site\" content=\"@aeronoticias\" \/>\n<meta name=\"twitter:label1\" content=\"Escrito por\" \/>\n\t<meta name=\"twitter:data1\" content=\"Redacci\u00f3n Aeronoticias\" \/>\n\t<meta name=\"twitter:label2\" content=\"Tiempo de lectura\" \/>\n\t<meta name=\"twitter:data2\" content=\"1 minuto\" \/>\n<script type=\"application\/ld+json\" class=\"yoast-schema-graph\">{\"@context\":\"https:\/\/schema.org\",\"@graph\":[{\"@type\":\"WebPage\",\"@id\":\"https:\/\/aeronoticias.com.pe\/noticiero\/politica\/velasquez-quesquen-podria-ser-el-candidato-presidencial-del-apra\/\",\"url\":\"https:\/\/aeronoticias.com.pe\/noticiero\/politica\/velasquez-quesquen-podria-ser-el-candidato-presidencial-del-apra\/\",\"name\":\"Vel\u00e1squez Quesqu\u00e9n podr\u00eda ser el candidato presidencial del APRA\",\"isPartOf\":{\"@id\":\"https:\/\/aeronoticias.com.pe\/noticiero\/#website\"},\"datePublished\":\"2010-09-08T15:05:29+00:00\",\"author\":{\"@id\":\"https:\/\/aeronoticias.com.pe\/noticiero\/#\/schema\/person\/fc1e5d578f4b62ba1cf7ac2bba1170a0\"},\"description\":\"Portal de noticias del Per\u00fa sobre el transporte a\u00e9reo, aviaci\u00f3n, turismo, hoteleria, actualidad.\",\"breadcrumb\":{\"@id\":\"https:\/\/aeronoticias.com.pe\/noticiero\/politica\/velasquez-quesquen-podria-ser-el-candidato-presidencial-del-apra\/#breadcrumb\"},\"inLanguage\":\"es\",\"potentialAction\":[{\"@type\":\"ReadAction\",\"target\":[\"https:\/\/aeronoticias.com.pe\/noticiero\/politica\/velasquez-quesquen-podria-ser-el-candidato-presidencial-del-apra\/\"]}]},{\"@type\":\"BreadcrumbList\",\"@id\":\"https:\/\/aeronoticias.com.pe\/noticiero\/politica\/velasquez-quesquen-podria-ser-el-candidato-presidencial-del-apra\/#breadcrumb\",\"itemListElement\":[{\"@type\":\"ListItem\",\"position\":1,\"name\":\"Portada\",\"item\":\"https:\/\/aeronoticias.com.pe\/noticiero\/\"},{\"@type\":\"ListItem\",\"position\":2,\"name\":\"Vel\u00e1squez Quesqu\u00e9n podr\u00eda ser el candidato presidencial del APRA\"}]},{\"@type\":\"WebSite\",\"@id\":\"https:\/\/aeronoticias.com.pe\/noticiero\/#website\",\"url\":\"https:\/\/aeronoticias.com.pe\/noticiero\/\",\"name\":\"Aeronoticias.com.pe\",\"description\":\"Noticias de tranporte aereo, turismo, hoteles, gastronomia, actualidad, internacional\",\"potentialAction\":[{\"@type\":\"SearchAction\",\"target\":{\"@type\":\"EntryPoint\",\"urlTemplate\":\"https:\/\/aeronoticias.com.pe\/noticiero\/?s={search_term_string}\"},\"query-input\":{\"@type\":\"PropertyValueSpecification\",\"valueRequired\":true,\"valueName\":\"search_term_string\"}}],\"inLanguage\":\"es\"},{\"@type\":\"Person\",\"@id\":\"https:\/\/aeronoticias.com.pe\/noticiero\/#\/schema\/person\/fc1e5d578f4b62ba1cf7ac2bba1170a0\",\"name\":\"Redacci\u00f3n Aeronoticias\",\"url\":\"https:\/\/aeronoticias.com.pe\/noticiero\/author\/piloto\/\"}]}<\/script>\n<!-- \/ Yoast SEO plugin. -->","yoast_head_json":{"title":"Vel\u00e1squez Quesqu\u00e9n podr\u00eda ser el candidato presidencial del APRA","description":"Portal de noticias del Per\u00fa sobre el transporte a\u00e9reo, aviaci\u00f3n, turismo, hoteleria, actualidad.","robots":{"index":"index","follow":"follow","max-snippet":"max-snippet:-1","max-image-preview":"max-image-preview:large","max-video-preview":"max-video-preview:-1"},"canonical":"https:\/\/aeronoticias.com.pe\/noticiero\/politica\/velasquez-quesquen-podria-ser-el-candidato-presidencial-del-apra\/","og_locale":"es_ES","og_type":"article","og_title":"Vel\u00e1squez Quesqu\u00e9n podr\u00eda ser el candidato presidencial del APRA","og_description":"Portal de noticias del Per\u00fa sobre el transporte a\u00e9reo, aviaci\u00f3n, turismo, hoteleria, actualidad.","og_url":"https:\/\/aeronoticias.com.pe\/noticiero\/politica\/velasquez-quesquen-podria-ser-el-candidato-presidencial-del-apra\/","og_site_name":"Aeronoticias.com.pe","article_publisher":"https:\/\/www.facebook.com\/Aeronoticias.com.pe\/","article_published_time":"2010-09-08T15:05:29+00:00","author":"Redacci\u00f3n Aeronoticias","twitter_card":"summary_large_image","twitter_creator":"@aeronoticias","twitter_site":"@aeronoticias","twitter_misc":{"Escrito por":"Redacci\u00f3n Aeronoticias","Tiempo de lectura":"1 minuto"},"schema":{"@context":"https:\/\/schema.org","@graph":[{"@type":"WebPage","@id":"https:\/\/aeronoticias.com.pe\/noticiero\/politica\/velasquez-quesquen-podria-ser-el-candidato-presidencial-del-apra\/","url":"https:\/\/aeronoticias.com.pe\/noticiero\/politica\/velasquez-quesquen-podria-ser-el-candidato-presidencial-del-apra\/","name":"Vel\u00e1squez Quesqu\u00e9n podr\u00eda ser el candidato presidencial del APRA","isPartOf":{"@id":"https:\/\/aeronoticias.com.pe\/noticiero\/#website"},"datePublished":"2010-09-08T15:05:29+00:00","author":{"@id":"https:\/\/aeronoticias.com.pe\/noticiero\/#\/schema\/person\/fc1e5d578f4b62ba1cf7ac2bba1170a0"},"description":"Portal de noticias del Per\u00fa sobre el transporte a\u00e9reo, aviaci\u00f3n, turismo, hoteleria, actualidad.","breadcrumb":{"@id":"https:\/\/aeronoticias.com.pe\/noticiero\/politica\/velasquez-quesquen-podria-ser-el-candidato-presidencial-del-apra\/#breadcrumb"},"inLanguage":"es","potentialAction":[{"@type":"ReadAction","target":["https:\/\/aeronoticias.com.pe\/noticiero\/politica\/velasquez-quesquen-podria-ser-el-candidato-presidencial-del-apra\/"]}]},{"@type":"BreadcrumbList","@id":"https:\/\/aeronoticias.com.pe\/noticiero\/politica\/velasquez-quesquen-podria-ser-el-candidato-presidencial-del-apra\/#breadcrumb","itemListElement":[{"@type":"ListItem","position":1,"name":"Portada","item":"https:\/\/aeronoticias.com.pe\/noticiero\/"},{"@type":"ListItem","position":2,"name":"Vel\u00e1squez Quesqu\u00e9n podr\u00eda ser el candidato presidencial del APRA"}]},{"@type":"WebSite","@id":"https:\/\/aeronoticias.com.pe\/noticiero\/#website","url":"https:\/\/aeronoticias.com.pe\/noticiero\/","name":"Aeronoticias.com.pe","description":"Noticias de tranporte aereo, turismo, hoteles, gastronomia, actualidad, internacional","potentialAction":[{"@type":"SearchAction","target":{"@type":"EntryPoint","urlTemplate":"https:\/\/aeronoticias.com.pe\/noticiero\/?s={search_term_string}"},"query-input":{"@type":"PropertyValueSpecification","valueRequired":true,"valueName":"search_term_string"}}],"inLanguage":"es"},{"@type":"Person","@id":"https:\/\/aeronoticias.com.pe\/noticiero\/#\/schema\/person\/fc1e5d578f4b62ba1cf7ac2bba1170a0","name":"Redacci\u00f3n Aeronoticias","url":"https:\/\/aeronoticias.com.pe\/noticiero\/author\/piloto\/"}]}},"_links":{"self":[{"href":"https:\/\/aeronoticias.com.pe\/noticiero\/wp-json\/wp\/v2\/posts\/12705","targetHints":{"allow":["GET"]}}],"collection":[{"href":"https:\/\/aeronoticias.com.pe\/noticiero\/wp-json\/wp\/v2\/posts"}],"about":[{"href":"https:\/\/aeronoticias.com.pe\/noticiero\/wp-json\/wp\/v2\/types\/post"}],"author":[{"embeddable":true,"href":"https:\/\/aeronoticias.com.pe\/noticiero\/wp-json\/wp\/v2\/users\/1"}],"replies":[{"embeddable":true,"href":"https:\/\/aeronoticias.com.pe\/noticiero\/wp-json\/wp\/v2\/comments?post=12705"}],"version-history":[{"count":0,"href":"https:\/\/aeronoticias.com.pe\/noticiero\/wp-json\/wp\/v2\/posts\/12705\/revisions"}],"wp:attachment":[{"href":"https:\/\/aeronoticias.com.pe\/noticiero\/wp-json\/wp\/v2\/media?parent=12705"}],"wp:term":[{"taxonomy":"category","embeddable":true,"href":"https:\/\/aeronoticias.com.pe\/noticiero\/wp-json\/wp\/v2\/categories?post=12705"},{"taxonomy":"post_tag","embeddable":true,"href":"https:\/\/aeronoticias.com.pe\/noticiero\/wp-json\/wp\/v2\/tags?post=12705"}],"curies":[{"name":"wp","href":"https:\/\/api.w.org\/{rel}","templated":true}]}}