{"id":12716,"date":"2010-09-08T18:36:51","date_gmt":"2010-09-08T18:36:51","guid":{"rendered":"http:\/\/desarrollo.mcvicious.com\/aero2020\/2010\/09\/08\/alejandro-sanz-juan-luis-guerra-y-jorge-drexler-son-los-favoritos-para-los-grammy\/"},"modified":"2010-09-08T18:36:51","modified_gmt":"2010-09-08T18:36:51","slug":"alejandro-sanz-juan-luis-guerra-y-jorge-drexler-son-los-favoritos-para-los-grammy","status":"publish","type":"post","link":"https:\/\/aeronoticias.com.pe\/noticiero\/espectaculos\/alejandro-sanz-juan-luis-guerra-y-jorge-drexler-son-los-favoritos-para-los-grammy\/","title":{"rendered":"Alejandro Sanz, Juan Luis Guerra y Jorge Drexler son los favoritos para los Grammy"},"content":{"rendered":"<div align=\"justify\"><strong>(Aeronoticias).-<\/strong> El espa\u00f1ol Alejandro Sanz, el dominicano Juan Luis Guerra, el uruguayo Jorge Drexler y el mexicano Mario Domm son los favoritos para llevarse los premios Grammy Latino, con cuatro candidaturas cada uno, inform\u00f3 la Academia Latina de la Grabaci\u00f3n.<\/p>\n<p>Alejandro Sanz consigui\u00f3 nominaciones al \u00c1lbum del A\u00f1o y Mejor \u00c1lbum vocal pop masculino por \u00abPara\u00edso Express\u00bb, as\u00ed como a la Mejor Grabaci\u00f3n del a\u00f1o y Canci\u00f3n del a\u00f1o por \u00abDesde cu\u00e1ndo\u00bb.<\/p><\/div>\n<div align=\"justify\">\u00a0<\/div>\n<div align=\"justify\">\u00a0<\/p>\n<div style=\"text-align: center\"><img decoding=\"async\" src=\"images\/stories\/10\/09\/080910\/sanzguerra.jpg\" border=\"0\" \/><\/div>\n<\/div>\n<div align=\"justify\">\u00a0<\/div>\n<div align=\"justify\">Por su parte, Juan Luis Guerra aspira a los gram\u00f3fonos dorados en los campos de \u00c1lbum del A\u00f1o y \u00c1lbum Tropical contempor\u00e1neo por \u00abA son de guerra\u00bb, y Mejor Canci\u00f3n Tropical y Mejor V\u00eddeo Musical versi\u00f3n corta por \u00abBachata en Fukuoka\u00bb.<\/p>\n<p>Drexler se postula en las categor\u00edas de Grabaci\u00f3n del A\u00f1o y Canci\u00f3n del A\u00f1o por \u00abUna canci\u00f3n me trajo hasta aqu\u00ed\u00bb; al Mejor \u00c1lbum Cantautor por \u00abAmar la trama\u00bb, y Mejor V\u00eddeo Musical versi\u00f3n larga por \u00abLa trama circular\u00bb.<\/p>\n<p>Domm consigui\u00f3 candidaturas al \u00c1lbum del A\u00f1o y al Mejor \u00c1lbum vocal pop d\u00fao o grupo por \u00abDejarte de amar\u00bb; tambi\u00e9n a Grabaci\u00f3n del A\u00f1o y Canci\u00f3n del A\u00f1o por \u00abMientes\u00bb.<\/p>\n<p>La und\u00e9cima edici\u00f3n de los premios Grammy Latino tendr\u00e1 lugar este 11 de noviembre en el Hotel Mandalay Bay, de Las Vegas (Nevada), y ser\u00e1 emitida en directo por la cadena hispana Univisi\u00f3n. <\/div>\n","protected":false},"excerpt":{"rendered":"<p>(Aeronoticias).- El espa\u00f1ol Alejandro Sanz, el dominicano Juan Luis Guerra, el uruguayo Jorge Drexler y el mexicano Mario Domm son los favoritos para llevarse los premios Grammy Latino, con cuatro candidaturas cada uno, inform\u00f3 la Academia Latina de la Grabaci\u00f3n. Alejandro Sanz consigui\u00f3 nominaciones al \u00c1lbum del A\u00f1o y Mejor \u00c1lbum vocal pop masculino por [&hellip;]<\/p>\n","protected":false},"author":1,"featured_media":0,"comment_status":"open","ping_status":"open","sticky":false,"template":"","format":"standard","meta":{"tdm_status":"","tdm_grid_status":"","footnotes":""},"categories":[41],"tags":[],"class_list":{"0":"post-12716","1":"post","2":"type-post","3":"status-publish","4":"format-standard","6":"category-espectaculos"},"yoast_head":"<!-- This site is optimized with the Yoast SEO plugin v25.1 - https:\/\/yoast.com\/wordpress\/plugins\/seo\/ -->\n<title>Alejandro Sanz, Juan Luis Guerra y Jorge Drexler son los favoritos para los Grammy<\/title>\n<meta name=\"description\" content=\"Portal de noticias del Per\u00fa sobre el transporte a\u00e9reo, aviaci\u00f3n, turismo, hoteleria, actualidad.\" \/>\n<meta name=\"robots\" content=\"index, follow, max-snippet:-1, max-image-preview:large, max-video-preview:-1\" \/>\n<link rel=\"canonical\" href=\"https:\/\/aeronoticias.com.pe\/noticiero\/espectaculos\/alejandro-sanz-juan-luis-guerra-y-jorge-drexler-son-los-favoritos-para-los-grammy\/\" \/>\n<meta property=\"og:locale\" content=\"es_ES\" \/>\n<meta property=\"og:type\" content=\"article\" \/>\n<meta property=\"og:title\" content=\"Alejandro Sanz, Juan Luis Guerra y Jorge Drexler son los favoritos para los Grammy\" \/>\n<meta property=\"og:description\" content=\"Portal de noticias del Per\u00fa sobre el transporte a\u00e9reo, aviaci\u00f3n, turismo, hoteleria, actualidad.\" \/>\n<meta property=\"og:url\" content=\"https:\/\/aeronoticias.com.pe\/noticiero\/espectaculos\/alejandro-sanz-juan-luis-guerra-y-jorge-drexler-son-los-favoritos-para-los-grammy\/\" \/>\n<meta property=\"og:site_name\" content=\"Aeronoticias.com.pe\" \/>\n<meta property=\"article:publisher\" content=\"https:\/\/www.facebook.com\/Aeronoticias.com.pe\/\" \/>\n<meta property=\"article:published_time\" content=\"2010-09-08T18:36:51+00:00\" \/>\n<meta name=\"author\" content=\"Redacci\u00f3n Aeronoticias\" \/>\n<meta name=\"twitter:card\" content=\"summary_large_image\" \/>\n<meta name=\"twitter:creator\" content=\"@aeronoticias\" \/>\n<meta name=\"twitter:site\" content=\"@aeronoticias\" \/>\n<meta name=\"twitter:label1\" content=\"Escrito por\" \/>\n\t<meta name=\"twitter:data1\" content=\"Redacci\u00f3n Aeronoticias\" \/>\n\t<meta name=\"twitter:label2\" content=\"Tiempo de lectura\" \/>\n\t<meta name=\"twitter:data2\" content=\"1 minuto\" \/>\n<script type=\"application\/ld+json\" class=\"yoast-schema-graph\">{\"@context\":\"https:\/\/schema.org\",\"@graph\":[{\"@type\":\"WebPage\",\"@id\":\"https:\/\/aeronoticias.com.pe\/noticiero\/espectaculos\/alejandro-sanz-juan-luis-guerra-y-jorge-drexler-son-los-favoritos-para-los-grammy\/\",\"url\":\"https:\/\/aeronoticias.com.pe\/noticiero\/espectaculos\/alejandro-sanz-juan-luis-guerra-y-jorge-drexler-son-los-favoritos-para-los-grammy\/\",\"name\":\"Alejandro Sanz, Juan Luis Guerra y Jorge Drexler son los favoritos para los Grammy\",\"isPartOf\":{\"@id\":\"https:\/\/aeronoticias.com.pe\/noticiero\/#website\"},\"datePublished\":\"2010-09-08T18:36:51+00:00\",\"author\":{\"@id\":\"https:\/\/aeronoticias.com.pe\/noticiero\/#\/schema\/person\/fc1e5d578f4b62ba1cf7ac2bba1170a0\"},\"description\":\"Portal de noticias del Per\u00fa sobre el transporte a\u00e9reo, aviaci\u00f3n, turismo, hoteleria, actualidad.\",\"breadcrumb\":{\"@id\":\"https:\/\/aeronoticias.com.pe\/noticiero\/espectaculos\/alejandro-sanz-juan-luis-guerra-y-jorge-drexler-son-los-favoritos-para-los-grammy\/#breadcrumb\"},\"inLanguage\":\"es\",\"potentialAction\":[{\"@type\":\"ReadAction\",\"target\":[\"https:\/\/aeronoticias.com.pe\/noticiero\/espectaculos\/alejandro-sanz-juan-luis-guerra-y-jorge-drexler-son-los-favoritos-para-los-grammy\/\"]}]},{\"@type\":\"BreadcrumbList\",\"@id\":\"https:\/\/aeronoticias.com.pe\/noticiero\/espectaculos\/alejandro-sanz-juan-luis-guerra-y-jorge-drexler-son-los-favoritos-para-los-grammy\/#breadcrumb\",\"itemListElement\":[{\"@type\":\"ListItem\",\"position\":1,\"name\":\"Portada\",\"item\":\"https:\/\/aeronoticias.com.pe\/noticiero\/\"},{\"@type\":\"ListItem\",\"position\":2,\"name\":\"Alejandro Sanz, Juan Luis Guerra y Jorge Drexler son los favoritos para los Grammy\"}]},{\"@type\":\"WebSite\",\"@id\":\"https:\/\/aeronoticias.com.pe\/noticiero\/#website\",\"url\":\"https:\/\/aeronoticias.com.pe\/noticiero\/\",\"name\":\"Aeronoticias.com.pe\",\"description\":\"Noticias de tranporte aereo, turismo, hoteles, gastronomia, actualidad, internacional\",\"potentialAction\":[{\"@type\":\"SearchAction\",\"target\":{\"@type\":\"EntryPoint\",\"urlTemplate\":\"https:\/\/aeronoticias.com.pe\/noticiero\/?s={search_term_string}\"},\"query-input\":{\"@type\":\"PropertyValueSpecification\",\"valueRequired\":true,\"valueName\":\"search_term_string\"}}],\"inLanguage\":\"es\"},{\"@type\":\"Person\",\"@id\":\"https:\/\/aeronoticias.com.pe\/noticiero\/#\/schema\/person\/fc1e5d578f4b62ba1cf7ac2bba1170a0\",\"name\":\"Redacci\u00f3n Aeronoticias\",\"url\":\"https:\/\/aeronoticias.com.pe\/noticiero\/author\/piloto\/\"}]}<\/script>\n<!-- \/ Yoast SEO plugin. -->","yoast_head_json":{"title":"Alejandro Sanz, Juan Luis Guerra y Jorge Drexler son los favoritos para los Grammy","description":"Portal de noticias del Per\u00fa sobre el transporte a\u00e9reo, aviaci\u00f3n, turismo, hoteleria, actualidad.","robots":{"index":"index","follow":"follow","max-snippet":"max-snippet:-1","max-image-preview":"max-image-preview:large","max-video-preview":"max-video-preview:-1"},"canonical":"https:\/\/aeronoticias.com.pe\/noticiero\/espectaculos\/alejandro-sanz-juan-luis-guerra-y-jorge-drexler-son-los-favoritos-para-los-grammy\/","og_locale":"es_ES","og_type":"article","og_title":"Alejandro Sanz, Juan Luis Guerra y Jorge Drexler son los favoritos para los Grammy","og_description":"Portal de noticias del Per\u00fa sobre el transporte a\u00e9reo, aviaci\u00f3n, turismo, hoteleria, actualidad.","og_url":"https:\/\/aeronoticias.com.pe\/noticiero\/espectaculos\/alejandro-sanz-juan-luis-guerra-y-jorge-drexler-son-los-favoritos-para-los-grammy\/","og_site_name":"Aeronoticias.com.pe","article_publisher":"https:\/\/www.facebook.com\/Aeronoticias.com.pe\/","article_published_time":"2010-09-08T18:36:51+00:00","author":"Redacci\u00f3n Aeronoticias","twitter_card":"summary_large_image","twitter_creator":"@aeronoticias","twitter_site":"@aeronoticias","twitter_misc":{"Escrito por":"Redacci\u00f3n Aeronoticias","Tiempo de lectura":"1 minuto"},"schema":{"@context":"https:\/\/schema.org","@graph":[{"@type":"WebPage","@id":"https:\/\/aeronoticias.com.pe\/noticiero\/espectaculos\/alejandro-sanz-juan-luis-guerra-y-jorge-drexler-son-los-favoritos-para-los-grammy\/","url":"https:\/\/aeronoticias.com.pe\/noticiero\/espectaculos\/alejandro-sanz-juan-luis-guerra-y-jorge-drexler-son-los-favoritos-para-los-grammy\/","name":"Alejandro Sanz, Juan Luis Guerra y Jorge Drexler son los favoritos para los Grammy","isPartOf":{"@id":"https:\/\/aeronoticias.com.pe\/noticiero\/#website"},"datePublished":"2010-09-08T18:36:51+00:00","author":{"@id":"https:\/\/aeronoticias.com.pe\/noticiero\/#\/schema\/person\/fc1e5d578f4b62ba1cf7ac2bba1170a0"},"description":"Portal de noticias del Per\u00fa sobre el transporte a\u00e9reo, aviaci\u00f3n, turismo, hoteleria, actualidad.","breadcrumb":{"@id":"https:\/\/aeronoticias.com.pe\/noticiero\/espectaculos\/alejandro-sanz-juan-luis-guerra-y-jorge-drexler-son-los-favoritos-para-los-grammy\/#breadcrumb"},"inLanguage":"es","potentialAction":[{"@type":"ReadAction","target":["https:\/\/aeronoticias.com.pe\/noticiero\/espectaculos\/alejandro-sanz-juan-luis-guerra-y-jorge-drexler-son-los-favoritos-para-los-grammy\/"]}]},{"@type":"BreadcrumbList","@id":"https:\/\/aeronoticias.com.pe\/noticiero\/espectaculos\/alejandro-sanz-juan-luis-guerra-y-jorge-drexler-son-los-favoritos-para-los-grammy\/#breadcrumb","itemListElement":[{"@type":"ListItem","position":1,"name":"Portada","item":"https:\/\/aeronoticias.com.pe\/noticiero\/"},{"@type":"ListItem","position":2,"name":"Alejandro Sanz, Juan Luis Guerra y Jorge Drexler son los favoritos para los Grammy"}]},{"@type":"WebSite","@id":"https:\/\/aeronoticias.com.pe\/noticiero\/#website","url":"https:\/\/aeronoticias.com.pe\/noticiero\/","name":"Aeronoticias.com.pe","description":"Noticias de tranporte aereo, turismo, hoteles, gastronomia, actualidad, internacional","potentialAction":[{"@type":"SearchAction","target":{"@type":"EntryPoint","urlTemplate":"https:\/\/aeronoticias.com.pe\/noticiero\/?s={search_term_string}"},"query-input":{"@type":"PropertyValueSpecification","valueRequired":true,"valueName":"search_term_string"}}],"inLanguage":"es"},{"@type":"Person","@id":"https:\/\/aeronoticias.com.pe\/noticiero\/#\/schema\/person\/fc1e5d578f4b62ba1cf7ac2bba1170a0","name":"Redacci\u00f3n Aeronoticias","url":"https:\/\/aeronoticias.com.pe\/noticiero\/author\/piloto\/"}]}},"_links":{"self":[{"href":"https:\/\/aeronoticias.com.pe\/noticiero\/wp-json\/wp\/v2\/posts\/12716","targetHints":{"allow":["GET"]}}],"collection":[{"href":"https:\/\/aeronoticias.com.pe\/noticiero\/wp-json\/wp\/v2\/posts"}],"about":[{"href":"https:\/\/aeronoticias.com.pe\/noticiero\/wp-json\/wp\/v2\/types\/post"}],"author":[{"embeddable":true,"href":"https:\/\/aeronoticias.com.pe\/noticiero\/wp-json\/wp\/v2\/users\/1"}],"replies":[{"embeddable":true,"href":"https:\/\/aeronoticias.com.pe\/noticiero\/wp-json\/wp\/v2\/comments?post=12716"}],"version-history":[{"count":0,"href":"https:\/\/aeronoticias.com.pe\/noticiero\/wp-json\/wp\/v2\/posts\/12716\/revisions"}],"wp:attachment":[{"href":"https:\/\/aeronoticias.com.pe\/noticiero\/wp-json\/wp\/v2\/media?parent=12716"}],"wp:term":[{"taxonomy":"category","embeddable":true,"href":"https:\/\/aeronoticias.com.pe\/noticiero\/wp-json\/wp\/v2\/categories?post=12716"},{"taxonomy":"post_tag","embeddable":true,"href":"https:\/\/aeronoticias.com.pe\/noticiero\/wp-json\/wp\/v2\/tags?post=12716"}],"curies":[{"name":"wp","href":"https:\/\/api.w.org\/{rel}","templated":true}]}}