{"id":12717,"date":"2010-09-08T19:40:53","date_gmt":"2010-09-08T19:40:53","guid":{"rendered":"http:\/\/desarrollo.mcvicious.com\/aero2020\/2010\/09\/08\/fueron-nominados-al-grammy-latino-2010-eva-ayllon-y-adammo\/"},"modified":"2010-09-08T19:40:53","modified_gmt":"2010-09-08T19:40:53","slug":"fueron-nominados-al-grammy-latino-2010-eva-ayllon-y-adammo","status":"publish","type":"post","link":"https:\/\/aeronoticias.com.pe\/noticiero\/espectaculos\/fueron-nominados-al-grammy-latino-2010-eva-ayllon-y-adammo\/","title":{"rendered":"Fueron nominados al Grammy Latino 2010, Eva Ayll\u00f3n y Adammo"},"content":{"rendered":"<p align=\"justify\"><strong>(Aeronoticias)<\/strong> La cantante peruana Eva Ayll\u00f3n y el grupo de rock Adammo fueron nominados al Grammy latino 2010. El anuncio se hizo este mediod\u00eda durante una ceremonia en la que tambi\u00e9n fue nominado el m\u00fasico argentino Gustavo Cerati, Alejandro Sanz, Marc Anthony y m\u00e1s. <\/p>\n<p>Eva Ayll\u00f3n, quien se encuentra en Tumbes realizando una gira nacional, qued\u00f3 nominada en la categor\u00eda Mejor \u00e1lbum folcl\u00f3rico por su producci\u00f3n Canta a Chabuca Granda. El grupo Adammo lo es en la categor\u00eda Mejor Video Musical versi\u00f3n corta, con el tema Alg\u00fan d\u00eda.<\/p>\n<div style=\"text-align: center\"><img loading=\"lazy\" decoding=\"async\" src=\"images\/stories\/10\/09\/080910\/eva-adammo.jpg\" border=\"0\" alt=\"Fueron nominados al Grammy Latino 2010, Eva Ayll\u00f3n y Adammo\" title=\"Fueron nominados al Grammy Latino 2010, Eva Ayll\u00f3n y Adammo\" width=\"400\" height=\"280\" \/><\/div>\n<p>\u00a0<\/p>\n<p align=\"justify\">En la categor\u00eda folclore, Eva Ayll\u00f3n competir\u00e1 con Checo Acosta, por su disco El folclor de mi tierra; Ilian Chester, por su disco Tesoros de la m\u00fasica; Petrona Mart\u00ednez, por su disco Las penas alegres, y Juan Fernando Velasco por su disco Con toda el alma.<\/p>\n<p>Cabe se\u00f1alar que es la segunda vez que la cantante Eva Ayll\u00f3n es nominada a competir por el Gram\u00f3fono de oro. El a\u00f1o pasado tambi\u00e9n postul\u00f3 en la categor\u00eda folclore por su disco Kimba F\u00e1 Malambo \u00d1eque.<\/p>\n<p>Adammo competir\u00e1 con El Cuarteto de Nos, Juan Luis Guerra, Joaqu\u00edn Sabina, y Julieta Venegas.<br \/>Cerati nominado en tres categor\u00edas<\/p>\n<p>La organizaci\u00f3n de los premios Gramy Latino 2010 postul\u00f3 al ex Soda Stereo Gustavo Cerati a 3 nominaciones.\u00a0 Mario Domm, Jorge Drexler, Juan Luis Guerra y Alejandro Sanz postulan en cuatro categor\u00edas cada uno.<\/p>\n<p align=\"justify\">Las nominaciones se conocieron este mediod\u00eda en Los Angeles, donde la organizaci\u00f3n del certamen inform\u00f3 que el m\u00fasico argentino est\u00e1 nominado en las categor\u00edas Mejor \u00e1lbum de rock y Mejor dise\u00f1o por el disco Fuerza Natural. Tambi\u00e9n en Mejor canci\u00f3n de rock, con Deja Vu.<\/p>\n<p>Cabe recordar, que Gustavo Cerati permanece en coma desde que sufri\u00f3 un accidente cerebro vascular en mayo pasado. En el a\u00f1o 2006 se adjudic\u00f3 el codiciado Gram\u00f3fono dorado a Mejor disco de rock, gracias a Ah\u00ed vamos.<\/p>\n<p>Alejandro Sanz en cuatro categor\u00edas<br \/>Alejandro Sanz, quien ofrecer\u00e1 concierto en Per\u00fa el 23 de octubre, fue nominado a \u00e1lbum del a\u00f1o y mejor vocalista pop masculino por Para\u00edso Express, y por su tema Desde cuando en las categor\u00edas grabaci\u00f3n del a\u00f1o y canci\u00f3n del a\u00f1o. <\/p>\n<p>Con Sanz compiten tambi\u00e9n en cuatro nominaciones diferentes el vocalista de Camila Mario Domm, Jorge Drexler y Juan Luis Guerra.<br \/>\u00a0<br \/>La 11a. Entrega Anual del Latin Grammy ser\u00e1 transmitida el d\u00eda 11\u00a0 de noviembre por la Cadena Univisi\u00f3n en vivo desde el Mandalay Bay Events Center de Las Vegas. <\/p>\n","protected":false},"excerpt":{"rendered":"<p>(Aeronoticias) La cantante peruana Eva Ayll\u00f3n y el grupo de rock Adammo fueron nominados al Grammy latino 2010. El anuncio se hizo este mediod\u00eda durante una ceremonia en la que tambi\u00e9n fue nominado el m\u00fasico argentino Gustavo Cerati, Alejandro Sanz, Marc Anthony y m\u00e1s. Eva Ayll\u00f3n, quien se encuentra en Tumbes realizando una gira nacional, [&hellip;]<\/p>\n","protected":false},"author":1,"featured_media":0,"comment_status":"open","ping_status":"open","sticky":false,"template":"","format":"standard","meta":{"tdm_status":"","tdm_grid_status":"","footnotes":""},"categories":[41],"tags":[],"class_list":{"0":"post-12717","1":"post","2":"type-post","3":"status-publish","4":"format-standard","6":"category-espectaculos"},"yoast_head":"<!-- This site is optimized with the Yoast SEO plugin v25.1 - https:\/\/yoast.com\/wordpress\/plugins\/seo\/ -->\n<title>Fueron nominados al Grammy Latino 2010, Eva Ayll\u00f3n y Adammo<\/title>\n<meta name=\"description\" content=\"Portal de noticias del Per\u00fa sobre el transporte a\u00e9reo, aviaci\u00f3n, turismo, hoteleria, actualidad.\" \/>\n<meta name=\"robots\" content=\"index, follow, max-snippet:-1, max-image-preview:large, max-video-preview:-1\" \/>\n<link rel=\"canonical\" href=\"https:\/\/aeronoticias.com.pe\/noticiero\/espectaculos\/fueron-nominados-al-grammy-latino-2010-eva-ayllon-y-adammo\/\" \/>\n<meta property=\"og:locale\" content=\"es_ES\" \/>\n<meta property=\"og:type\" content=\"article\" \/>\n<meta property=\"og:title\" content=\"Fueron nominados al Grammy Latino 2010, Eva Ayll\u00f3n y Adammo\" \/>\n<meta property=\"og:description\" content=\"Portal de noticias del Per\u00fa sobre el transporte a\u00e9reo, aviaci\u00f3n, turismo, hoteleria, actualidad.\" \/>\n<meta property=\"og:url\" content=\"https:\/\/aeronoticias.com.pe\/noticiero\/espectaculos\/fueron-nominados-al-grammy-latino-2010-eva-ayllon-y-adammo\/\" \/>\n<meta property=\"og:site_name\" content=\"Aeronoticias.com.pe\" \/>\n<meta property=\"article:publisher\" content=\"https:\/\/www.facebook.com\/Aeronoticias.com.pe\/\" \/>\n<meta property=\"article:published_time\" content=\"2010-09-08T19:40:53+00:00\" \/>\n<meta name=\"author\" content=\"Redacci\u00f3n Aeronoticias\" \/>\n<meta name=\"twitter:card\" content=\"summary_large_image\" \/>\n<meta name=\"twitter:creator\" content=\"@aeronoticias\" \/>\n<meta name=\"twitter:site\" content=\"@aeronoticias\" \/>\n<meta name=\"twitter:label1\" content=\"Escrito por\" \/>\n\t<meta name=\"twitter:data1\" content=\"Redacci\u00f3n Aeronoticias\" \/>\n\t<meta name=\"twitter:label2\" content=\"Tiempo de lectura\" \/>\n\t<meta name=\"twitter:data2\" content=\"2 minutos\" \/>\n<script type=\"application\/ld+json\" class=\"yoast-schema-graph\">{\"@context\":\"https:\/\/schema.org\",\"@graph\":[{\"@type\":\"WebPage\",\"@id\":\"https:\/\/aeronoticias.com.pe\/noticiero\/espectaculos\/fueron-nominados-al-grammy-latino-2010-eva-ayllon-y-adammo\/\",\"url\":\"https:\/\/aeronoticias.com.pe\/noticiero\/espectaculos\/fueron-nominados-al-grammy-latino-2010-eva-ayllon-y-adammo\/\",\"name\":\"Fueron nominados al Grammy Latino 2010, Eva Ayll\u00f3n y Adammo\",\"isPartOf\":{\"@id\":\"https:\/\/aeronoticias.com.pe\/noticiero\/#website\"},\"datePublished\":\"2010-09-08T19:40:53+00:00\",\"author\":{\"@id\":\"https:\/\/aeronoticias.com.pe\/noticiero\/#\/schema\/person\/fc1e5d578f4b62ba1cf7ac2bba1170a0\"},\"description\":\"Portal de noticias del Per\u00fa sobre el transporte a\u00e9reo, aviaci\u00f3n, turismo, hoteleria, actualidad.\",\"breadcrumb\":{\"@id\":\"https:\/\/aeronoticias.com.pe\/noticiero\/espectaculos\/fueron-nominados-al-grammy-latino-2010-eva-ayllon-y-adammo\/#breadcrumb\"},\"inLanguage\":\"es\",\"potentialAction\":[{\"@type\":\"ReadAction\",\"target\":[\"https:\/\/aeronoticias.com.pe\/noticiero\/espectaculos\/fueron-nominados-al-grammy-latino-2010-eva-ayllon-y-adammo\/\"]}]},{\"@type\":\"BreadcrumbList\",\"@id\":\"https:\/\/aeronoticias.com.pe\/noticiero\/espectaculos\/fueron-nominados-al-grammy-latino-2010-eva-ayllon-y-adammo\/#breadcrumb\",\"itemListElement\":[{\"@type\":\"ListItem\",\"position\":1,\"name\":\"Portada\",\"item\":\"https:\/\/aeronoticias.com.pe\/noticiero\/\"},{\"@type\":\"ListItem\",\"position\":2,\"name\":\"Fueron nominados al Grammy Latino 2010, Eva Ayll\u00f3n y Adammo\"}]},{\"@type\":\"WebSite\",\"@id\":\"https:\/\/aeronoticias.com.pe\/noticiero\/#website\",\"url\":\"https:\/\/aeronoticias.com.pe\/noticiero\/\",\"name\":\"Aeronoticias.com.pe\",\"description\":\"Noticias de tranporte aereo, turismo, hoteles, gastronomia, actualidad, internacional\",\"potentialAction\":[{\"@type\":\"SearchAction\",\"target\":{\"@type\":\"EntryPoint\",\"urlTemplate\":\"https:\/\/aeronoticias.com.pe\/noticiero\/?s={search_term_string}\"},\"query-input\":{\"@type\":\"PropertyValueSpecification\",\"valueRequired\":true,\"valueName\":\"search_term_string\"}}],\"inLanguage\":\"es\"},{\"@type\":\"Person\",\"@id\":\"https:\/\/aeronoticias.com.pe\/noticiero\/#\/schema\/person\/fc1e5d578f4b62ba1cf7ac2bba1170a0\",\"name\":\"Redacci\u00f3n Aeronoticias\",\"url\":\"https:\/\/aeronoticias.com.pe\/noticiero\/author\/piloto\/\"}]}<\/script>\n<!-- \/ Yoast SEO plugin. -->","yoast_head_json":{"title":"Fueron nominados al Grammy Latino 2010, Eva Ayll\u00f3n y Adammo","description":"Portal de noticias del Per\u00fa sobre el transporte a\u00e9reo, aviaci\u00f3n, turismo, hoteleria, actualidad.","robots":{"index":"index","follow":"follow","max-snippet":"max-snippet:-1","max-image-preview":"max-image-preview:large","max-video-preview":"max-video-preview:-1"},"canonical":"https:\/\/aeronoticias.com.pe\/noticiero\/espectaculos\/fueron-nominados-al-grammy-latino-2010-eva-ayllon-y-adammo\/","og_locale":"es_ES","og_type":"article","og_title":"Fueron nominados al Grammy Latino 2010, Eva Ayll\u00f3n y Adammo","og_description":"Portal de noticias del Per\u00fa sobre el transporte a\u00e9reo, aviaci\u00f3n, turismo, hoteleria, actualidad.","og_url":"https:\/\/aeronoticias.com.pe\/noticiero\/espectaculos\/fueron-nominados-al-grammy-latino-2010-eva-ayllon-y-adammo\/","og_site_name":"Aeronoticias.com.pe","article_publisher":"https:\/\/www.facebook.com\/Aeronoticias.com.pe\/","article_published_time":"2010-09-08T19:40:53+00:00","author":"Redacci\u00f3n Aeronoticias","twitter_card":"summary_large_image","twitter_creator":"@aeronoticias","twitter_site":"@aeronoticias","twitter_misc":{"Escrito por":"Redacci\u00f3n Aeronoticias","Tiempo de lectura":"2 minutos"},"schema":{"@context":"https:\/\/schema.org","@graph":[{"@type":"WebPage","@id":"https:\/\/aeronoticias.com.pe\/noticiero\/espectaculos\/fueron-nominados-al-grammy-latino-2010-eva-ayllon-y-adammo\/","url":"https:\/\/aeronoticias.com.pe\/noticiero\/espectaculos\/fueron-nominados-al-grammy-latino-2010-eva-ayllon-y-adammo\/","name":"Fueron nominados al Grammy Latino 2010, Eva Ayll\u00f3n y Adammo","isPartOf":{"@id":"https:\/\/aeronoticias.com.pe\/noticiero\/#website"},"datePublished":"2010-09-08T19:40:53+00:00","author":{"@id":"https:\/\/aeronoticias.com.pe\/noticiero\/#\/schema\/person\/fc1e5d578f4b62ba1cf7ac2bba1170a0"},"description":"Portal de noticias del Per\u00fa sobre el transporte a\u00e9reo, aviaci\u00f3n, turismo, hoteleria, actualidad.","breadcrumb":{"@id":"https:\/\/aeronoticias.com.pe\/noticiero\/espectaculos\/fueron-nominados-al-grammy-latino-2010-eva-ayllon-y-adammo\/#breadcrumb"},"inLanguage":"es","potentialAction":[{"@type":"ReadAction","target":["https:\/\/aeronoticias.com.pe\/noticiero\/espectaculos\/fueron-nominados-al-grammy-latino-2010-eva-ayllon-y-adammo\/"]}]},{"@type":"BreadcrumbList","@id":"https:\/\/aeronoticias.com.pe\/noticiero\/espectaculos\/fueron-nominados-al-grammy-latino-2010-eva-ayllon-y-adammo\/#breadcrumb","itemListElement":[{"@type":"ListItem","position":1,"name":"Portada","item":"https:\/\/aeronoticias.com.pe\/noticiero\/"},{"@type":"ListItem","position":2,"name":"Fueron nominados al Grammy Latino 2010, Eva Ayll\u00f3n y Adammo"}]},{"@type":"WebSite","@id":"https:\/\/aeronoticias.com.pe\/noticiero\/#website","url":"https:\/\/aeronoticias.com.pe\/noticiero\/","name":"Aeronoticias.com.pe","description":"Noticias de tranporte aereo, turismo, hoteles, gastronomia, actualidad, internacional","potentialAction":[{"@type":"SearchAction","target":{"@type":"EntryPoint","urlTemplate":"https:\/\/aeronoticias.com.pe\/noticiero\/?s={search_term_string}"},"query-input":{"@type":"PropertyValueSpecification","valueRequired":true,"valueName":"search_term_string"}}],"inLanguage":"es"},{"@type":"Person","@id":"https:\/\/aeronoticias.com.pe\/noticiero\/#\/schema\/person\/fc1e5d578f4b62ba1cf7ac2bba1170a0","name":"Redacci\u00f3n Aeronoticias","url":"https:\/\/aeronoticias.com.pe\/noticiero\/author\/piloto\/"}]}},"_links":{"self":[{"href":"https:\/\/aeronoticias.com.pe\/noticiero\/wp-json\/wp\/v2\/posts\/12717","targetHints":{"allow":["GET"]}}],"collection":[{"href":"https:\/\/aeronoticias.com.pe\/noticiero\/wp-json\/wp\/v2\/posts"}],"about":[{"href":"https:\/\/aeronoticias.com.pe\/noticiero\/wp-json\/wp\/v2\/types\/post"}],"author":[{"embeddable":true,"href":"https:\/\/aeronoticias.com.pe\/noticiero\/wp-json\/wp\/v2\/users\/1"}],"replies":[{"embeddable":true,"href":"https:\/\/aeronoticias.com.pe\/noticiero\/wp-json\/wp\/v2\/comments?post=12717"}],"version-history":[{"count":0,"href":"https:\/\/aeronoticias.com.pe\/noticiero\/wp-json\/wp\/v2\/posts\/12717\/revisions"}],"wp:attachment":[{"href":"https:\/\/aeronoticias.com.pe\/noticiero\/wp-json\/wp\/v2\/media?parent=12717"}],"wp:term":[{"taxonomy":"category","embeddable":true,"href":"https:\/\/aeronoticias.com.pe\/noticiero\/wp-json\/wp\/v2\/categories?post=12717"},{"taxonomy":"post_tag","embeddable":true,"href":"https:\/\/aeronoticias.com.pe\/noticiero\/wp-json\/wp\/v2\/tags?post=12717"}],"curies":[{"name":"wp","href":"https:\/\/api.w.org\/{rel}","templated":true}]}}