{"id":12882,"date":"2010-09-18T14:43:54","date_gmt":"2010-09-18T14:43:54","guid":{"rendered":"http:\/\/desarrollo.mcvicious.com\/aero2020\/2010\/09\/18\/categoria-iii-del-aeropuerto-jorge-chavez-permitira-al-mercado-aerocomercial-crecer-mas-de-14\/"},"modified":"2010-09-18T14:43:54","modified_gmt":"2010-09-18T14:43:54","slug":"categoria-iii-del-aeropuerto-jorge-chavez-permitira-al-mercado-aerocomercial-crecer-mas-de-14","status":"publish","type":"post","link":"https:\/\/aeronoticias.com.pe\/noticiero\/transporte-aereo\/internacional\/categoria-iii-del-aeropuerto-jorge-chavez-permitira-al-mercado-aerocomercial-crecer-mas-de-14\/","title":{"rendered":"Categor\u00eda III del aeropuerto Jorge Ch\u00e1vez permitir\u00e1 al mercado aerocomercial crecer m\u00e1s de 14%"},"content":{"rendered":"<div style=\"text-align: justify\"><strong>(Aeronoticias).-<\/strong> Lograr la categor\u00eda III al Aeropuerto Internacional Jorge Ch\u00e1vez en abril del 2011, permitir\u00e1 un crecimiento mayor al 14% del mercado aerocomercial, inform\u00f3 el Ministerio de Transporters y Comunicaciones (MTC).<\/div>\n<div style=\"text-align: justify\">\u00a0<\/div>\n<div style=\"text-align: justify\">\u201cEn t\u00e9rminos de pasajeros hemos estado creciendo entre diez y 14 por ciento, muy por encima del crecimiento mundial que es de alrededor de cinco por ciento\u201d, manifest\u00f3 el ministro de Transportes y Comunicaciones, Enrique Cornejo.<\/div>\n<div style=\"text-align: justify\">\u00a0<\/div>\n<div style=\"text-align: justify\">\n<div style=\"text-align: center\"><img decoding=\"async\" src=\"images\/stories\/10\/09\/180910\/jorgechavez.jpg\" border=\"0\" title=\"Jorge Chavez categoria iii\" \/><\/div>\n<p>\u00a0<\/p><\/div>\n<div style=\"text-align: justify\">\u00a0<\/div>\n<div style=\"text-align: justify\">El cambio de categor\u00eda permitir\u00e1 a la primera terminal a\u00e9rea del pa\u00eds tener las condiciones necesarias para recibir vuelos cuando haya baja o nula visibilidad.<\/div>\n<div style=\"text-align: justify\">\u00a0<\/div>\n<div style=\"text-align: justify\">Cornejo explic\u00f3 que con el nuevo Sistema Integrado de Aeronavegaci\u00f3n, CAT III, la capacidad del aeropuerto se ver\u00e1 ampliada, es decir, las aeronaves podr\u00e1n descender hasta los 15 metros siempre y cuando tengan un alcance visual de la pista no menor a 200 metros, lo que reduce las restricciones para el tr\u00e1fico a\u00e9reo.<\/div>\n<div style=\"text-align: justify\">\u00a0<\/div>\n<div style=\"text-align: justify\">\u201cLa inversi\u00f3n para modernizar y elevar a la categor\u00eda III al Aeropuerto Internacional Jorge Ch\u00e1vez asciende a 4.45 millones de d\u00f3lares\u201d, puntualiz\u00f3.<\/div>\n<div style=\"text-align: justify\">\u00a0<\/div>\n<div style=\"text-align: justify\">Adem\u00e1s dijo que los m\u00e1s beneficiados son los pasajeros y las l\u00edneas a\u00e9reas, mientras que la seguridad a\u00e9rea tambi\u00e9n se ver\u00e1 beneficiada debido a que los instrumentos del Sistema de Aterrizaje por Instrumentos (ILS) de Categor\u00eda III permiten una mayor precisi\u00f3n durante el aterrizaje y el despegue.<\/div>\n<div style=\"text-align: justify\">\u00a0<\/div>\n<div style=\"text-align: justify\">El proyecto para la obtenci\u00f3n de la categor\u00eda III comprende la modernizaci\u00f3n de los Sistemas de Ayudas Luminosas, la renovaci\u00f3n de los equipos ILS y del Sistema Autom\u00e1tico de Informaci\u00f3n Meteorol\u00f3gica AWOS.<\/div>\n<div style=\"text-align: justify\">\u00a0<\/div>\n<div style=\"text-align: justify\">Estos sistemas en conjunto proporcionan informaci\u00f3n instant\u00e1nea para facilitar el aterrizaje de las aeronaves aun en condiciones clim\u00e1ticas adversas, es decir, de poca visibilidad.<\/div>\n<div style=\"text-align: justify\">\u00a0<\/div>\n<div style=\"text-align: justify\">Actualmente el aeropuerto Jorge Ch\u00e1vez cuenta con equipos ILS y Sistemas de Ayudas Luminosas categor\u00eda II, pudiendo las aeronaves descender s\u00f3lo hasta una altura de 30 metros con una visibilidad horizontal de 450 metros, lo que m\u00e1s de una vez ha obligado a desviar los vuelos, principalmente debido a la neblina.<\/div>\n<div><\/div>\n","protected":false},"excerpt":{"rendered":"<p>(Aeronoticias).- Lograr la categor\u00eda III al Aeropuerto Internacional Jorge Ch\u00e1vez en abril del 2011, permitir\u00e1 un crecimiento mayor al 14% del mercado aerocomercial, inform\u00f3 el Ministerio de Transporters y Comunicaciones (MTC). \u00a0 \u201cEn t\u00e9rminos de pasajeros hemos estado creciendo entre diez y 14 por ciento, muy por encima del crecimiento mundial que es de alrededor [&hellip;]<\/p>\n","protected":false},"author":1,"featured_media":0,"comment_status":"open","ping_status":"open","sticky":false,"template":"","format":"standard","meta":{"tdm_status":"","tdm_grid_status":"","footnotes":""},"categories":[32],"tags":[],"class_list":{"0":"post-12882","1":"post","2":"type-post","3":"status-publish","4":"format-standard","6":"category-internacional"},"yoast_head":"<!-- This site is optimized with the Yoast SEO plugin v25.1 - https:\/\/yoast.com\/wordpress\/plugins\/seo\/ -->\n<title>Categor\u00eda III del aeropuerto Jorge Ch\u00e1vez permitir\u00e1 al mercado aerocomercial crecer m\u00e1s de 14%<\/title>\n<meta name=\"description\" content=\"Portal de noticias del Per\u00fa sobre el transporte a\u00e9reo, aviaci\u00f3n, turismo, hoteleria, actualidad.\" \/>\n<meta name=\"robots\" content=\"index, follow, max-snippet:-1, max-image-preview:large, max-video-preview:-1\" \/>\n<link rel=\"canonical\" href=\"https:\/\/aeronoticias.com.pe\/noticiero\/transporte-aereo\/internacional\/categoria-iii-del-aeropuerto-jorge-chavez-permitira-al-mercado-aerocomercial-crecer-mas-de-14\/\" \/>\n<meta property=\"og:locale\" content=\"es_ES\" \/>\n<meta property=\"og:type\" content=\"article\" \/>\n<meta property=\"og:title\" content=\"Categor\u00eda III del aeropuerto Jorge Ch\u00e1vez permitir\u00e1 al mercado aerocomercial crecer m\u00e1s de 14%\" \/>\n<meta property=\"og:description\" content=\"Portal de noticias del Per\u00fa sobre el transporte a\u00e9reo, aviaci\u00f3n, turismo, hoteleria, actualidad.\" \/>\n<meta property=\"og:url\" content=\"https:\/\/aeronoticias.com.pe\/noticiero\/transporte-aereo\/internacional\/categoria-iii-del-aeropuerto-jorge-chavez-permitira-al-mercado-aerocomercial-crecer-mas-de-14\/\" \/>\n<meta property=\"og:site_name\" content=\"Aeronoticias.com.pe\" \/>\n<meta property=\"article:publisher\" content=\"https:\/\/www.facebook.com\/Aeronoticias.com.pe\/\" \/>\n<meta property=\"article:published_time\" content=\"2010-09-18T14:43:54+00:00\" \/>\n<meta name=\"author\" content=\"Redacci\u00f3n Aeronoticias\" \/>\n<meta name=\"twitter:card\" content=\"summary_large_image\" \/>\n<meta name=\"twitter:creator\" content=\"@aeronoticias\" \/>\n<meta name=\"twitter:site\" content=\"@aeronoticias\" \/>\n<meta name=\"twitter:label1\" content=\"Escrito por\" \/>\n\t<meta name=\"twitter:data1\" content=\"Redacci\u00f3n Aeronoticias\" \/>\n\t<meta name=\"twitter:label2\" content=\"Tiempo de lectura\" \/>\n\t<meta name=\"twitter:data2\" content=\"2 minutos\" \/>\n<script type=\"application\/ld+json\" class=\"yoast-schema-graph\">{\"@context\":\"https:\/\/schema.org\",\"@graph\":[{\"@type\":\"WebPage\",\"@id\":\"https:\/\/aeronoticias.com.pe\/noticiero\/transporte-aereo\/internacional\/categoria-iii-del-aeropuerto-jorge-chavez-permitira-al-mercado-aerocomercial-crecer-mas-de-14\/\",\"url\":\"https:\/\/aeronoticias.com.pe\/noticiero\/transporte-aereo\/internacional\/categoria-iii-del-aeropuerto-jorge-chavez-permitira-al-mercado-aerocomercial-crecer-mas-de-14\/\",\"name\":\"Categor\u00eda III del aeropuerto Jorge Ch\u00e1vez permitir\u00e1 al mercado aerocomercial crecer m\u00e1s de 14%\",\"isPartOf\":{\"@id\":\"https:\/\/aeronoticias.com.pe\/noticiero\/#website\"},\"datePublished\":\"2010-09-18T14:43:54+00:00\",\"author\":{\"@id\":\"https:\/\/aeronoticias.com.pe\/noticiero\/#\/schema\/person\/fc1e5d578f4b62ba1cf7ac2bba1170a0\"},\"description\":\"Portal de noticias del Per\u00fa sobre el transporte a\u00e9reo, aviaci\u00f3n, turismo, hoteleria, actualidad.\",\"breadcrumb\":{\"@id\":\"https:\/\/aeronoticias.com.pe\/noticiero\/transporte-aereo\/internacional\/categoria-iii-del-aeropuerto-jorge-chavez-permitira-al-mercado-aerocomercial-crecer-mas-de-14\/#breadcrumb\"},\"inLanguage\":\"es\",\"potentialAction\":[{\"@type\":\"ReadAction\",\"target\":[\"https:\/\/aeronoticias.com.pe\/noticiero\/transporte-aereo\/internacional\/categoria-iii-del-aeropuerto-jorge-chavez-permitira-al-mercado-aerocomercial-crecer-mas-de-14\/\"]}]},{\"@type\":\"BreadcrumbList\",\"@id\":\"https:\/\/aeronoticias.com.pe\/noticiero\/transporte-aereo\/internacional\/categoria-iii-del-aeropuerto-jorge-chavez-permitira-al-mercado-aerocomercial-crecer-mas-de-14\/#breadcrumb\",\"itemListElement\":[{\"@type\":\"ListItem\",\"position\":1,\"name\":\"Portada\",\"item\":\"https:\/\/aeronoticias.com.pe\/noticiero\/\"},{\"@type\":\"ListItem\",\"position\":2,\"name\":\"Categor\u00eda III del aeropuerto Jorge Ch\u00e1vez permitir\u00e1 al mercado aerocomercial crecer m\u00e1s de 14%\"}]},{\"@type\":\"WebSite\",\"@id\":\"https:\/\/aeronoticias.com.pe\/noticiero\/#website\",\"url\":\"https:\/\/aeronoticias.com.pe\/noticiero\/\",\"name\":\"Aeronoticias.com.pe\",\"description\":\"Noticias de tranporte aereo, turismo, hoteles, gastronomia, actualidad, internacional\",\"potentialAction\":[{\"@type\":\"SearchAction\",\"target\":{\"@type\":\"EntryPoint\",\"urlTemplate\":\"https:\/\/aeronoticias.com.pe\/noticiero\/?s={search_term_string}\"},\"query-input\":{\"@type\":\"PropertyValueSpecification\",\"valueRequired\":true,\"valueName\":\"search_term_string\"}}],\"inLanguage\":\"es\"},{\"@type\":\"Person\",\"@id\":\"https:\/\/aeronoticias.com.pe\/noticiero\/#\/schema\/person\/fc1e5d578f4b62ba1cf7ac2bba1170a0\",\"name\":\"Redacci\u00f3n Aeronoticias\",\"url\":\"https:\/\/aeronoticias.com.pe\/noticiero\/author\/piloto\/\"}]}<\/script>\n<!-- \/ Yoast SEO plugin. -->","yoast_head_json":{"title":"Categor\u00eda III del aeropuerto Jorge Ch\u00e1vez permitir\u00e1 al mercado aerocomercial crecer m\u00e1s de 14%","description":"Portal de noticias del Per\u00fa sobre el transporte a\u00e9reo, aviaci\u00f3n, turismo, hoteleria, actualidad.","robots":{"index":"index","follow":"follow","max-snippet":"max-snippet:-1","max-image-preview":"max-image-preview:large","max-video-preview":"max-video-preview:-1"},"canonical":"https:\/\/aeronoticias.com.pe\/noticiero\/transporte-aereo\/internacional\/categoria-iii-del-aeropuerto-jorge-chavez-permitira-al-mercado-aerocomercial-crecer-mas-de-14\/","og_locale":"es_ES","og_type":"article","og_title":"Categor\u00eda III del aeropuerto Jorge Ch\u00e1vez permitir\u00e1 al mercado aerocomercial crecer m\u00e1s de 14%","og_description":"Portal de noticias del Per\u00fa sobre el transporte a\u00e9reo, aviaci\u00f3n, turismo, hoteleria, actualidad.","og_url":"https:\/\/aeronoticias.com.pe\/noticiero\/transporte-aereo\/internacional\/categoria-iii-del-aeropuerto-jorge-chavez-permitira-al-mercado-aerocomercial-crecer-mas-de-14\/","og_site_name":"Aeronoticias.com.pe","article_publisher":"https:\/\/www.facebook.com\/Aeronoticias.com.pe\/","article_published_time":"2010-09-18T14:43:54+00:00","author":"Redacci\u00f3n Aeronoticias","twitter_card":"summary_large_image","twitter_creator":"@aeronoticias","twitter_site":"@aeronoticias","twitter_misc":{"Escrito por":"Redacci\u00f3n Aeronoticias","Tiempo de lectura":"2 minutos"},"schema":{"@context":"https:\/\/schema.org","@graph":[{"@type":"WebPage","@id":"https:\/\/aeronoticias.com.pe\/noticiero\/transporte-aereo\/internacional\/categoria-iii-del-aeropuerto-jorge-chavez-permitira-al-mercado-aerocomercial-crecer-mas-de-14\/","url":"https:\/\/aeronoticias.com.pe\/noticiero\/transporte-aereo\/internacional\/categoria-iii-del-aeropuerto-jorge-chavez-permitira-al-mercado-aerocomercial-crecer-mas-de-14\/","name":"Categor\u00eda III del aeropuerto Jorge Ch\u00e1vez permitir\u00e1 al mercado aerocomercial crecer m\u00e1s de 14%","isPartOf":{"@id":"https:\/\/aeronoticias.com.pe\/noticiero\/#website"},"datePublished":"2010-09-18T14:43:54+00:00","author":{"@id":"https:\/\/aeronoticias.com.pe\/noticiero\/#\/schema\/person\/fc1e5d578f4b62ba1cf7ac2bba1170a0"},"description":"Portal de noticias del Per\u00fa sobre el transporte a\u00e9reo, aviaci\u00f3n, turismo, hoteleria, actualidad.","breadcrumb":{"@id":"https:\/\/aeronoticias.com.pe\/noticiero\/transporte-aereo\/internacional\/categoria-iii-del-aeropuerto-jorge-chavez-permitira-al-mercado-aerocomercial-crecer-mas-de-14\/#breadcrumb"},"inLanguage":"es","potentialAction":[{"@type":"ReadAction","target":["https:\/\/aeronoticias.com.pe\/noticiero\/transporte-aereo\/internacional\/categoria-iii-del-aeropuerto-jorge-chavez-permitira-al-mercado-aerocomercial-crecer-mas-de-14\/"]}]},{"@type":"BreadcrumbList","@id":"https:\/\/aeronoticias.com.pe\/noticiero\/transporte-aereo\/internacional\/categoria-iii-del-aeropuerto-jorge-chavez-permitira-al-mercado-aerocomercial-crecer-mas-de-14\/#breadcrumb","itemListElement":[{"@type":"ListItem","position":1,"name":"Portada","item":"https:\/\/aeronoticias.com.pe\/noticiero\/"},{"@type":"ListItem","position":2,"name":"Categor\u00eda III del aeropuerto Jorge Ch\u00e1vez permitir\u00e1 al mercado aerocomercial crecer m\u00e1s de 14%"}]},{"@type":"WebSite","@id":"https:\/\/aeronoticias.com.pe\/noticiero\/#website","url":"https:\/\/aeronoticias.com.pe\/noticiero\/","name":"Aeronoticias.com.pe","description":"Noticias de tranporte aereo, turismo, hoteles, gastronomia, actualidad, internacional","potentialAction":[{"@type":"SearchAction","target":{"@type":"EntryPoint","urlTemplate":"https:\/\/aeronoticias.com.pe\/noticiero\/?s={search_term_string}"},"query-input":{"@type":"PropertyValueSpecification","valueRequired":true,"valueName":"search_term_string"}}],"inLanguage":"es"},{"@type":"Person","@id":"https:\/\/aeronoticias.com.pe\/noticiero\/#\/schema\/person\/fc1e5d578f4b62ba1cf7ac2bba1170a0","name":"Redacci\u00f3n Aeronoticias","url":"https:\/\/aeronoticias.com.pe\/noticiero\/author\/piloto\/"}]}},"_links":{"self":[{"href":"https:\/\/aeronoticias.com.pe\/noticiero\/wp-json\/wp\/v2\/posts\/12882","targetHints":{"allow":["GET"]}}],"collection":[{"href":"https:\/\/aeronoticias.com.pe\/noticiero\/wp-json\/wp\/v2\/posts"}],"about":[{"href":"https:\/\/aeronoticias.com.pe\/noticiero\/wp-json\/wp\/v2\/types\/post"}],"author":[{"embeddable":true,"href":"https:\/\/aeronoticias.com.pe\/noticiero\/wp-json\/wp\/v2\/users\/1"}],"replies":[{"embeddable":true,"href":"https:\/\/aeronoticias.com.pe\/noticiero\/wp-json\/wp\/v2\/comments?post=12882"}],"version-history":[{"count":0,"href":"https:\/\/aeronoticias.com.pe\/noticiero\/wp-json\/wp\/v2\/posts\/12882\/revisions"}],"wp:attachment":[{"href":"https:\/\/aeronoticias.com.pe\/noticiero\/wp-json\/wp\/v2\/media?parent=12882"}],"wp:term":[{"taxonomy":"category","embeddable":true,"href":"https:\/\/aeronoticias.com.pe\/noticiero\/wp-json\/wp\/v2\/categories?post=12882"},{"taxonomy":"post_tag","embeddable":true,"href":"https:\/\/aeronoticias.com.pe\/noticiero\/wp-json\/wp\/v2\/tags?post=12882"}],"curies":[{"name":"wp","href":"https:\/\/api.w.org\/{rel}","templated":true}]}}