{"id":12883,"date":"2010-09-18T15:03:41","date_gmt":"2010-09-18T15:03:41","guid":{"rendered":"http:\/\/desarrollo.mcvicious.com\/aero2020\/2010\/09\/18\/el-proximo-ano-al-menos-diez-aviones-regionales-volaran-rutas-cortas-a-nivel-nacional\/"},"modified":"2010-09-18T15:03:41","modified_gmt":"2010-09-18T15:03:41","slug":"el-proximo-ano-al-menos-diez-aviones-regionales-volaran-rutas-cortas-a-nivel-nacional","status":"publish","type":"post","link":"https:\/\/aeronoticias.com.pe\/noticiero\/nacionales\/el-proximo-ano-al-menos-diez-aviones-regionales-volaran-rutas-cortas-a-nivel-nacional\/","title":{"rendered":"El pr\u00f3ximo a\u00f1o al menos diez aviones regionales volar\u00e1n rutas cortas a nivel nacional"},"content":{"rendered":"<div style=\"text-align: justify\"><strong>(Aeronoticias).-<\/strong> El Ministerio de Transportes y Comunicaciones (MTC) anunci\u00f3 que el pr\u00f3ximo a\u00f1o entrar\u00e1n en operaci\u00f3n al menos diez aviones regionales que cubrir\u00e1n rutas cortas a nivel nacional, los cuales tendr\u00e1n tarifas econ\u00f3micas e incentivar\u00e1n la competencia en el sector aerocomercial.<\/div>\n<div style=\"text-align: justify\">\u00a0<\/div>\n<div style=\"text-align: justify\">Los aviones regionales son aeronaves de peque\u00f1a capacidad que operan rutas de corta distancia, y las diferencias frente a los grandes aviones comerciales son su menor coste, menor velocidad ascensional, menor autonom\u00eda y la necesidad de menor longitud de pista para aterrizar y despegar.<\/div>\n<div style=\"text-align: justify\">\u00a0<\/div>\n<div style=\"text-align: justify\">\n<div style=\"text-align: center\"><img decoding=\"async\" src=\"images\/stories\/10\/09\/180910\/aeropuertosregionales.jpg\" border=\"0\" title=\"10 aviones regionales entraran en operacion\" \/><\/div>\n<p>\u00a0<\/p><\/div>\n<div style=\"text-align: justify\">\u00a0<\/div>\n<div style=\"text-align: justify\">Pero, sobre todo, necesitan menos tiempo de espera en el aeropuerto, lo que permite facturar m\u00e1s horas de vuelo a la compa\u00f1\u00eda.<\/div>\n<div style=\"text-align: justify\">\u00a0<\/div>\n<div style=\"text-align: justify\">\u201cHemos solicitado a las compa\u00f1\u00edas a\u00e9reas que se esfuercen por comprar aviones m\u00e1s peque\u00f1os para volar rutas cortas, adem\u00e1s de los aviones de las familias Airbus o Boeing\u201d, manifest\u00f3 el ministro de Transportes y Comunicaciones, Enrique Cornejo.<\/div>\n<div style=\"text-align: justify\">\u00a0<\/div>\n<div style=\"text-align: justify\">Explic\u00f3 que ha pedido que adquieran aviones del tipo Embraer (Empresa Brasileira de Aeron\u00e1utica) u otros canadienses que tienen la caracter\u00edstica de estar hechos precisamente para unir rutas cortas.\u00a0\u201cEsto aviones regionales pueden transportar a un menor n\u00famero de pasajeros, 50, 70 o no m\u00e1s de 100, y tienen un costo m\u00e1s econ\u00f3mico. Consecuentemente, pueden llegar a rutas cortas en condiciones rentables\u201d, precis\u00f3.<\/div>\n<div style=\"text-align: justify\">\u00a0<\/div>\n<div style=\"text-align: justify\">Sostuvo que es indispensable que haya una oferta considerable de aviones regionales ya que existe una demanda potencial de gente, peruana y extranjera, que viaja constantemente a provincias.\u00a0\u201cEstoy pensando en Chachapoyas (San Mart\u00edn) o en Jauja (Jun\u00edn), que tienen aeropuertos modernos y p\u00fablico, pero los grandes aviones no podr\u00edan aterrizar ni les ser\u00eda rentable\u201d, apunt\u00f3.<\/div>\n<div style=\"text-align: justify\">\u00a0<\/div>\n<div style=\"text-align: justify\">Se\u00f1al\u00f3 que una compa\u00f1\u00eda a\u00e9rea que opera en el pa\u00eds ha anunciado que tres de esos aviones estar\u00e1n listos en el primer trimestre del 2011.<\/div>\n<div style=\"text-align: justify\">\u00a0<\/div>\n<div style=\"text-align: justify\">Asimismo, record\u00f3 que Lan Per\u00fa traer\u00e1 al avi\u00f3n m\u00e1s moderno que hay en el mundo, el Boeing 787 tambi\u00e9n llamado Dreamliner, y podr\u00eda empezar a operar a partir de abril del pr\u00f3ximo a\u00f1o.\u00a0<\/div>\n<div style=\"text-align: justify\">\u00a0<\/div>\n<div style=\"text-align: justify\">Se trata de un avi\u00f3n de pasajeros de tama\u00f1o medio y cabina ancha, que tuvo su primer despegue a finales del 2009 y est\u00e1 programado para transportar entre 200 y 350 pasajeros, dependiendo de la configuraci\u00f3n de asientos.\u00a0Seg\u00fan la compa\u00f1\u00eda, el primer destino del hemisferio occidental donde va a volar ese avi\u00f3n es Per\u00fa junto con Chile para vuelos entre Lima y Los Angeles (Estados Unidos) y Lima y Madrid (Espa\u00f1a).<\/div>\n<div style=\"text-align: justify\"><\/div>\n<div style=\"text-align: justify\">Finalmente, el ministro enfatiz\u00f3 que el sector aerocomercial de Per\u00fa est\u00e1 ingresando a un proceso muy din\u00e1mico de desarrollo de infraestructura.\u00a0\u201cAdem\u00e1s, pasa por una etapa de modernizaci\u00f3n y seguridad del tr\u00e1fico a\u00e9reo comercial, y de un mayor n\u00famero de las aeronaves que se ponen a disposici\u00f3n para los peruanos y turistas en general\u201d, concluy\u00f3. Fuente: Andina<\/div>\n<div style=\"text-align: justify\"><\/div>\n","protected":false},"excerpt":{"rendered":"<p>(Aeronoticias).- El Ministerio de Transportes y Comunicaciones (MTC) anunci\u00f3 que el pr\u00f3ximo a\u00f1o entrar\u00e1n en operaci\u00f3n al menos diez aviones regionales que cubrir\u00e1n rutas cortas a nivel nacional, los cuales tendr\u00e1n tarifas econ\u00f3micas e incentivar\u00e1n la competencia en el sector aerocomercial. \u00a0 Los aviones regionales son aeronaves de peque\u00f1a capacidad que operan rutas de corta [&hellip;]<\/p>\n","protected":false},"author":1,"featured_media":0,"comment_status":"open","ping_status":"open","sticky":false,"template":"","format":"standard","meta":{"tdm_status":"","tdm_grid_status":"","footnotes":""},"categories":[38],"tags":[],"class_list":{"0":"post-12883","1":"post","2":"type-post","3":"status-publish","4":"format-standard","6":"category-nacionales"},"yoast_head":"<!-- This site is optimized with the Yoast SEO plugin v25.1 - https:\/\/yoast.com\/wordpress\/plugins\/seo\/ -->\n<title>El pr\u00f3ximo a\u00f1o al menos diez aviones regionales volar\u00e1n rutas cortas a nivel nacional<\/title>\n<meta name=\"description\" content=\"Portal de noticias del Per\u00fa sobre el transporte a\u00e9reo, aviaci\u00f3n, turismo, hoteleria, actualidad.\" \/>\n<meta name=\"robots\" content=\"index, follow, max-snippet:-1, max-image-preview:large, max-video-preview:-1\" \/>\n<link rel=\"canonical\" href=\"https:\/\/aeronoticias.com.pe\/noticiero\/nacionales\/el-proximo-ano-al-menos-diez-aviones-regionales-volaran-rutas-cortas-a-nivel-nacional\/\" \/>\n<meta property=\"og:locale\" content=\"es_ES\" \/>\n<meta property=\"og:type\" content=\"article\" \/>\n<meta property=\"og:title\" content=\"El pr\u00f3ximo a\u00f1o al menos diez aviones regionales volar\u00e1n rutas cortas a nivel nacional\" \/>\n<meta property=\"og:description\" content=\"Portal de noticias del Per\u00fa sobre el transporte a\u00e9reo, aviaci\u00f3n, turismo, hoteleria, actualidad.\" \/>\n<meta property=\"og:url\" content=\"https:\/\/aeronoticias.com.pe\/noticiero\/nacionales\/el-proximo-ano-al-menos-diez-aviones-regionales-volaran-rutas-cortas-a-nivel-nacional\/\" \/>\n<meta property=\"og:site_name\" content=\"Aeronoticias.com.pe\" \/>\n<meta property=\"article:publisher\" content=\"https:\/\/www.facebook.com\/Aeronoticias.com.pe\/\" \/>\n<meta property=\"article:published_time\" content=\"2010-09-18T15:03:41+00:00\" \/>\n<meta name=\"author\" content=\"Redacci\u00f3n Aeronoticias\" \/>\n<meta name=\"twitter:card\" content=\"summary_large_image\" \/>\n<meta name=\"twitter:creator\" content=\"@aeronoticias\" \/>\n<meta name=\"twitter:site\" content=\"@aeronoticias\" \/>\n<meta name=\"twitter:label1\" content=\"Escrito por\" \/>\n\t<meta name=\"twitter:data1\" content=\"Redacci\u00f3n Aeronoticias\" \/>\n\t<meta name=\"twitter:label2\" content=\"Tiempo de lectura\" \/>\n\t<meta name=\"twitter:data2\" content=\"2 minutos\" \/>\n<script type=\"application\/ld+json\" class=\"yoast-schema-graph\">{\"@context\":\"https:\/\/schema.org\",\"@graph\":[{\"@type\":\"WebPage\",\"@id\":\"https:\/\/aeronoticias.com.pe\/noticiero\/nacionales\/el-proximo-ano-al-menos-diez-aviones-regionales-volaran-rutas-cortas-a-nivel-nacional\/\",\"url\":\"https:\/\/aeronoticias.com.pe\/noticiero\/nacionales\/el-proximo-ano-al-menos-diez-aviones-regionales-volaran-rutas-cortas-a-nivel-nacional\/\",\"name\":\"El pr\u00f3ximo a\u00f1o al menos diez aviones regionales volar\u00e1n rutas cortas a nivel nacional\",\"isPartOf\":{\"@id\":\"https:\/\/aeronoticias.com.pe\/noticiero\/#website\"},\"datePublished\":\"2010-09-18T15:03:41+00:00\",\"author\":{\"@id\":\"https:\/\/aeronoticias.com.pe\/noticiero\/#\/schema\/person\/fc1e5d578f4b62ba1cf7ac2bba1170a0\"},\"description\":\"Portal de noticias del Per\u00fa sobre el transporte a\u00e9reo, aviaci\u00f3n, turismo, hoteleria, actualidad.\",\"breadcrumb\":{\"@id\":\"https:\/\/aeronoticias.com.pe\/noticiero\/nacionales\/el-proximo-ano-al-menos-diez-aviones-regionales-volaran-rutas-cortas-a-nivel-nacional\/#breadcrumb\"},\"inLanguage\":\"es\",\"potentialAction\":[{\"@type\":\"ReadAction\",\"target\":[\"https:\/\/aeronoticias.com.pe\/noticiero\/nacionales\/el-proximo-ano-al-menos-diez-aviones-regionales-volaran-rutas-cortas-a-nivel-nacional\/\"]}]},{\"@type\":\"BreadcrumbList\",\"@id\":\"https:\/\/aeronoticias.com.pe\/noticiero\/nacionales\/el-proximo-ano-al-menos-diez-aviones-regionales-volaran-rutas-cortas-a-nivel-nacional\/#breadcrumb\",\"itemListElement\":[{\"@type\":\"ListItem\",\"position\":1,\"name\":\"Portada\",\"item\":\"https:\/\/aeronoticias.com.pe\/noticiero\/\"},{\"@type\":\"ListItem\",\"position\":2,\"name\":\"El pr\u00f3ximo a\u00f1o al menos diez aviones regionales volar\u00e1n rutas cortas a nivel nacional\"}]},{\"@type\":\"WebSite\",\"@id\":\"https:\/\/aeronoticias.com.pe\/noticiero\/#website\",\"url\":\"https:\/\/aeronoticias.com.pe\/noticiero\/\",\"name\":\"Aeronoticias.com.pe\",\"description\":\"Noticias de tranporte aereo, turismo, hoteles, gastronomia, actualidad, internacional\",\"potentialAction\":[{\"@type\":\"SearchAction\",\"target\":{\"@type\":\"EntryPoint\",\"urlTemplate\":\"https:\/\/aeronoticias.com.pe\/noticiero\/?s={search_term_string}\"},\"query-input\":{\"@type\":\"PropertyValueSpecification\",\"valueRequired\":true,\"valueName\":\"search_term_string\"}}],\"inLanguage\":\"es\"},{\"@type\":\"Person\",\"@id\":\"https:\/\/aeronoticias.com.pe\/noticiero\/#\/schema\/person\/fc1e5d578f4b62ba1cf7ac2bba1170a0\",\"name\":\"Redacci\u00f3n Aeronoticias\",\"url\":\"https:\/\/aeronoticias.com.pe\/noticiero\/author\/piloto\/\"}]}<\/script>\n<!-- \/ Yoast SEO plugin. -->","yoast_head_json":{"title":"El pr\u00f3ximo a\u00f1o al menos diez aviones regionales volar\u00e1n rutas cortas a nivel nacional","description":"Portal de noticias del Per\u00fa sobre el transporte a\u00e9reo, aviaci\u00f3n, turismo, hoteleria, actualidad.","robots":{"index":"index","follow":"follow","max-snippet":"max-snippet:-1","max-image-preview":"max-image-preview:large","max-video-preview":"max-video-preview:-1"},"canonical":"https:\/\/aeronoticias.com.pe\/noticiero\/nacionales\/el-proximo-ano-al-menos-diez-aviones-regionales-volaran-rutas-cortas-a-nivel-nacional\/","og_locale":"es_ES","og_type":"article","og_title":"El pr\u00f3ximo a\u00f1o al menos diez aviones regionales volar\u00e1n rutas cortas a nivel nacional","og_description":"Portal de noticias del Per\u00fa sobre el transporte a\u00e9reo, aviaci\u00f3n, turismo, hoteleria, actualidad.","og_url":"https:\/\/aeronoticias.com.pe\/noticiero\/nacionales\/el-proximo-ano-al-menos-diez-aviones-regionales-volaran-rutas-cortas-a-nivel-nacional\/","og_site_name":"Aeronoticias.com.pe","article_publisher":"https:\/\/www.facebook.com\/Aeronoticias.com.pe\/","article_published_time":"2010-09-18T15:03:41+00:00","author":"Redacci\u00f3n Aeronoticias","twitter_card":"summary_large_image","twitter_creator":"@aeronoticias","twitter_site":"@aeronoticias","twitter_misc":{"Escrito por":"Redacci\u00f3n Aeronoticias","Tiempo de lectura":"2 minutos"},"schema":{"@context":"https:\/\/schema.org","@graph":[{"@type":"WebPage","@id":"https:\/\/aeronoticias.com.pe\/noticiero\/nacionales\/el-proximo-ano-al-menos-diez-aviones-regionales-volaran-rutas-cortas-a-nivel-nacional\/","url":"https:\/\/aeronoticias.com.pe\/noticiero\/nacionales\/el-proximo-ano-al-menos-diez-aviones-regionales-volaran-rutas-cortas-a-nivel-nacional\/","name":"El pr\u00f3ximo a\u00f1o al menos diez aviones regionales volar\u00e1n rutas cortas a nivel nacional","isPartOf":{"@id":"https:\/\/aeronoticias.com.pe\/noticiero\/#website"},"datePublished":"2010-09-18T15:03:41+00:00","author":{"@id":"https:\/\/aeronoticias.com.pe\/noticiero\/#\/schema\/person\/fc1e5d578f4b62ba1cf7ac2bba1170a0"},"description":"Portal de noticias del Per\u00fa sobre el transporte a\u00e9reo, aviaci\u00f3n, turismo, hoteleria, actualidad.","breadcrumb":{"@id":"https:\/\/aeronoticias.com.pe\/noticiero\/nacionales\/el-proximo-ano-al-menos-diez-aviones-regionales-volaran-rutas-cortas-a-nivel-nacional\/#breadcrumb"},"inLanguage":"es","potentialAction":[{"@type":"ReadAction","target":["https:\/\/aeronoticias.com.pe\/noticiero\/nacionales\/el-proximo-ano-al-menos-diez-aviones-regionales-volaran-rutas-cortas-a-nivel-nacional\/"]}]},{"@type":"BreadcrumbList","@id":"https:\/\/aeronoticias.com.pe\/noticiero\/nacionales\/el-proximo-ano-al-menos-diez-aviones-regionales-volaran-rutas-cortas-a-nivel-nacional\/#breadcrumb","itemListElement":[{"@type":"ListItem","position":1,"name":"Portada","item":"https:\/\/aeronoticias.com.pe\/noticiero\/"},{"@type":"ListItem","position":2,"name":"El pr\u00f3ximo a\u00f1o al menos diez aviones regionales volar\u00e1n rutas cortas a nivel nacional"}]},{"@type":"WebSite","@id":"https:\/\/aeronoticias.com.pe\/noticiero\/#website","url":"https:\/\/aeronoticias.com.pe\/noticiero\/","name":"Aeronoticias.com.pe","description":"Noticias de tranporte aereo, turismo, hoteles, gastronomia, actualidad, internacional","potentialAction":[{"@type":"SearchAction","target":{"@type":"EntryPoint","urlTemplate":"https:\/\/aeronoticias.com.pe\/noticiero\/?s={search_term_string}"},"query-input":{"@type":"PropertyValueSpecification","valueRequired":true,"valueName":"search_term_string"}}],"inLanguage":"es"},{"@type":"Person","@id":"https:\/\/aeronoticias.com.pe\/noticiero\/#\/schema\/person\/fc1e5d578f4b62ba1cf7ac2bba1170a0","name":"Redacci\u00f3n Aeronoticias","url":"https:\/\/aeronoticias.com.pe\/noticiero\/author\/piloto\/"}]}},"_links":{"self":[{"href":"https:\/\/aeronoticias.com.pe\/noticiero\/wp-json\/wp\/v2\/posts\/12883","targetHints":{"allow":["GET"]}}],"collection":[{"href":"https:\/\/aeronoticias.com.pe\/noticiero\/wp-json\/wp\/v2\/posts"}],"about":[{"href":"https:\/\/aeronoticias.com.pe\/noticiero\/wp-json\/wp\/v2\/types\/post"}],"author":[{"embeddable":true,"href":"https:\/\/aeronoticias.com.pe\/noticiero\/wp-json\/wp\/v2\/users\/1"}],"replies":[{"embeddable":true,"href":"https:\/\/aeronoticias.com.pe\/noticiero\/wp-json\/wp\/v2\/comments?post=12883"}],"version-history":[{"count":0,"href":"https:\/\/aeronoticias.com.pe\/noticiero\/wp-json\/wp\/v2\/posts\/12883\/revisions"}],"wp:attachment":[{"href":"https:\/\/aeronoticias.com.pe\/noticiero\/wp-json\/wp\/v2\/media?parent=12883"}],"wp:term":[{"taxonomy":"category","embeddable":true,"href":"https:\/\/aeronoticias.com.pe\/noticiero\/wp-json\/wp\/v2\/categories?post=12883"},{"taxonomy":"post_tag","embeddable":true,"href":"https:\/\/aeronoticias.com.pe\/noticiero\/wp-json\/wp\/v2\/tags?post=12883"}],"curies":[{"name":"wp","href":"https:\/\/api.w.org\/{rel}","templated":true}]}}