{"id":12887,"date":"2010-09-18T17:41:04","date_gmt":"2010-09-18T17:41:04","guid":{"rendered":"http:\/\/desarrollo.mcvicious.com\/aero2020\/2010\/09\/18\/visita-del-papa-benedicto-xvi-a-londres\/"},"modified":"2010-09-18T17:41:04","modified_gmt":"2010-09-18T17:41:04","slug":"visita-del-papa-benedicto-xvi-a-londres","status":"publish","type":"post","link":"https:\/\/aeronoticias.com.pe\/noticiero\/ultimas\/1\/visita-del-papa-benedicto-xvi-a-londres\/","title":{"rendered":"Visita del Papa Benedicto XVI a Londres"},"content":{"rendered":"<p>(Aeronoticias).-\u00a0 Miles de J\u00f3venes, personas mayores y familias se concentraron en tierras inglesas para dar la bienvenida y recibir al Papa, con gran entusiasmo y gritos de alegr\u00eda: \u201cBenedetto\u201d!, \u201cViva el Papa\u201d!, \u201cWe love pope!\u201d en contraste con las predicciones pesimistas que fueron publicadas en la prensa inglesa augurando un negativo por parte de la poblaci\u00f3n.<\/p>\n<p><\/p>\n<div style=\"text-align: center\"><img decoding=\"async\" src=\"images\/stories\/10\/09\/180910\/benedictoxvi.jpg\" border=\"0\" alt=\"benedicto\" title=\"benedicto\" \/><\/div>\n<p>En la celebraci\u00f3n eucar\u00edstica celebrada en BellaHouston Park, destac\u00f3 la importancia de la educaci\u00f3n y la cultura para la evangelizaci\u00f3n. \u201cLa evangelizaci\u00f3n de la cultura es de especial importancia en nuestro tiempo, cuando la dictadura del relativismo amenaza oscurecer la verdad inmutable sobe la naturaleza del hombre, sobre su destino y su bien \u00faltimo\u201d, expres\u00f3 el Pont\u00edfice.<\/p>\n<p>Anim\u00f3 a los obispos en su dedicaci\u00f3n y responsabilidad pastoral y sobre los sacerdotes, pidiendo se ore por las vocaciones sacerdotales y religiosas. Dirigi\u00e9ndose a los Sacerdotes les pidi\u00f3 que prediquen \u201cel evangelio con un coraz\u00f3n puro y con recta conciencia\u201d. \u201cDedicaos solo a Dios y sere\u00eds el ejemplo luminoso de Santidad, de vida sencilla y alegre para los j\u00f3venes, ellos por su parte, desear\u00e1n seguramente unirse a vosotros en vuestro sol\u00edcito servicio al pueblo de Dios\u201d.<br \/>\u00a0<br \/>A los j\u00f3venes los alert\u00f3 de las \u201cmuchas tentaciones\u201d que deben afrontar cada d\u00eda, droga, dinero, sexo, pornograf\u00eda, alcohol. \u201cEl mundo os dice que os dar\u00e1 felicidad, cuando, en verdad, estas cosas son destructivas y crean divisi\u00f3n\u201d.\u00a0 \u00abS\u00f3lo una cosa permanece, el amor personal de Jes\u00fas por cada uno de vosotros. Buscadlo, conocedlo y amadlo, y el os liberar\u00e1 de la esclavitud de la existencia deslumbrante pero superficial, que propone frecuentemente la sociedad actual. Dejad de lado todo lo que es indigno y descubrid vuestra propia dignididad como Hijos de Dios\u201d.<br \/>\u00a0<br \/>Participaron en la ceremonia todos los obispos escoceses, miles de sacerdotes\u00a0 y fieles en un acto multitudinario en la primera jornada de Benedicto XVI en suelo brit\u00e1nico.<\/p>\n","protected":false},"excerpt":{"rendered":"<p>(Aeronoticias).-\u00a0 Miles de J\u00f3venes, personas mayores y familias se concentraron en tierras inglesas para dar la bienvenida y recibir al Papa, con gran entusiasmo y gritos de alegr\u00eda: \u201cBenedetto\u201d!, \u201cViva el Papa\u201d!, \u201cWe love pope!\u201d en contraste con las predicciones pesimistas que fueron publicadas en la prensa inglesa augurando un negativo por parte de la [&hellip;]<\/p>\n","protected":false},"author":1,"featured_media":0,"comment_status":"open","ping_status":"open","sticky":false,"template":"","format":"standard","meta":{"tdm_status":"","tdm_grid_status":"","footnotes":""},"categories":[30],"tags":[],"class_list":{"0":"post-12887","1":"post","2":"type-post","3":"status-publish","4":"format-standard","6":"category-30"},"yoast_head":"<!-- This site is optimized with the Yoast SEO plugin v25.1 - https:\/\/yoast.com\/wordpress\/plugins\/seo\/ -->\n<title>Visita del Papa Benedicto XVI a Londres<\/title>\n<meta name=\"description\" content=\"Portal de noticias del Per\u00fa sobre el transporte a\u00e9reo, aviaci\u00f3n, turismo, hoteleria, actualidad.\" \/>\n<meta name=\"robots\" content=\"index, follow, max-snippet:-1, max-image-preview:large, max-video-preview:-1\" \/>\n<link rel=\"canonical\" href=\"https:\/\/aeronoticias.com.pe\/noticiero\/ultimas\/1\/visita-del-papa-benedicto-xvi-a-londres\/\" \/>\n<meta property=\"og:locale\" content=\"es_ES\" \/>\n<meta property=\"og:type\" content=\"article\" \/>\n<meta property=\"og:title\" content=\"Visita del Papa Benedicto XVI a Londres\" \/>\n<meta property=\"og:description\" content=\"Portal de noticias del Per\u00fa sobre el transporte a\u00e9reo, aviaci\u00f3n, turismo, hoteleria, actualidad.\" \/>\n<meta property=\"og:url\" content=\"https:\/\/aeronoticias.com.pe\/noticiero\/ultimas\/1\/visita-del-papa-benedicto-xvi-a-londres\/\" \/>\n<meta property=\"og:site_name\" content=\"Aeronoticias.com.pe\" \/>\n<meta property=\"article:publisher\" content=\"https:\/\/www.facebook.com\/Aeronoticias.com.pe\/\" \/>\n<meta property=\"article:published_time\" content=\"2010-09-18T17:41:04+00:00\" \/>\n<meta name=\"author\" content=\"Redacci\u00f3n Aeronoticias\" \/>\n<meta name=\"twitter:card\" content=\"summary_large_image\" \/>\n<meta name=\"twitter:creator\" content=\"@aeronoticias\" \/>\n<meta name=\"twitter:site\" content=\"@aeronoticias\" \/>\n<meta name=\"twitter:label1\" content=\"Escrito por\" \/>\n\t<meta name=\"twitter:data1\" content=\"Redacci\u00f3n Aeronoticias\" \/>\n\t<meta name=\"twitter:label2\" content=\"Tiempo de lectura\" \/>\n\t<meta name=\"twitter:data2\" content=\"2 minutos\" \/>\n<script type=\"application\/ld+json\" class=\"yoast-schema-graph\">{\"@context\":\"https:\/\/schema.org\",\"@graph\":[{\"@type\":\"WebPage\",\"@id\":\"https:\/\/aeronoticias.com.pe\/noticiero\/ultimas\/1\/visita-del-papa-benedicto-xvi-a-londres\/\",\"url\":\"https:\/\/aeronoticias.com.pe\/noticiero\/ultimas\/1\/visita-del-papa-benedicto-xvi-a-londres\/\",\"name\":\"Visita del Papa Benedicto XVI a Londres\",\"isPartOf\":{\"@id\":\"https:\/\/aeronoticias.com.pe\/noticiero\/#website\"},\"datePublished\":\"2010-09-18T17:41:04+00:00\",\"author\":{\"@id\":\"https:\/\/aeronoticias.com.pe\/noticiero\/#\/schema\/person\/fc1e5d578f4b62ba1cf7ac2bba1170a0\"},\"description\":\"Portal de noticias del Per\u00fa sobre el transporte a\u00e9reo, aviaci\u00f3n, turismo, hoteleria, actualidad.\",\"breadcrumb\":{\"@id\":\"https:\/\/aeronoticias.com.pe\/noticiero\/ultimas\/1\/visita-del-papa-benedicto-xvi-a-londres\/#breadcrumb\"},\"inLanguage\":\"es\",\"potentialAction\":[{\"@type\":\"ReadAction\",\"target\":[\"https:\/\/aeronoticias.com.pe\/noticiero\/ultimas\/1\/visita-del-papa-benedicto-xvi-a-londres\/\"]}]},{\"@type\":\"BreadcrumbList\",\"@id\":\"https:\/\/aeronoticias.com.pe\/noticiero\/ultimas\/1\/visita-del-papa-benedicto-xvi-a-londres\/#breadcrumb\",\"itemListElement\":[{\"@type\":\"ListItem\",\"position\":1,\"name\":\"Portada\",\"item\":\"https:\/\/aeronoticias.com.pe\/noticiero\/\"},{\"@type\":\"ListItem\",\"position\":2,\"name\":\"Visita del Papa Benedicto XVI a Londres\"}]},{\"@type\":\"WebSite\",\"@id\":\"https:\/\/aeronoticias.com.pe\/noticiero\/#website\",\"url\":\"https:\/\/aeronoticias.com.pe\/noticiero\/\",\"name\":\"Aeronoticias.com.pe\",\"description\":\"Noticias de tranporte aereo, turismo, hoteles, gastronomia, actualidad, internacional\",\"potentialAction\":[{\"@type\":\"SearchAction\",\"target\":{\"@type\":\"EntryPoint\",\"urlTemplate\":\"https:\/\/aeronoticias.com.pe\/noticiero\/?s={search_term_string}\"},\"query-input\":{\"@type\":\"PropertyValueSpecification\",\"valueRequired\":true,\"valueName\":\"search_term_string\"}}],\"inLanguage\":\"es\"},{\"@type\":\"Person\",\"@id\":\"https:\/\/aeronoticias.com.pe\/noticiero\/#\/schema\/person\/fc1e5d578f4b62ba1cf7ac2bba1170a0\",\"name\":\"Redacci\u00f3n Aeronoticias\",\"url\":\"https:\/\/aeronoticias.com.pe\/noticiero\/author\/piloto\/\"}]}<\/script>\n<!-- \/ Yoast SEO plugin. -->","yoast_head_json":{"title":"Visita del Papa Benedicto XVI a Londres","description":"Portal de noticias del Per\u00fa sobre el transporte a\u00e9reo, aviaci\u00f3n, turismo, hoteleria, actualidad.","robots":{"index":"index","follow":"follow","max-snippet":"max-snippet:-1","max-image-preview":"max-image-preview:large","max-video-preview":"max-video-preview:-1"},"canonical":"https:\/\/aeronoticias.com.pe\/noticiero\/ultimas\/1\/visita-del-papa-benedicto-xvi-a-londres\/","og_locale":"es_ES","og_type":"article","og_title":"Visita del Papa Benedicto XVI a Londres","og_description":"Portal de noticias del Per\u00fa sobre el transporte a\u00e9reo, aviaci\u00f3n, turismo, hoteleria, actualidad.","og_url":"https:\/\/aeronoticias.com.pe\/noticiero\/ultimas\/1\/visita-del-papa-benedicto-xvi-a-londres\/","og_site_name":"Aeronoticias.com.pe","article_publisher":"https:\/\/www.facebook.com\/Aeronoticias.com.pe\/","article_published_time":"2010-09-18T17:41:04+00:00","author":"Redacci\u00f3n Aeronoticias","twitter_card":"summary_large_image","twitter_creator":"@aeronoticias","twitter_site":"@aeronoticias","twitter_misc":{"Escrito por":"Redacci\u00f3n Aeronoticias","Tiempo de lectura":"2 minutos"},"schema":{"@context":"https:\/\/schema.org","@graph":[{"@type":"WebPage","@id":"https:\/\/aeronoticias.com.pe\/noticiero\/ultimas\/1\/visita-del-papa-benedicto-xvi-a-londres\/","url":"https:\/\/aeronoticias.com.pe\/noticiero\/ultimas\/1\/visita-del-papa-benedicto-xvi-a-londres\/","name":"Visita del Papa Benedicto XVI a Londres","isPartOf":{"@id":"https:\/\/aeronoticias.com.pe\/noticiero\/#website"},"datePublished":"2010-09-18T17:41:04+00:00","author":{"@id":"https:\/\/aeronoticias.com.pe\/noticiero\/#\/schema\/person\/fc1e5d578f4b62ba1cf7ac2bba1170a0"},"description":"Portal de noticias del Per\u00fa sobre el transporte a\u00e9reo, aviaci\u00f3n, turismo, hoteleria, actualidad.","breadcrumb":{"@id":"https:\/\/aeronoticias.com.pe\/noticiero\/ultimas\/1\/visita-del-papa-benedicto-xvi-a-londres\/#breadcrumb"},"inLanguage":"es","potentialAction":[{"@type":"ReadAction","target":["https:\/\/aeronoticias.com.pe\/noticiero\/ultimas\/1\/visita-del-papa-benedicto-xvi-a-londres\/"]}]},{"@type":"BreadcrumbList","@id":"https:\/\/aeronoticias.com.pe\/noticiero\/ultimas\/1\/visita-del-papa-benedicto-xvi-a-londres\/#breadcrumb","itemListElement":[{"@type":"ListItem","position":1,"name":"Portada","item":"https:\/\/aeronoticias.com.pe\/noticiero\/"},{"@type":"ListItem","position":2,"name":"Visita del Papa Benedicto XVI a Londres"}]},{"@type":"WebSite","@id":"https:\/\/aeronoticias.com.pe\/noticiero\/#website","url":"https:\/\/aeronoticias.com.pe\/noticiero\/","name":"Aeronoticias.com.pe","description":"Noticias de tranporte aereo, turismo, hoteles, gastronomia, actualidad, internacional","potentialAction":[{"@type":"SearchAction","target":{"@type":"EntryPoint","urlTemplate":"https:\/\/aeronoticias.com.pe\/noticiero\/?s={search_term_string}"},"query-input":{"@type":"PropertyValueSpecification","valueRequired":true,"valueName":"search_term_string"}}],"inLanguage":"es"},{"@type":"Person","@id":"https:\/\/aeronoticias.com.pe\/noticiero\/#\/schema\/person\/fc1e5d578f4b62ba1cf7ac2bba1170a0","name":"Redacci\u00f3n Aeronoticias","url":"https:\/\/aeronoticias.com.pe\/noticiero\/author\/piloto\/"}]}},"_links":{"self":[{"href":"https:\/\/aeronoticias.com.pe\/noticiero\/wp-json\/wp\/v2\/posts\/12887","targetHints":{"allow":["GET"]}}],"collection":[{"href":"https:\/\/aeronoticias.com.pe\/noticiero\/wp-json\/wp\/v2\/posts"}],"about":[{"href":"https:\/\/aeronoticias.com.pe\/noticiero\/wp-json\/wp\/v2\/types\/post"}],"author":[{"embeddable":true,"href":"https:\/\/aeronoticias.com.pe\/noticiero\/wp-json\/wp\/v2\/users\/1"}],"replies":[{"embeddable":true,"href":"https:\/\/aeronoticias.com.pe\/noticiero\/wp-json\/wp\/v2\/comments?post=12887"}],"version-history":[{"count":0,"href":"https:\/\/aeronoticias.com.pe\/noticiero\/wp-json\/wp\/v2\/posts\/12887\/revisions"}],"wp:attachment":[{"href":"https:\/\/aeronoticias.com.pe\/noticiero\/wp-json\/wp\/v2\/media?parent=12887"}],"wp:term":[{"taxonomy":"category","embeddable":true,"href":"https:\/\/aeronoticias.com.pe\/noticiero\/wp-json\/wp\/v2\/categories?post=12887"},{"taxonomy":"post_tag","embeddable":true,"href":"https:\/\/aeronoticias.com.pe\/noticiero\/wp-json\/wp\/v2\/tags?post=12887"}],"curies":[{"name":"wp","href":"https:\/\/api.w.org\/{rel}","templated":true}]}}