{"id":13168,"date":"2010-10-05T18:20:44","date_gmt":"2010-10-05T18:20:44","guid":{"rendered":"http:\/\/desarrollo.mcvicious.com\/aero2020\/2010\/10\/05\/elecciones-2010-al-menos-nueve-regiones-definiran-presidencia-en-segunda-vuelta\/"},"modified":"2010-10-05T18:20:44","modified_gmt":"2010-10-05T18:20:44","slug":"elecciones-2010-al-menos-nueve-regiones-definiran-presidencia-en-segunda-vuelta","status":"publish","type":"post","link":"https:\/\/aeronoticias.com.pe\/noticiero\/nacionales\/elecciones-2010-al-menos-nueve-regiones-definiran-presidencia-en-segunda-vuelta\/","title":{"rendered":"Elecciones 2010: Al menos nueve regiones definir\u00e1n presidencia en segunda vuelta"},"content":{"rendered":"<p>(Aeronoticias) Hasta el momento, 9 regiones del pa\u00eds, definir\u00e1n la presidencia regional de sus candidatos en una segunda vuelta, esto debido a que no han alcanzado el 30% de los votos validos del electorado. Estas son Ica, Hu\u00e1nuco, Lambayeque, Lima, Madre de Dios, Cerro de Pasco, Puno, Tumbes, \u00c1ncash.<\/p>\n<p>En Hu\u00e1nuco, al 81.886% de actas computadas, Luis Pic\u00f3n, del Partido Democr\u00e1tico Somos Per\u00fa, tiene un 29.467% de votos, seguido por M\u00e1xima Garay Valdez, del Movimiento Pol\u00edtico Hechos y No Palabras, con 25.612%. En Ica, al 78.962% de actas contabilizadas, el duelo se concentra entre Alonso Navarro, del Frente Regional Progresista Ique\u00f1o, con 21.327%, y Eduardo Cabrera, de Fuerza 2011, con 20.483%. <\/p>\n<p>\u00a0<\/p>\n<p style=\"text-align: center\"><img decoding=\"async\" src=\"images\/stories\/10\/10\/051010\/segundavuelta.jpg\" border=\"0\" alt=\"segunda vuelta\" title=\"segunda vuelta\" \/><\/p>\n<p>Humberto Acu\u00f1a, de Alianza para el Progreso, con 28.625% de votos, y Manuel Valverde, del Partido Aprista Peruano, con 19.151%, ser\u00edan los candidatos de la segunda vuelta en Lambayeque, al 75.229% de actas contabilizadas. En Lima, al 68.570% de actas, la situaci\u00f3n se muestra re\u00f1ida con Nelson Chui, de Concertaci\u00f3n para el Desarrollo Regional, con 24.50%; seguido de Andr\u00e9s Tello, del Partido Aprista Peruano, con 12.262%; y Javier Alvarado, de Patria Joven, con 11.766%. S\u00f3lo los dos candidatos que logren mayor votaci\u00f3n pasar\u00e1n a la segunda vuelta. <\/p>\n<p>Al 80.618% de actas en Madre de Dios, Jos\u00e9 Luis Aguirre, del Bloque Popular Madre de Dios, tiene 23.302% de votos, y Sim\u00f3n Horna, del Movimiento Independiente Amor por Madre de Dios, ostenta un 20.160%. Willyam Tito Valle, de Somos Per\u00fa, con 29.612% de los votos; y Kl\u00e9ver Mel\u00e9ndez, de Alianza Regional Todos por Pasco, con 28.510%; ir\u00edan a la segunda vuelta en Pasco al 82.324% de actas contabilizadas. <\/p>\n<p>En el caso de Puno, al 74.106% de actas, la contienda ser\u00eda entre Juan Luque, de Reforma Regional Andina Integraci\u00f3n, Participaci\u00f3n Econ\u00f3mica y Social Puno que tiene el 23.376%; y Mauricio Rodr\u00edguez, del Proyecto Pol\u00edtico Aqu\u00ed, con 15.323%. La situaci\u00f3n en Tumbes tambi\u00e9n es re\u00f1ida al 64.844% de actas contabilizadas: Wilmer Dios Ben\u00edtez, del Movimiento Independiente Regional Faena, con 18.762% de votos; y Gerardo Vi\u00f1as, de Luchemos por Tumbes, con 16.090%. <\/p>\n","protected":false},"excerpt":{"rendered":"<p>(Aeronoticias) Hasta el momento, 9 regiones del pa\u00eds, definir\u00e1n la presidencia regional de sus candidatos en una segunda vuelta, esto debido a que no han alcanzado el 30% de los votos validos del electorado. Estas son Ica, Hu\u00e1nuco, Lambayeque, Lima, Madre de Dios, Cerro de Pasco, Puno, Tumbes, \u00c1ncash. En Hu\u00e1nuco, al 81.886% de actas [&hellip;]<\/p>\n","protected":false},"author":1,"featured_media":0,"comment_status":"open","ping_status":"open","sticky":false,"template":"","format":"standard","meta":{"tdm_status":"","tdm_grid_status":"","footnotes":""},"categories":[38],"tags":[],"class_list":{"0":"post-13168","1":"post","2":"type-post","3":"status-publish","4":"format-standard","6":"category-nacionales"},"yoast_head":"<!-- This site is optimized with the Yoast SEO plugin v25.1 - https:\/\/yoast.com\/wordpress\/plugins\/seo\/ -->\n<title>Elecciones 2010: Al menos nueve regiones definir\u00e1n presidencia en segunda vuelta<\/title>\n<meta name=\"description\" content=\"Portal de noticias del Per\u00fa sobre el transporte a\u00e9reo, aviaci\u00f3n, turismo, hoteleria, actualidad.\" \/>\n<meta name=\"robots\" content=\"index, follow, max-snippet:-1, max-image-preview:large, max-video-preview:-1\" \/>\n<link rel=\"canonical\" href=\"https:\/\/aeronoticias.com.pe\/noticiero\/nacionales\/elecciones-2010-al-menos-nueve-regiones-definiran-presidencia-en-segunda-vuelta\/\" \/>\n<meta property=\"og:locale\" content=\"es_ES\" \/>\n<meta property=\"og:type\" content=\"article\" \/>\n<meta property=\"og:title\" content=\"Elecciones 2010: Al menos nueve regiones definir\u00e1n presidencia en segunda vuelta\" \/>\n<meta property=\"og:description\" content=\"Portal de noticias del Per\u00fa sobre el transporte a\u00e9reo, aviaci\u00f3n, turismo, hoteleria, actualidad.\" \/>\n<meta property=\"og:url\" content=\"https:\/\/aeronoticias.com.pe\/noticiero\/nacionales\/elecciones-2010-al-menos-nueve-regiones-definiran-presidencia-en-segunda-vuelta\/\" \/>\n<meta property=\"og:site_name\" content=\"Aeronoticias.com.pe\" \/>\n<meta property=\"article:publisher\" content=\"https:\/\/www.facebook.com\/Aeronoticias.com.pe\/\" \/>\n<meta property=\"article:published_time\" content=\"2010-10-05T18:20:44+00:00\" \/>\n<meta name=\"author\" content=\"Redacci\u00f3n Aeronoticias\" \/>\n<meta name=\"twitter:card\" content=\"summary_large_image\" \/>\n<meta name=\"twitter:creator\" content=\"@aeronoticias\" \/>\n<meta name=\"twitter:site\" content=\"@aeronoticias\" \/>\n<meta name=\"twitter:label1\" content=\"Escrito por\" \/>\n\t<meta name=\"twitter:data1\" content=\"Redacci\u00f3n Aeronoticias\" \/>\n\t<meta name=\"twitter:label2\" content=\"Tiempo de lectura\" \/>\n\t<meta name=\"twitter:data2\" content=\"2 minutos\" \/>\n<script type=\"application\/ld+json\" class=\"yoast-schema-graph\">{\"@context\":\"https:\/\/schema.org\",\"@graph\":[{\"@type\":\"WebPage\",\"@id\":\"https:\/\/aeronoticias.com.pe\/noticiero\/nacionales\/elecciones-2010-al-menos-nueve-regiones-definiran-presidencia-en-segunda-vuelta\/\",\"url\":\"https:\/\/aeronoticias.com.pe\/noticiero\/nacionales\/elecciones-2010-al-menos-nueve-regiones-definiran-presidencia-en-segunda-vuelta\/\",\"name\":\"Elecciones 2010: Al menos nueve regiones definir\u00e1n presidencia en segunda vuelta\",\"isPartOf\":{\"@id\":\"https:\/\/aeronoticias.com.pe\/noticiero\/#website\"},\"datePublished\":\"2010-10-05T18:20:44+00:00\",\"author\":{\"@id\":\"https:\/\/aeronoticias.com.pe\/noticiero\/#\/schema\/person\/fc1e5d578f4b62ba1cf7ac2bba1170a0\"},\"description\":\"Portal de noticias del Per\u00fa sobre el transporte a\u00e9reo, aviaci\u00f3n, turismo, hoteleria, actualidad.\",\"breadcrumb\":{\"@id\":\"https:\/\/aeronoticias.com.pe\/noticiero\/nacionales\/elecciones-2010-al-menos-nueve-regiones-definiran-presidencia-en-segunda-vuelta\/#breadcrumb\"},\"inLanguage\":\"es\",\"potentialAction\":[{\"@type\":\"ReadAction\",\"target\":[\"https:\/\/aeronoticias.com.pe\/noticiero\/nacionales\/elecciones-2010-al-menos-nueve-regiones-definiran-presidencia-en-segunda-vuelta\/\"]}]},{\"@type\":\"BreadcrumbList\",\"@id\":\"https:\/\/aeronoticias.com.pe\/noticiero\/nacionales\/elecciones-2010-al-menos-nueve-regiones-definiran-presidencia-en-segunda-vuelta\/#breadcrumb\",\"itemListElement\":[{\"@type\":\"ListItem\",\"position\":1,\"name\":\"Portada\",\"item\":\"https:\/\/aeronoticias.com.pe\/noticiero\/\"},{\"@type\":\"ListItem\",\"position\":2,\"name\":\"Elecciones 2010: Al menos nueve regiones definir\u00e1n presidencia en segunda vuelta\"}]},{\"@type\":\"WebSite\",\"@id\":\"https:\/\/aeronoticias.com.pe\/noticiero\/#website\",\"url\":\"https:\/\/aeronoticias.com.pe\/noticiero\/\",\"name\":\"Aeronoticias.com.pe\",\"description\":\"Noticias de tranporte aereo, turismo, hoteles, gastronomia, actualidad, internacional\",\"potentialAction\":[{\"@type\":\"SearchAction\",\"target\":{\"@type\":\"EntryPoint\",\"urlTemplate\":\"https:\/\/aeronoticias.com.pe\/noticiero\/?s={search_term_string}\"},\"query-input\":{\"@type\":\"PropertyValueSpecification\",\"valueRequired\":true,\"valueName\":\"search_term_string\"}}],\"inLanguage\":\"es\"},{\"@type\":\"Person\",\"@id\":\"https:\/\/aeronoticias.com.pe\/noticiero\/#\/schema\/person\/fc1e5d578f4b62ba1cf7ac2bba1170a0\",\"name\":\"Redacci\u00f3n Aeronoticias\",\"url\":\"https:\/\/aeronoticias.com.pe\/noticiero\/author\/piloto\/\"}]}<\/script>\n<!-- \/ Yoast SEO plugin. -->","yoast_head_json":{"title":"Elecciones 2010: Al menos nueve regiones definir\u00e1n presidencia en segunda vuelta","description":"Portal de noticias del Per\u00fa sobre el transporte a\u00e9reo, aviaci\u00f3n, turismo, hoteleria, actualidad.","robots":{"index":"index","follow":"follow","max-snippet":"max-snippet:-1","max-image-preview":"max-image-preview:large","max-video-preview":"max-video-preview:-1"},"canonical":"https:\/\/aeronoticias.com.pe\/noticiero\/nacionales\/elecciones-2010-al-menos-nueve-regiones-definiran-presidencia-en-segunda-vuelta\/","og_locale":"es_ES","og_type":"article","og_title":"Elecciones 2010: Al menos nueve regiones definir\u00e1n presidencia en segunda vuelta","og_description":"Portal de noticias del Per\u00fa sobre el transporte a\u00e9reo, aviaci\u00f3n, turismo, hoteleria, actualidad.","og_url":"https:\/\/aeronoticias.com.pe\/noticiero\/nacionales\/elecciones-2010-al-menos-nueve-regiones-definiran-presidencia-en-segunda-vuelta\/","og_site_name":"Aeronoticias.com.pe","article_publisher":"https:\/\/www.facebook.com\/Aeronoticias.com.pe\/","article_published_time":"2010-10-05T18:20:44+00:00","author":"Redacci\u00f3n Aeronoticias","twitter_card":"summary_large_image","twitter_creator":"@aeronoticias","twitter_site":"@aeronoticias","twitter_misc":{"Escrito por":"Redacci\u00f3n Aeronoticias","Tiempo de lectura":"2 minutos"},"schema":{"@context":"https:\/\/schema.org","@graph":[{"@type":"WebPage","@id":"https:\/\/aeronoticias.com.pe\/noticiero\/nacionales\/elecciones-2010-al-menos-nueve-regiones-definiran-presidencia-en-segunda-vuelta\/","url":"https:\/\/aeronoticias.com.pe\/noticiero\/nacionales\/elecciones-2010-al-menos-nueve-regiones-definiran-presidencia-en-segunda-vuelta\/","name":"Elecciones 2010: Al menos nueve regiones definir\u00e1n presidencia en segunda vuelta","isPartOf":{"@id":"https:\/\/aeronoticias.com.pe\/noticiero\/#website"},"datePublished":"2010-10-05T18:20:44+00:00","author":{"@id":"https:\/\/aeronoticias.com.pe\/noticiero\/#\/schema\/person\/fc1e5d578f4b62ba1cf7ac2bba1170a0"},"description":"Portal de noticias del Per\u00fa sobre el transporte a\u00e9reo, aviaci\u00f3n, turismo, hoteleria, actualidad.","breadcrumb":{"@id":"https:\/\/aeronoticias.com.pe\/noticiero\/nacionales\/elecciones-2010-al-menos-nueve-regiones-definiran-presidencia-en-segunda-vuelta\/#breadcrumb"},"inLanguage":"es","potentialAction":[{"@type":"ReadAction","target":["https:\/\/aeronoticias.com.pe\/noticiero\/nacionales\/elecciones-2010-al-menos-nueve-regiones-definiran-presidencia-en-segunda-vuelta\/"]}]},{"@type":"BreadcrumbList","@id":"https:\/\/aeronoticias.com.pe\/noticiero\/nacionales\/elecciones-2010-al-menos-nueve-regiones-definiran-presidencia-en-segunda-vuelta\/#breadcrumb","itemListElement":[{"@type":"ListItem","position":1,"name":"Portada","item":"https:\/\/aeronoticias.com.pe\/noticiero\/"},{"@type":"ListItem","position":2,"name":"Elecciones 2010: Al menos nueve regiones definir\u00e1n presidencia en segunda vuelta"}]},{"@type":"WebSite","@id":"https:\/\/aeronoticias.com.pe\/noticiero\/#website","url":"https:\/\/aeronoticias.com.pe\/noticiero\/","name":"Aeronoticias.com.pe","description":"Noticias de tranporte aereo, turismo, hoteles, gastronomia, actualidad, internacional","potentialAction":[{"@type":"SearchAction","target":{"@type":"EntryPoint","urlTemplate":"https:\/\/aeronoticias.com.pe\/noticiero\/?s={search_term_string}"},"query-input":{"@type":"PropertyValueSpecification","valueRequired":true,"valueName":"search_term_string"}}],"inLanguage":"es"},{"@type":"Person","@id":"https:\/\/aeronoticias.com.pe\/noticiero\/#\/schema\/person\/fc1e5d578f4b62ba1cf7ac2bba1170a0","name":"Redacci\u00f3n Aeronoticias","url":"https:\/\/aeronoticias.com.pe\/noticiero\/author\/piloto\/"}]}},"_links":{"self":[{"href":"https:\/\/aeronoticias.com.pe\/noticiero\/wp-json\/wp\/v2\/posts\/13168","targetHints":{"allow":["GET"]}}],"collection":[{"href":"https:\/\/aeronoticias.com.pe\/noticiero\/wp-json\/wp\/v2\/posts"}],"about":[{"href":"https:\/\/aeronoticias.com.pe\/noticiero\/wp-json\/wp\/v2\/types\/post"}],"author":[{"embeddable":true,"href":"https:\/\/aeronoticias.com.pe\/noticiero\/wp-json\/wp\/v2\/users\/1"}],"replies":[{"embeddable":true,"href":"https:\/\/aeronoticias.com.pe\/noticiero\/wp-json\/wp\/v2\/comments?post=13168"}],"version-history":[{"count":0,"href":"https:\/\/aeronoticias.com.pe\/noticiero\/wp-json\/wp\/v2\/posts\/13168\/revisions"}],"wp:attachment":[{"href":"https:\/\/aeronoticias.com.pe\/noticiero\/wp-json\/wp\/v2\/media?parent=13168"}],"wp:term":[{"taxonomy":"category","embeddable":true,"href":"https:\/\/aeronoticias.com.pe\/noticiero\/wp-json\/wp\/v2\/categories?post=13168"},{"taxonomy":"post_tag","embeddable":true,"href":"https:\/\/aeronoticias.com.pe\/noticiero\/wp-json\/wp\/v2\/tags?post=13168"}],"curies":[{"name":"wp","href":"https:\/\/api.w.org\/{rel}","templated":true}]}}