{"id":13170,"date":"2010-10-05T19:48:03","date_gmt":"2010-10-05T19:48:03","guid":{"rendered":"http:\/\/desarrollo.mcvicious.com\/aero2020\/2010\/10\/05\/inca-rail-renueva-su-servicio-de-primera-clase-para-viajar-a-machu-picchu\/"},"modified":"2010-10-05T19:48:03","modified_gmt":"2010-10-05T19:48:03","slug":"inca-rail-renueva-su-servicio-de-primera-clase-para-viajar-a-machu-picchu","status":"publish","type":"post","link":"https:\/\/aeronoticias.com.pe\/noticiero\/turismo\/13\/inca-rail-renueva-su-servicio-de-primera-clase-para-viajar-a-machu-picchu\/","title":{"rendered":"Inca Rail renueva su servicio de Primera Clase para viajar a Machu Picchu"},"content":{"rendered":"<p align=\"justify\"><strong>(Aeronoticias)<\/strong> La empresa dedicada al transporte de pasajeros, estamos hablando de Inca Rail ha renovado su servicio de Primera Clase de la ruta en la ruta Ollantaytambo \u2013 Machu Picchu,\u00a0 para brindar el m\u00e1ximo confort a sus pasajeros. Este servicio, que mantiene las caracter\u00edsticas de siempre: c\u00f3modos asientos y amplios espacios, ofrece a partir de ahora un servicio m\u00e1s personal y de lujo. <\/p>\n<p>Los turistas de la primera clase ser\u00e1n recibidos con una deliciosa bebida de bienvenida y una fina toalla aromatizada con esencias frutales para refrescarse antes de iniciar el viaje. Luego podr\u00e1n disfrutar de una exquisita selecci\u00f3n de platos gourmet elaborados con ingredientes andinos acompa\u00f1ado de una copa de vino. <\/p>\n<div style=\"text-align: center\"><img decoding=\"async\" src=\"images\/stories\/10\/10\/051010\/inca-rail.jpg\" border=\"0\" alt=\"inca rail\" title=\"inca rail\" \/><\/div>\n<p>En ese sentido, los pasajeros de Inca Rail que elijan el servicio de Primera Clase de las 11:25 de la ma\u00f1ana, podr\u00e1n disfrutar de la Trilog\u00eda Andina, la cual consiste en una degustaci\u00f3n de tiradito de pejerrey de la laguna de Langui en crema de aj\u00ed amarillo, tiradito de champi\u00f1ones con la receta tradicional peruana y mini causa de rocoto con vegetales andinos; y como plato de fondo una trucha fresca de la zona del Valle del Chic\u00f3n en costra de ajonjol\u00ed con salsa de sauco de la zona de Urubamba, en nido de algas acompa\u00f1ada de cremoso pur\u00e9 de papas amarillas. <\/p>\n<p>Por su parte, quienes elijan viajar de retorno en el servicio de Primera Clase de las 7:38 de la noche degustar\u00e1n, como entrada fr\u00eda, tomate relleno con ensalada de quinua a la mediterr\u00e1nea con tarwi, zanahoria, aceitunas picadas y queso mozzarella en dados acompa\u00f1ada de peque\u00f1a mixtura de lechugas de la regi\u00f3n; y como plato principal una deliciosa lasagna de espinacas salteadas con salsa roja de tomates confitados en aceite de oliva, salsa bechamel y queso andino. Finalmente, la extraordinaria experiencia culinaria ofrecida por Inca Rail termina con un delicioso postre y una exquisita selecci\u00f3n de deliciosos t\u00e9s e infusiones.<\/p>\n","protected":false},"excerpt":{"rendered":"<p>(Aeronoticias) La empresa dedicada al transporte de pasajeros, estamos hablando de Inca Rail ha renovado su servicio de Primera Clase de la ruta en la ruta Ollantaytambo \u2013 Machu Picchu,\u00a0 para brindar el m\u00e1ximo confort a sus pasajeros. Este servicio, que mantiene las caracter\u00edsticas de siempre: c\u00f3modos asientos y amplios espacios, ofrece a partir de [&hellip;]<\/p>\n","protected":false},"author":1,"featured_media":0,"comment_status":"open","ping_status":"open","sticky":false,"template":"","format":"standard","meta":{"tdm_status":"","tdm_grid_status":"","footnotes":""},"categories":[31],"tags":[],"class_list":{"0":"post-13170","1":"post","2":"type-post","3":"status-publish","4":"format-standard","6":"category-31"},"yoast_head":"<!-- This site is optimized with the Yoast SEO plugin v25.1 - https:\/\/yoast.com\/wordpress\/plugins\/seo\/ -->\n<title>Inca Rail renueva su servicio de Primera Clase para viajar a Machu Picchu<\/title>\n<meta name=\"description\" content=\"Portal de noticias del Per\u00fa sobre el transporte a\u00e9reo, aviaci\u00f3n, turismo, hoteleria, actualidad.\" \/>\n<meta name=\"robots\" content=\"index, follow, max-snippet:-1, max-image-preview:large, max-video-preview:-1\" \/>\n<link rel=\"canonical\" href=\"https:\/\/aeronoticias.com.pe\/noticiero\/turismo\/13\/inca-rail-renueva-su-servicio-de-primera-clase-para-viajar-a-machu-picchu\/\" \/>\n<meta property=\"og:locale\" content=\"es_ES\" \/>\n<meta property=\"og:type\" content=\"article\" \/>\n<meta property=\"og:title\" content=\"Inca Rail renueva su servicio de Primera Clase para viajar a Machu Picchu\" \/>\n<meta property=\"og:description\" content=\"Portal de noticias del Per\u00fa sobre el transporte a\u00e9reo, aviaci\u00f3n, turismo, hoteleria, actualidad.\" \/>\n<meta property=\"og:url\" content=\"https:\/\/aeronoticias.com.pe\/noticiero\/turismo\/13\/inca-rail-renueva-su-servicio-de-primera-clase-para-viajar-a-machu-picchu\/\" \/>\n<meta property=\"og:site_name\" content=\"Aeronoticias.com.pe\" \/>\n<meta property=\"article:publisher\" content=\"https:\/\/www.facebook.com\/Aeronoticias.com.pe\/\" \/>\n<meta property=\"article:published_time\" content=\"2010-10-05T19:48:03+00:00\" \/>\n<meta name=\"author\" content=\"Redacci\u00f3n Aeronoticias\" \/>\n<meta name=\"twitter:card\" content=\"summary_large_image\" \/>\n<meta name=\"twitter:creator\" content=\"@aeronoticias\" \/>\n<meta name=\"twitter:site\" content=\"@aeronoticias\" \/>\n<meta name=\"twitter:label1\" content=\"Escrito por\" \/>\n\t<meta name=\"twitter:data1\" content=\"Redacci\u00f3n Aeronoticias\" \/>\n\t<meta name=\"twitter:label2\" content=\"Tiempo de lectura\" \/>\n\t<meta name=\"twitter:data2\" content=\"2 minutos\" \/>\n<script type=\"application\/ld+json\" class=\"yoast-schema-graph\">{\"@context\":\"https:\/\/schema.org\",\"@graph\":[{\"@type\":\"WebPage\",\"@id\":\"https:\/\/aeronoticias.com.pe\/noticiero\/turismo\/13\/inca-rail-renueva-su-servicio-de-primera-clase-para-viajar-a-machu-picchu\/\",\"url\":\"https:\/\/aeronoticias.com.pe\/noticiero\/turismo\/13\/inca-rail-renueva-su-servicio-de-primera-clase-para-viajar-a-machu-picchu\/\",\"name\":\"Inca Rail renueva su servicio de Primera Clase para viajar a Machu Picchu\",\"isPartOf\":{\"@id\":\"https:\/\/aeronoticias.com.pe\/noticiero\/#website\"},\"datePublished\":\"2010-10-05T19:48:03+00:00\",\"author\":{\"@id\":\"https:\/\/aeronoticias.com.pe\/noticiero\/#\/schema\/person\/fc1e5d578f4b62ba1cf7ac2bba1170a0\"},\"description\":\"Portal de noticias del Per\u00fa sobre el transporte a\u00e9reo, aviaci\u00f3n, turismo, hoteleria, actualidad.\",\"breadcrumb\":{\"@id\":\"https:\/\/aeronoticias.com.pe\/noticiero\/turismo\/13\/inca-rail-renueva-su-servicio-de-primera-clase-para-viajar-a-machu-picchu\/#breadcrumb\"},\"inLanguage\":\"es\",\"potentialAction\":[{\"@type\":\"ReadAction\",\"target\":[\"https:\/\/aeronoticias.com.pe\/noticiero\/turismo\/13\/inca-rail-renueva-su-servicio-de-primera-clase-para-viajar-a-machu-picchu\/\"]}]},{\"@type\":\"BreadcrumbList\",\"@id\":\"https:\/\/aeronoticias.com.pe\/noticiero\/turismo\/13\/inca-rail-renueva-su-servicio-de-primera-clase-para-viajar-a-machu-picchu\/#breadcrumb\",\"itemListElement\":[{\"@type\":\"ListItem\",\"position\":1,\"name\":\"Portada\",\"item\":\"https:\/\/aeronoticias.com.pe\/noticiero\/\"},{\"@type\":\"ListItem\",\"position\":2,\"name\":\"Inca Rail renueva su servicio de Primera Clase para viajar a Machu Picchu\"}]},{\"@type\":\"WebSite\",\"@id\":\"https:\/\/aeronoticias.com.pe\/noticiero\/#website\",\"url\":\"https:\/\/aeronoticias.com.pe\/noticiero\/\",\"name\":\"Aeronoticias.com.pe\",\"description\":\"Noticias de tranporte aereo, turismo, hoteles, gastronomia, actualidad, internacional\",\"potentialAction\":[{\"@type\":\"SearchAction\",\"target\":{\"@type\":\"EntryPoint\",\"urlTemplate\":\"https:\/\/aeronoticias.com.pe\/noticiero\/?s={search_term_string}\"},\"query-input\":{\"@type\":\"PropertyValueSpecification\",\"valueRequired\":true,\"valueName\":\"search_term_string\"}}],\"inLanguage\":\"es\"},{\"@type\":\"Person\",\"@id\":\"https:\/\/aeronoticias.com.pe\/noticiero\/#\/schema\/person\/fc1e5d578f4b62ba1cf7ac2bba1170a0\",\"name\":\"Redacci\u00f3n Aeronoticias\",\"url\":\"https:\/\/aeronoticias.com.pe\/noticiero\/author\/piloto\/\"}]}<\/script>\n<!-- \/ Yoast SEO plugin. -->","yoast_head_json":{"title":"Inca Rail renueva su servicio de Primera Clase para viajar a Machu Picchu","description":"Portal de noticias del Per\u00fa sobre el transporte a\u00e9reo, aviaci\u00f3n, turismo, hoteleria, actualidad.","robots":{"index":"index","follow":"follow","max-snippet":"max-snippet:-1","max-image-preview":"max-image-preview:large","max-video-preview":"max-video-preview:-1"},"canonical":"https:\/\/aeronoticias.com.pe\/noticiero\/turismo\/13\/inca-rail-renueva-su-servicio-de-primera-clase-para-viajar-a-machu-picchu\/","og_locale":"es_ES","og_type":"article","og_title":"Inca Rail renueva su servicio de Primera Clase para viajar a Machu Picchu","og_description":"Portal de noticias del Per\u00fa sobre el transporte a\u00e9reo, aviaci\u00f3n, turismo, hoteleria, actualidad.","og_url":"https:\/\/aeronoticias.com.pe\/noticiero\/turismo\/13\/inca-rail-renueva-su-servicio-de-primera-clase-para-viajar-a-machu-picchu\/","og_site_name":"Aeronoticias.com.pe","article_publisher":"https:\/\/www.facebook.com\/Aeronoticias.com.pe\/","article_published_time":"2010-10-05T19:48:03+00:00","author":"Redacci\u00f3n Aeronoticias","twitter_card":"summary_large_image","twitter_creator":"@aeronoticias","twitter_site":"@aeronoticias","twitter_misc":{"Escrito por":"Redacci\u00f3n Aeronoticias","Tiempo de lectura":"2 minutos"},"schema":{"@context":"https:\/\/schema.org","@graph":[{"@type":"WebPage","@id":"https:\/\/aeronoticias.com.pe\/noticiero\/turismo\/13\/inca-rail-renueva-su-servicio-de-primera-clase-para-viajar-a-machu-picchu\/","url":"https:\/\/aeronoticias.com.pe\/noticiero\/turismo\/13\/inca-rail-renueva-su-servicio-de-primera-clase-para-viajar-a-machu-picchu\/","name":"Inca Rail renueva su servicio de Primera Clase para viajar a Machu Picchu","isPartOf":{"@id":"https:\/\/aeronoticias.com.pe\/noticiero\/#website"},"datePublished":"2010-10-05T19:48:03+00:00","author":{"@id":"https:\/\/aeronoticias.com.pe\/noticiero\/#\/schema\/person\/fc1e5d578f4b62ba1cf7ac2bba1170a0"},"description":"Portal de noticias del Per\u00fa sobre el transporte a\u00e9reo, aviaci\u00f3n, turismo, hoteleria, actualidad.","breadcrumb":{"@id":"https:\/\/aeronoticias.com.pe\/noticiero\/turismo\/13\/inca-rail-renueva-su-servicio-de-primera-clase-para-viajar-a-machu-picchu\/#breadcrumb"},"inLanguage":"es","potentialAction":[{"@type":"ReadAction","target":["https:\/\/aeronoticias.com.pe\/noticiero\/turismo\/13\/inca-rail-renueva-su-servicio-de-primera-clase-para-viajar-a-machu-picchu\/"]}]},{"@type":"BreadcrumbList","@id":"https:\/\/aeronoticias.com.pe\/noticiero\/turismo\/13\/inca-rail-renueva-su-servicio-de-primera-clase-para-viajar-a-machu-picchu\/#breadcrumb","itemListElement":[{"@type":"ListItem","position":1,"name":"Portada","item":"https:\/\/aeronoticias.com.pe\/noticiero\/"},{"@type":"ListItem","position":2,"name":"Inca Rail renueva su servicio de Primera Clase para viajar a Machu Picchu"}]},{"@type":"WebSite","@id":"https:\/\/aeronoticias.com.pe\/noticiero\/#website","url":"https:\/\/aeronoticias.com.pe\/noticiero\/","name":"Aeronoticias.com.pe","description":"Noticias de tranporte aereo, turismo, hoteles, gastronomia, actualidad, internacional","potentialAction":[{"@type":"SearchAction","target":{"@type":"EntryPoint","urlTemplate":"https:\/\/aeronoticias.com.pe\/noticiero\/?s={search_term_string}"},"query-input":{"@type":"PropertyValueSpecification","valueRequired":true,"valueName":"search_term_string"}}],"inLanguage":"es"},{"@type":"Person","@id":"https:\/\/aeronoticias.com.pe\/noticiero\/#\/schema\/person\/fc1e5d578f4b62ba1cf7ac2bba1170a0","name":"Redacci\u00f3n Aeronoticias","url":"https:\/\/aeronoticias.com.pe\/noticiero\/author\/piloto\/"}]}},"_links":{"self":[{"href":"https:\/\/aeronoticias.com.pe\/noticiero\/wp-json\/wp\/v2\/posts\/13170","targetHints":{"allow":["GET"]}}],"collection":[{"href":"https:\/\/aeronoticias.com.pe\/noticiero\/wp-json\/wp\/v2\/posts"}],"about":[{"href":"https:\/\/aeronoticias.com.pe\/noticiero\/wp-json\/wp\/v2\/types\/post"}],"author":[{"embeddable":true,"href":"https:\/\/aeronoticias.com.pe\/noticiero\/wp-json\/wp\/v2\/users\/1"}],"replies":[{"embeddable":true,"href":"https:\/\/aeronoticias.com.pe\/noticiero\/wp-json\/wp\/v2\/comments?post=13170"}],"version-history":[{"count":0,"href":"https:\/\/aeronoticias.com.pe\/noticiero\/wp-json\/wp\/v2\/posts\/13170\/revisions"}],"wp:attachment":[{"href":"https:\/\/aeronoticias.com.pe\/noticiero\/wp-json\/wp\/v2\/media?parent=13170"}],"wp:term":[{"taxonomy":"category","embeddable":true,"href":"https:\/\/aeronoticias.com.pe\/noticiero\/wp-json\/wp\/v2\/categories?post=13170"},{"taxonomy":"post_tag","embeddable":true,"href":"https:\/\/aeronoticias.com.pe\/noticiero\/wp-json\/wp\/v2\/tags?post=13170"}],"curies":[{"name":"wp","href":"https:\/\/api.w.org\/{rel}","templated":true}]}}