{"id":13173,"date":"2010-10-05T22:16:41","date_gmt":"2010-10-05T22:16:41","guid":{"rendered":"http:\/\/desarrollo.mcvicious.com\/aero2020\/2010\/10\/05\/diario-chileno-opina-que-villaran-sera-competidora-de-ollanta-humala\/"},"modified":"2010-10-05T22:16:41","modified_gmt":"2010-10-05T22:16:41","slug":"diario-chileno-opina-que-villaran-sera-competidora-de-ollanta-humala","status":"publish","type":"post","link":"https:\/\/aeronoticias.com.pe\/noticiero\/nacionales\/diario-chileno-opina-que-villaran-sera-competidora-de-ollanta-humala\/","title":{"rendered":"Diario Chileno opina que Villar\u00e1n ser\u00e1 competidora de Ollanta Humala"},"content":{"rendered":"<div style=\"text-align: justify\"><strong>(Aeronoticias).-<\/strong> El influyente diario chileno \u201cEl Mercurio\u201d en su edici\u00f3n de hoy publica un art\u00edculo donde se dice que el \u00e9xito \u00a0pol\u00edtico logrado por el izquierdista movimiento Fuerza Social, que encabeza Susana Villar\u00e1n en \u00a0las elecciones municipales lime\u00f1as ,podr\u00eda competir en los comicios presidenciales del pr\u00f3ximo a\u00f1o con el Partido Nacionalista Peruano que lidera Ollanta Humala.<\/div>\n<div style=\"text-align: justify\">\n<div style=\"text-align: center\"><img decoding=\"async\" src=\"images\/stories\/10\/10\/051010\/susana-y-ollanta.jpg\" border=\"0\" alt=\"susanayollanta\" title=\"susanayollanta\" \/><\/div>\n<p><\/div>\n<div style=\"text-align: justify\">La nota, cuya autor\u00eda pertenece a la periodista Carolina \u00c1lvarez Pe\u00f1afiel, reconoce que hoy por hoy Ollanta Humala\u00a0\u201cEs el \u00fanico representante de la izquierda con una votaci\u00f3n considerable\u201d.<\/div>\n<div style=\"text-align: justify\"><\/div>\n<div style=\"text-align: justify\">En otro p\u00e1rrafo sostiene que los peruanos han demostrado rechazo a la clase pol\u00edtica tradicional que los gobernaba y que el resultado de las elecciones municipales constituyen un mensaje contundente a los ambiciosos que adelantaron hace meses la carrera presidencial del pr\u00f3ximo a\u00f1o, terminando con la sentencia de que \u201clos seguros ganadores no existen\u201d.<\/div>\n<div><\/div>\n","protected":false},"excerpt":{"rendered":"<p>(Aeronoticias).- El influyente diario chileno \u201cEl Mercurio\u201d en su edici\u00f3n de hoy publica un art\u00edculo donde se dice que el \u00e9xito \u00a0pol\u00edtico logrado por el izquierdista movimiento Fuerza Social, que encabeza Susana Villar\u00e1n en \u00a0las elecciones municipales lime\u00f1as ,podr\u00eda competir en los comicios presidenciales del pr\u00f3ximo a\u00f1o con el Partido Nacionalista Peruano que lidera Ollanta [&hellip;]<\/p>\n","protected":false},"author":1,"featured_media":0,"comment_status":"open","ping_status":"open","sticky":false,"template":"","format":"standard","meta":{"tdm_status":"","tdm_grid_status":"","footnotes":""},"categories":[38],"tags":[],"class_list":{"0":"post-13173","1":"post","2":"type-post","3":"status-publish","4":"format-standard","6":"category-nacionales"},"yoast_head":"<!-- This site is optimized with the Yoast SEO plugin v25.1 - https:\/\/yoast.com\/wordpress\/plugins\/seo\/ -->\n<title>Diario Chileno opina que Villar\u00e1n ser\u00e1 competidora de Ollanta Humala<\/title>\n<meta name=\"description\" content=\"Portal de noticias del Per\u00fa sobre el transporte a\u00e9reo, aviaci\u00f3n, turismo, hoteleria, actualidad.\" \/>\n<meta name=\"robots\" content=\"index, follow, max-snippet:-1, max-image-preview:large, max-video-preview:-1\" \/>\n<link rel=\"canonical\" href=\"https:\/\/aeronoticias.com.pe\/noticiero\/nacionales\/diario-chileno-opina-que-villaran-sera-competidora-de-ollanta-humala\/\" \/>\n<meta property=\"og:locale\" content=\"es_ES\" \/>\n<meta property=\"og:type\" content=\"article\" \/>\n<meta property=\"og:title\" content=\"Diario Chileno opina que Villar\u00e1n ser\u00e1 competidora de Ollanta Humala\" \/>\n<meta property=\"og:description\" content=\"Portal de noticias del Per\u00fa sobre el transporte a\u00e9reo, aviaci\u00f3n, turismo, hoteleria, actualidad.\" \/>\n<meta property=\"og:url\" content=\"https:\/\/aeronoticias.com.pe\/noticiero\/nacionales\/diario-chileno-opina-que-villaran-sera-competidora-de-ollanta-humala\/\" \/>\n<meta property=\"og:site_name\" content=\"Aeronoticias.com.pe\" \/>\n<meta property=\"article:publisher\" content=\"https:\/\/www.facebook.com\/Aeronoticias.com.pe\/\" \/>\n<meta property=\"article:published_time\" content=\"2010-10-05T22:16:41+00:00\" \/>\n<meta name=\"author\" content=\"Redacci\u00f3n Aeronoticias\" \/>\n<meta name=\"twitter:card\" content=\"summary_large_image\" \/>\n<meta name=\"twitter:creator\" content=\"@aeronoticias\" \/>\n<meta name=\"twitter:site\" content=\"@aeronoticias\" \/>\n<meta name=\"twitter:label1\" content=\"Escrito por\" \/>\n\t<meta name=\"twitter:data1\" content=\"Redacci\u00f3n Aeronoticias\" \/>\n\t<meta name=\"twitter:label2\" content=\"Tiempo de lectura\" \/>\n\t<meta name=\"twitter:data2\" content=\"1 minuto\" \/>\n<script type=\"application\/ld+json\" class=\"yoast-schema-graph\">{\"@context\":\"https:\/\/schema.org\",\"@graph\":[{\"@type\":\"WebPage\",\"@id\":\"https:\/\/aeronoticias.com.pe\/noticiero\/nacionales\/diario-chileno-opina-que-villaran-sera-competidora-de-ollanta-humala\/\",\"url\":\"https:\/\/aeronoticias.com.pe\/noticiero\/nacionales\/diario-chileno-opina-que-villaran-sera-competidora-de-ollanta-humala\/\",\"name\":\"Diario Chileno opina que Villar\u00e1n ser\u00e1 competidora de Ollanta Humala\",\"isPartOf\":{\"@id\":\"https:\/\/aeronoticias.com.pe\/noticiero\/#website\"},\"datePublished\":\"2010-10-05T22:16:41+00:00\",\"author\":{\"@id\":\"https:\/\/aeronoticias.com.pe\/noticiero\/#\/schema\/person\/fc1e5d578f4b62ba1cf7ac2bba1170a0\"},\"description\":\"Portal de noticias del Per\u00fa sobre el transporte a\u00e9reo, aviaci\u00f3n, turismo, hoteleria, actualidad.\",\"breadcrumb\":{\"@id\":\"https:\/\/aeronoticias.com.pe\/noticiero\/nacionales\/diario-chileno-opina-que-villaran-sera-competidora-de-ollanta-humala\/#breadcrumb\"},\"inLanguage\":\"es\",\"potentialAction\":[{\"@type\":\"ReadAction\",\"target\":[\"https:\/\/aeronoticias.com.pe\/noticiero\/nacionales\/diario-chileno-opina-que-villaran-sera-competidora-de-ollanta-humala\/\"]}]},{\"@type\":\"BreadcrumbList\",\"@id\":\"https:\/\/aeronoticias.com.pe\/noticiero\/nacionales\/diario-chileno-opina-que-villaran-sera-competidora-de-ollanta-humala\/#breadcrumb\",\"itemListElement\":[{\"@type\":\"ListItem\",\"position\":1,\"name\":\"Portada\",\"item\":\"https:\/\/aeronoticias.com.pe\/noticiero\/\"},{\"@type\":\"ListItem\",\"position\":2,\"name\":\"Diario Chileno opina que Villar\u00e1n ser\u00e1 competidora de Ollanta Humala\"}]},{\"@type\":\"WebSite\",\"@id\":\"https:\/\/aeronoticias.com.pe\/noticiero\/#website\",\"url\":\"https:\/\/aeronoticias.com.pe\/noticiero\/\",\"name\":\"Aeronoticias.com.pe\",\"description\":\"Noticias de tranporte aereo, turismo, hoteles, gastronomia, actualidad, internacional\",\"potentialAction\":[{\"@type\":\"SearchAction\",\"target\":{\"@type\":\"EntryPoint\",\"urlTemplate\":\"https:\/\/aeronoticias.com.pe\/noticiero\/?s={search_term_string}\"},\"query-input\":{\"@type\":\"PropertyValueSpecification\",\"valueRequired\":true,\"valueName\":\"search_term_string\"}}],\"inLanguage\":\"es\"},{\"@type\":\"Person\",\"@id\":\"https:\/\/aeronoticias.com.pe\/noticiero\/#\/schema\/person\/fc1e5d578f4b62ba1cf7ac2bba1170a0\",\"name\":\"Redacci\u00f3n Aeronoticias\",\"url\":\"https:\/\/aeronoticias.com.pe\/noticiero\/author\/piloto\/\"}]}<\/script>\n<!-- \/ Yoast SEO plugin. -->","yoast_head_json":{"title":"Diario Chileno opina que Villar\u00e1n ser\u00e1 competidora de Ollanta Humala","description":"Portal de noticias del Per\u00fa sobre el transporte a\u00e9reo, aviaci\u00f3n, turismo, hoteleria, actualidad.","robots":{"index":"index","follow":"follow","max-snippet":"max-snippet:-1","max-image-preview":"max-image-preview:large","max-video-preview":"max-video-preview:-1"},"canonical":"https:\/\/aeronoticias.com.pe\/noticiero\/nacionales\/diario-chileno-opina-que-villaran-sera-competidora-de-ollanta-humala\/","og_locale":"es_ES","og_type":"article","og_title":"Diario Chileno opina que Villar\u00e1n ser\u00e1 competidora de Ollanta Humala","og_description":"Portal de noticias del Per\u00fa sobre el transporte a\u00e9reo, aviaci\u00f3n, turismo, hoteleria, actualidad.","og_url":"https:\/\/aeronoticias.com.pe\/noticiero\/nacionales\/diario-chileno-opina-que-villaran-sera-competidora-de-ollanta-humala\/","og_site_name":"Aeronoticias.com.pe","article_publisher":"https:\/\/www.facebook.com\/Aeronoticias.com.pe\/","article_published_time":"2010-10-05T22:16:41+00:00","author":"Redacci\u00f3n Aeronoticias","twitter_card":"summary_large_image","twitter_creator":"@aeronoticias","twitter_site":"@aeronoticias","twitter_misc":{"Escrito por":"Redacci\u00f3n Aeronoticias","Tiempo de lectura":"1 minuto"},"schema":{"@context":"https:\/\/schema.org","@graph":[{"@type":"WebPage","@id":"https:\/\/aeronoticias.com.pe\/noticiero\/nacionales\/diario-chileno-opina-que-villaran-sera-competidora-de-ollanta-humala\/","url":"https:\/\/aeronoticias.com.pe\/noticiero\/nacionales\/diario-chileno-opina-que-villaran-sera-competidora-de-ollanta-humala\/","name":"Diario Chileno opina que Villar\u00e1n ser\u00e1 competidora de Ollanta Humala","isPartOf":{"@id":"https:\/\/aeronoticias.com.pe\/noticiero\/#website"},"datePublished":"2010-10-05T22:16:41+00:00","author":{"@id":"https:\/\/aeronoticias.com.pe\/noticiero\/#\/schema\/person\/fc1e5d578f4b62ba1cf7ac2bba1170a0"},"description":"Portal de noticias del Per\u00fa sobre el transporte a\u00e9reo, aviaci\u00f3n, turismo, hoteleria, actualidad.","breadcrumb":{"@id":"https:\/\/aeronoticias.com.pe\/noticiero\/nacionales\/diario-chileno-opina-que-villaran-sera-competidora-de-ollanta-humala\/#breadcrumb"},"inLanguage":"es","potentialAction":[{"@type":"ReadAction","target":["https:\/\/aeronoticias.com.pe\/noticiero\/nacionales\/diario-chileno-opina-que-villaran-sera-competidora-de-ollanta-humala\/"]}]},{"@type":"BreadcrumbList","@id":"https:\/\/aeronoticias.com.pe\/noticiero\/nacionales\/diario-chileno-opina-que-villaran-sera-competidora-de-ollanta-humala\/#breadcrumb","itemListElement":[{"@type":"ListItem","position":1,"name":"Portada","item":"https:\/\/aeronoticias.com.pe\/noticiero\/"},{"@type":"ListItem","position":2,"name":"Diario Chileno opina que Villar\u00e1n ser\u00e1 competidora de Ollanta Humala"}]},{"@type":"WebSite","@id":"https:\/\/aeronoticias.com.pe\/noticiero\/#website","url":"https:\/\/aeronoticias.com.pe\/noticiero\/","name":"Aeronoticias.com.pe","description":"Noticias de tranporte aereo, turismo, hoteles, gastronomia, actualidad, internacional","potentialAction":[{"@type":"SearchAction","target":{"@type":"EntryPoint","urlTemplate":"https:\/\/aeronoticias.com.pe\/noticiero\/?s={search_term_string}"},"query-input":{"@type":"PropertyValueSpecification","valueRequired":true,"valueName":"search_term_string"}}],"inLanguage":"es"},{"@type":"Person","@id":"https:\/\/aeronoticias.com.pe\/noticiero\/#\/schema\/person\/fc1e5d578f4b62ba1cf7ac2bba1170a0","name":"Redacci\u00f3n Aeronoticias","url":"https:\/\/aeronoticias.com.pe\/noticiero\/author\/piloto\/"}]}},"_links":{"self":[{"href":"https:\/\/aeronoticias.com.pe\/noticiero\/wp-json\/wp\/v2\/posts\/13173","targetHints":{"allow":["GET"]}}],"collection":[{"href":"https:\/\/aeronoticias.com.pe\/noticiero\/wp-json\/wp\/v2\/posts"}],"about":[{"href":"https:\/\/aeronoticias.com.pe\/noticiero\/wp-json\/wp\/v2\/types\/post"}],"author":[{"embeddable":true,"href":"https:\/\/aeronoticias.com.pe\/noticiero\/wp-json\/wp\/v2\/users\/1"}],"replies":[{"embeddable":true,"href":"https:\/\/aeronoticias.com.pe\/noticiero\/wp-json\/wp\/v2\/comments?post=13173"}],"version-history":[{"count":0,"href":"https:\/\/aeronoticias.com.pe\/noticiero\/wp-json\/wp\/v2\/posts\/13173\/revisions"}],"wp:attachment":[{"href":"https:\/\/aeronoticias.com.pe\/noticiero\/wp-json\/wp\/v2\/media?parent=13173"}],"wp:term":[{"taxonomy":"category","embeddable":true,"href":"https:\/\/aeronoticias.com.pe\/noticiero\/wp-json\/wp\/v2\/categories?post=13173"},{"taxonomy":"post_tag","embeddable":true,"href":"https:\/\/aeronoticias.com.pe\/noticiero\/wp-json\/wp\/v2\/tags?post=13173"}],"curies":[{"name":"wp","href":"https:\/\/api.w.org\/{rel}","templated":true}]}}