{"id":13174,"date":"2010-10-06T00:44:35","date_gmt":"2010-10-06T00:44:35","guid":{"rendered":"http:\/\/desarrollo.mcvicious.com\/aero2020\/2010\/10\/06\/sale-revelador-audio-de-la-policia-ecuatoriana-donde-se-escucha-que-maten-a-rafael-correa\/"},"modified":"2010-10-06T00:44:35","modified_gmt":"2010-10-06T00:44:35","slug":"sale-revelador-audio-de-la-policia-ecuatoriana-donde-se-escucha-que-maten-a-rafael-correa","status":"publish","type":"post","link":"https:\/\/aeronoticias.com.pe\/noticiero\/internacionales\/sale-revelador-audio-de-la-policia-ecuatoriana-donde-se-escucha-que-maten-a-rafael-correa\/","title":{"rendered":"Sale revelador audio de la polic\u00eda ecuatoriana donde se escucha que maten a Rafael Correa"},"content":{"rendered":"<p align=\"justify\"><strong>(Aeronoticias).-<\/strong> Un audio proveniente de la radio policial ecuatoriana fue divulgado hoy, el cual revel\u00f3 la gran confusi\u00f3n y el caos que rein\u00f3 durante la sublevaci\u00f3n de los uniformados la semana pasada, donde uno puede escuchar gritos como \u201cmaten al presidente (Rafael Correa)\u201d, \u201cboten bala\u201d y \u201cdisp\u00e1renle\u201d.<\/p>\n<p align=\"justify\">Esta grabaci\u00f3n revela las voces de varias personas que habr\u00edan utilizado la frecuencia policial el jueves, cuando polic\u00edas amotinados acorralaron durante horas en un hospital capitalino al mandatario, quien finalmente fue rescatado por militares en una operaci\u00f3n comando.<\/p>\n<p align=\"justify\">&nbsp;<\/p>\n<div style=\"text-align: center\"><img decoding=\"async\" src=\"images\/stories\/10\/10\/051010\/correa.jpg\" border=\"0\" alt=\"Sale revelador audio de la polic\u00eda ecuatoriana donde se escucha que maten a Rafael Correa\" title=\"Sale revelador audio de la polic\u00eda ecuatoriana donde se escucha que maten a Rafael Correa\" \/><\/div>\n<p>   <!--more-->   <\/p>\n<p align=\"justify\">Durante los 30 minutos de grabaci\u00f3n unos instan a acabar con el presidente y otros piden moderaci\u00f3n, entre llamadas a la resistencia contra los militares. \u201cNo le dejen salir a ese maldito (Correa)\u201d, se escucha decir a una mujer. \u201cMaten a Correa y se acaba esto\u201d, replica una voz masculina, entre insultos contra otro grupo de polic\u00edas que piden a los insurrectos que se rindan. \u201cNo hablemos de asesinatos\u201d, reclama uno.<\/p>\n<div align=\"justify\">Finalmente, \u201cMaten a ese hijo de p\u2026 de Correa\u201d, sentencia otra voz, mientras de fondo se oyen las r\u00e1fagas de ametralladora que protagonizaron la noche m\u00e1s dif\u00edcil del mandatario desde que lleg\u00f3 al poder hace poco m\u00e1s de tres a\u00f1os.<\/div>\n<div align=\"justify\">\u00a0<\/div>\n<div style=\"text-align: center\"><object classid=\"clsid:d27cdb6e-ae6d-11cf-96b8-444553540000\" codebase=\"http:\/\/download.macromedia.com\/pub\/shockwave\/cabs\/flash\/swflash.cab#version=6,0,40,0\" name=\"Sale revelador audio de la polic\u00eda ecuatoriana donde se escucha que maten a Rafael Correa\" width=\"400\" height=\"325\"><param name=\"name\" value=\"Sale revelador audio de la polic\u00eda ecuatoriana donde se escucha que maten a Rafael Correa\" \/><param name=\"width\" value=\"400\" \/><param name=\"height\" value=\"325\" \/><param name=\"src\" value=\"http:\/\/www.youtube.com\/v\/Xk-FJd_s38Q\" \/><embed type=\"application\/x-shockwave-flash\" name=\"Sale revelador audio de la polic\u00eda ecuatoriana donde se escucha que maten a Rafael Correa\" width=\"400\" height=\"325\" src=\"http:\/\/www.youtube.com\/v\/Xk-FJd_s38Q\"><\/embed><\/object><\/div>\n<p>&nbsp;<\/p>\n","protected":false},"excerpt":{"rendered":"<p>(Aeronoticias).- Un audio proveniente de la radio policial ecuatoriana fue divulgado hoy, el cual revel\u00f3 la gran confusi\u00f3n y el caos que rein\u00f3 durante la sublevaci\u00f3n de los uniformados la semana pasada, donde uno puede escuchar gritos como \u201cmaten al presidente (Rafael Correa)\u201d, \u201cboten bala\u201d y \u201cdisp\u00e1renle\u201d. Esta grabaci\u00f3n revela las voces de varias personas [&hellip;]<\/p>\n","protected":false},"author":1,"featured_media":0,"comment_status":"open","ping_status":"open","sticky":false,"template":"","format":"standard","meta":{"tdm_status":"","tdm_grid_status":"","footnotes":""},"categories":[34],"tags":[],"class_list":{"0":"post-13174","1":"post","2":"type-post","3":"status-publish","4":"format-standard","6":"category-internacionales"},"yoast_head":"<!-- This site is optimized with the Yoast SEO plugin v25.1 - https:\/\/yoast.com\/wordpress\/plugins\/seo\/ -->\n<title>Sale revelador audio de la polic\u00eda ecuatoriana donde se escucha que maten a Rafael Correa<\/title>\n<meta name=\"description\" content=\"Portal de noticias del Per\u00fa sobre el transporte a\u00e9reo, aviaci\u00f3n, turismo, hoteleria, actualidad.\" \/>\n<meta name=\"robots\" content=\"index, follow, max-snippet:-1, max-image-preview:large, max-video-preview:-1\" \/>\n<link rel=\"canonical\" href=\"https:\/\/aeronoticias.com.pe\/noticiero\/internacionales\/sale-revelador-audio-de-la-policia-ecuatoriana-donde-se-escucha-que-maten-a-rafael-correa\/\" \/>\n<meta property=\"og:locale\" content=\"es_ES\" \/>\n<meta property=\"og:type\" content=\"article\" \/>\n<meta property=\"og:title\" content=\"Sale revelador audio de la polic\u00eda ecuatoriana donde se escucha que maten a Rafael Correa\" \/>\n<meta property=\"og:description\" content=\"Portal de noticias del Per\u00fa sobre el transporte a\u00e9reo, aviaci\u00f3n, turismo, hoteleria, actualidad.\" \/>\n<meta property=\"og:url\" content=\"https:\/\/aeronoticias.com.pe\/noticiero\/internacionales\/sale-revelador-audio-de-la-policia-ecuatoriana-donde-se-escucha-que-maten-a-rafael-correa\/\" \/>\n<meta property=\"og:site_name\" content=\"Aeronoticias.com.pe\" \/>\n<meta property=\"article:publisher\" content=\"https:\/\/www.facebook.com\/Aeronoticias.com.pe\/\" \/>\n<meta property=\"article:published_time\" content=\"2010-10-06T00:44:35+00:00\" \/>\n<meta name=\"author\" content=\"Redacci\u00f3n Aeronoticias\" \/>\n<meta name=\"twitter:card\" content=\"summary_large_image\" \/>\n<meta name=\"twitter:creator\" content=\"@aeronoticias\" \/>\n<meta name=\"twitter:site\" content=\"@aeronoticias\" \/>\n<meta name=\"twitter:label1\" content=\"Escrito por\" \/>\n\t<meta name=\"twitter:data1\" content=\"Redacci\u00f3n Aeronoticias\" \/>\n\t<meta name=\"twitter:label2\" content=\"Tiempo de lectura\" \/>\n\t<meta name=\"twitter:data2\" content=\"1 minuto\" \/>\n<script type=\"application\/ld+json\" class=\"yoast-schema-graph\">{\"@context\":\"https:\/\/schema.org\",\"@graph\":[{\"@type\":\"WebPage\",\"@id\":\"https:\/\/aeronoticias.com.pe\/noticiero\/internacionales\/sale-revelador-audio-de-la-policia-ecuatoriana-donde-se-escucha-que-maten-a-rafael-correa\/\",\"url\":\"https:\/\/aeronoticias.com.pe\/noticiero\/internacionales\/sale-revelador-audio-de-la-policia-ecuatoriana-donde-se-escucha-que-maten-a-rafael-correa\/\",\"name\":\"Sale revelador audio de la polic\u00eda ecuatoriana donde se escucha que maten a Rafael Correa\",\"isPartOf\":{\"@id\":\"https:\/\/aeronoticias.com.pe\/noticiero\/#website\"},\"datePublished\":\"2010-10-06T00:44:35+00:00\",\"author\":{\"@id\":\"https:\/\/aeronoticias.com.pe\/noticiero\/#\/schema\/person\/fc1e5d578f4b62ba1cf7ac2bba1170a0\"},\"description\":\"Portal de noticias del Per\u00fa sobre el transporte a\u00e9reo, aviaci\u00f3n, turismo, hoteleria, actualidad.\",\"breadcrumb\":{\"@id\":\"https:\/\/aeronoticias.com.pe\/noticiero\/internacionales\/sale-revelador-audio-de-la-policia-ecuatoriana-donde-se-escucha-que-maten-a-rafael-correa\/#breadcrumb\"},\"inLanguage\":\"es\",\"potentialAction\":[{\"@type\":\"ReadAction\",\"target\":[\"https:\/\/aeronoticias.com.pe\/noticiero\/internacionales\/sale-revelador-audio-de-la-policia-ecuatoriana-donde-se-escucha-que-maten-a-rafael-correa\/\"]}]},{\"@type\":\"BreadcrumbList\",\"@id\":\"https:\/\/aeronoticias.com.pe\/noticiero\/internacionales\/sale-revelador-audio-de-la-policia-ecuatoriana-donde-se-escucha-que-maten-a-rafael-correa\/#breadcrumb\",\"itemListElement\":[{\"@type\":\"ListItem\",\"position\":1,\"name\":\"Portada\",\"item\":\"https:\/\/aeronoticias.com.pe\/noticiero\/\"},{\"@type\":\"ListItem\",\"position\":2,\"name\":\"Sale revelador audio de la polic\u00eda ecuatoriana donde se escucha que maten a Rafael Correa\"}]},{\"@type\":\"WebSite\",\"@id\":\"https:\/\/aeronoticias.com.pe\/noticiero\/#website\",\"url\":\"https:\/\/aeronoticias.com.pe\/noticiero\/\",\"name\":\"Aeronoticias.com.pe\",\"description\":\"Noticias de tranporte aereo, turismo, hoteles, gastronomia, actualidad, internacional\",\"potentialAction\":[{\"@type\":\"SearchAction\",\"target\":{\"@type\":\"EntryPoint\",\"urlTemplate\":\"https:\/\/aeronoticias.com.pe\/noticiero\/?s={search_term_string}\"},\"query-input\":{\"@type\":\"PropertyValueSpecification\",\"valueRequired\":true,\"valueName\":\"search_term_string\"}}],\"inLanguage\":\"es\"},{\"@type\":\"Person\",\"@id\":\"https:\/\/aeronoticias.com.pe\/noticiero\/#\/schema\/person\/fc1e5d578f4b62ba1cf7ac2bba1170a0\",\"name\":\"Redacci\u00f3n Aeronoticias\",\"url\":\"https:\/\/aeronoticias.com.pe\/noticiero\/author\/piloto\/\"}]}<\/script>\n<!-- \/ Yoast SEO plugin. -->","yoast_head_json":{"title":"Sale revelador audio de la polic\u00eda ecuatoriana donde se escucha que maten a Rafael Correa","description":"Portal de noticias del Per\u00fa sobre el transporte a\u00e9reo, aviaci\u00f3n, turismo, hoteleria, actualidad.","robots":{"index":"index","follow":"follow","max-snippet":"max-snippet:-1","max-image-preview":"max-image-preview:large","max-video-preview":"max-video-preview:-1"},"canonical":"https:\/\/aeronoticias.com.pe\/noticiero\/internacionales\/sale-revelador-audio-de-la-policia-ecuatoriana-donde-se-escucha-que-maten-a-rafael-correa\/","og_locale":"es_ES","og_type":"article","og_title":"Sale revelador audio de la polic\u00eda ecuatoriana donde se escucha que maten a Rafael Correa","og_description":"Portal de noticias del Per\u00fa sobre el transporte a\u00e9reo, aviaci\u00f3n, turismo, hoteleria, actualidad.","og_url":"https:\/\/aeronoticias.com.pe\/noticiero\/internacionales\/sale-revelador-audio-de-la-policia-ecuatoriana-donde-se-escucha-que-maten-a-rafael-correa\/","og_site_name":"Aeronoticias.com.pe","article_publisher":"https:\/\/www.facebook.com\/Aeronoticias.com.pe\/","article_published_time":"2010-10-06T00:44:35+00:00","author":"Redacci\u00f3n Aeronoticias","twitter_card":"summary_large_image","twitter_creator":"@aeronoticias","twitter_site":"@aeronoticias","twitter_misc":{"Escrito por":"Redacci\u00f3n Aeronoticias","Tiempo de lectura":"1 minuto"},"schema":{"@context":"https:\/\/schema.org","@graph":[{"@type":"WebPage","@id":"https:\/\/aeronoticias.com.pe\/noticiero\/internacionales\/sale-revelador-audio-de-la-policia-ecuatoriana-donde-se-escucha-que-maten-a-rafael-correa\/","url":"https:\/\/aeronoticias.com.pe\/noticiero\/internacionales\/sale-revelador-audio-de-la-policia-ecuatoriana-donde-se-escucha-que-maten-a-rafael-correa\/","name":"Sale revelador audio de la polic\u00eda ecuatoriana donde se escucha que maten a Rafael Correa","isPartOf":{"@id":"https:\/\/aeronoticias.com.pe\/noticiero\/#website"},"datePublished":"2010-10-06T00:44:35+00:00","author":{"@id":"https:\/\/aeronoticias.com.pe\/noticiero\/#\/schema\/person\/fc1e5d578f4b62ba1cf7ac2bba1170a0"},"description":"Portal de noticias del Per\u00fa sobre el transporte a\u00e9reo, aviaci\u00f3n, turismo, hoteleria, actualidad.","breadcrumb":{"@id":"https:\/\/aeronoticias.com.pe\/noticiero\/internacionales\/sale-revelador-audio-de-la-policia-ecuatoriana-donde-se-escucha-que-maten-a-rafael-correa\/#breadcrumb"},"inLanguage":"es","potentialAction":[{"@type":"ReadAction","target":["https:\/\/aeronoticias.com.pe\/noticiero\/internacionales\/sale-revelador-audio-de-la-policia-ecuatoriana-donde-se-escucha-que-maten-a-rafael-correa\/"]}]},{"@type":"BreadcrumbList","@id":"https:\/\/aeronoticias.com.pe\/noticiero\/internacionales\/sale-revelador-audio-de-la-policia-ecuatoriana-donde-se-escucha-que-maten-a-rafael-correa\/#breadcrumb","itemListElement":[{"@type":"ListItem","position":1,"name":"Portada","item":"https:\/\/aeronoticias.com.pe\/noticiero\/"},{"@type":"ListItem","position":2,"name":"Sale revelador audio de la polic\u00eda ecuatoriana donde se escucha que maten a Rafael Correa"}]},{"@type":"WebSite","@id":"https:\/\/aeronoticias.com.pe\/noticiero\/#website","url":"https:\/\/aeronoticias.com.pe\/noticiero\/","name":"Aeronoticias.com.pe","description":"Noticias de tranporte aereo, turismo, hoteles, gastronomia, actualidad, internacional","potentialAction":[{"@type":"SearchAction","target":{"@type":"EntryPoint","urlTemplate":"https:\/\/aeronoticias.com.pe\/noticiero\/?s={search_term_string}"},"query-input":{"@type":"PropertyValueSpecification","valueRequired":true,"valueName":"search_term_string"}}],"inLanguage":"es"},{"@type":"Person","@id":"https:\/\/aeronoticias.com.pe\/noticiero\/#\/schema\/person\/fc1e5d578f4b62ba1cf7ac2bba1170a0","name":"Redacci\u00f3n Aeronoticias","url":"https:\/\/aeronoticias.com.pe\/noticiero\/author\/piloto\/"}]}},"_links":{"self":[{"href":"https:\/\/aeronoticias.com.pe\/noticiero\/wp-json\/wp\/v2\/posts\/13174","targetHints":{"allow":["GET"]}}],"collection":[{"href":"https:\/\/aeronoticias.com.pe\/noticiero\/wp-json\/wp\/v2\/posts"}],"about":[{"href":"https:\/\/aeronoticias.com.pe\/noticiero\/wp-json\/wp\/v2\/types\/post"}],"author":[{"embeddable":true,"href":"https:\/\/aeronoticias.com.pe\/noticiero\/wp-json\/wp\/v2\/users\/1"}],"replies":[{"embeddable":true,"href":"https:\/\/aeronoticias.com.pe\/noticiero\/wp-json\/wp\/v2\/comments?post=13174"}],"version-history":[{"count":0,"href":"https:\/\/aeronoticias.com.pe\/noticiero\/wp-json\/wp\/v2\/posts\/13174\/revisions"}],"wp:attachment":[{"href":"https:\/\/aeronoticias.com.pe\/noticiero\/wp-json\/wp\/v2\/media?parent=13174"}],"wp:term":[{"taxonomy":"category","embeddable":true,"href":"https:\/\/aeronoticias.com.pe\/noticiero\/wp-json\/wp\/v2\/categories?post=13174"},{"taxonomy":"post_tag","embeddable":true,"href":"https:\/\/aeronoticias.com.pe\/noticiero\/wp-json\/wp\/v2\/tags?post=13174"}],"curies":[{"name":"wp","href":"https:\/\/api.w.org\/{rel}","templated":true}]}}