{"id":13263,"date":"2010-10-12T15:20:58","date_gmt":"2010-10-12T15:20:58","guid":{"rendered":"http:\/\/desarrollo.mcvicious.com\/aero2020\/2010\/10\/12\/se-da-inicio-al-festival-latinoamericano-de-poesia-en-lima\/"},"modified":"2010-10-12T15:20:58","modified_gmt":"2010-10-12T15:20:58","slug":"se-da-inicio-al-festival-latinoamericano-de-poesia-en-lima","status":"publish","type":"post","link":"https:\/\/aeronoticias.com.pe\/noticiero\/nacionales\/se-da-inicio-al-festival-latinoamericano-de-poesia-en-lima\/","title":{"rendered":"Se da inicio al Festival Latinoamericano de Poes\u00eda en Lima"},"content":{"rendered":"<div align=\"justify\"><strong>(Aeronoticias).-<\/strong> Desde el d\u00eda de hoy, Lima ser\u00e1 el centro po\u00e9tico del continente con el Festival Latinoamericano de Poes\u00eda \u201cUn par de vueltas por la realidad\u201d, a realizarse en la Casa de la Literatura Peruana. <\/p>\n<p>Dentro del evento se realizar\u00e1n una serie de recitales, mesas de discusi\u00f3n y exposiciones de poes\u00eda visual y perfopoes\u00eda. Dicho festival es programado para las 17:30 horas, el cual ser\u00e1 inaugurado con la participaci\u00f3n de los vates peruanos Miguel Ildefonso y Rafael Espinosa, la brasile\u00f1a Diana de Holanda, la mexicana Marina Ruiz y la chilena Gladys Gonz\u00e1les.<\/p><\/div>\n<div align=\"justify\">\u00a0<\/div>\n<div align=\"justify\">\n<div style=\"text-align: center\"><img decoding=\"async\" src=\"images\/stories\/10\/10\/121010\/festivalpoesia.jpg\" border=\"0\" alt=\"Se da inicio al Festival Latinoamericano de Poes\u00eda en Lima\" title=\"Se da inicio al Festival Latinoamericano de Poes\u00eda en Lima\" \/><\/div>\n<p>Adem\u00e1s de las mencionadas, nos visitar\u00e1n los escritores extranjeros Virna Texeira y Marina Hodecker de Brasil; Diego Ram\u00edrez, Pablo Maire y Danitza Fuentelzar de Chile; Feli D\u00e1valos de M\u00e9xico; Luis Alberto Bravo de Ecuador; y Dira Mart\u00ednez de Venezuela y Julios Mirlo de Espa\u00f1a.<\/p>\n<p>Entre los poetas invitados del Per\u00fa figuran creadores como Rodolfo Hinostroza, Jorge Pimentel, Raquel Jodorowsky, Enrique Ver\u00e1stegui, Carlos L\u00f3pez Degregori, Carmen Oll\u00e9, Tulio Mora, Arturo Corcuera, Vladimir Herrera, Jos\u00e9 Pancorbo.<\/p>\n<p>Adem\u00e1s de Armando Arteaga, Domingo de Ramos, Rosina Valc\u00e1rcel, Roc\u00edo Silva Santisteban, Miguel Ildefonso, Victoria Guerrero, Rafael Espinoza, Rodrigo Quijano, Willy G\u00f3mez, V\u00edctor Coral, Frido Mart\u00edn, Fernando Obreg\u00f3n y Rodolfo Ybarra.<\/p>\n<p>Adem\u00e1s participar\u00e1n autores m\u00e1s j\u00f3venes como Pa\u00fal Guill\u00e9n, Alexandra Tenorio, Cecilia Podest\u00e1, Bruno P\u00f3lack, Rafael Garc\u00eda-Godos, Tilsa Otta, Augusto Rubio, entre otros. <\/p>\n<p>Las actividades se llevar\u00e1n a cabo hasta el s\u00e1bado 16 del presente mes en la sede de la Casa de la Literatura Peruana, ubicada en la cuadra 2 del jir\u00f3n Ancash, en el cetro hist\u00f3rico de Lima.<\/div>\n","protected":false},"excerpt":{"rendered":"<p>(Aeronoticias).- Desde el d\u00eda de hoy, Lima ser\u00e1 el centro po\u00e9tico del continente con el Festival Latinoamericano de Poes\u00eda \u201cUn par de vueltas por la realidad\u201d, a realizarse en la Casa de la Literatura Peruana. Dentro del evento se realizar\u00e1n una serie de recitales, mesas de discusi\u00f3n y exposiciones de poes\u00eda visual y perfopoes\u00eda. Dicho [&hellip;]<\/p>\n","protected":false},"author":1,"featured_media":0,"comment_status":"open","ping_status":"open","sticky":false,"template":"","format":"standard","meta":{"tdm_status":"","tdm_grid_status":"","footnotes":""},"categories":[38],"tags":[],"class_list":{"0":"post-13263","1":"post","2":"type-post","3":"status-publish","4":"format-standard","6":"category-nacionales"},"yoast_head":"<!-- This site is optimized with the Yoast SEO plugin v25.1 - https:\/\/yoast.com\/wordpress\/plugins\/seo\/ -->\n<title>Se da inicio al Festival Latinoamericano de Poes\u00eda en Lima<\/title>\n<meta name=\"description\" content=\"Portal de noticias del Per\u00fa sobre el transporte a\u00e9reo, aviaci\u00f3n, turismo, hoteleria, actualidad.\" \/>\n<meta name=\"robots\" content=\"index, follow, max-snippet:-1, max-image-preview:large, max-video-preview:-1\" \/>\n<link rel=\"canonical\" href=\"https:\/\/aeronoticias.com.pe\/noticiero\/nacionales\/se-da-inicio-al-festival-latinoamericano-de-poesia-en-lima\/\" \/>\n<meta property=\"og:locale\" content=\"es_ES\" \/>\n<meta property=\"og:type\" content=\"article\" \/>\n<meta property=\"og:title\" content=\"Se da inicio al Festival Latinoamericano de Poes\u00eda en Lima\" \/>\n<meta property=\"og:description\" content=\"Portal de noticias del Per\u00fa sobre el transporte a\u00e9reo, aviaci\u00f3n, turismo, hoteleria, actualidad.\" \/>\n<meta property=\"og:url\" content=\"https:\/\/aeronoticias.com.pe\/noticiero\/nacionales\/se-da-inicio-al-festival-latinoamericano-de-poesia-en-lima\/\" \/>\n<meta property=\"og:site_name\" content=\"Aeronoticias.com.pe\" \/>\n<meta property=\"article:publisher\" content=\"https:\/\/www.facebook.com\/Aeronoticias.com.pe\/\" \/>\n<meta property=\"article:published_time\" content=\"2010-10-12T15:20:58+00:00\" \/>\n<meta name=\"author\" content=\"Redacci\u00f3n Aeronoticias\" \/>\n<meta name=\"twitter:card\" content=\"summary_large_image\" \/>\n<meta name=\"twitter:creator\" content=\"@aeronoticias\" \/>\n<meta name=\"twitter:site\" content=\"@aeronoticias\" \/>\n<meta name=\"twitter:label1\" content=\"Escrito por\" \/>\n\t<meta name=\"twitter:data1\" content=\"Redacci\u00f3n Aeronoticias\" \/>\n\t<meta name=\"twitter:label2\" content=\"Tiempo de lectura\" \/>\n\t<meta name=\"twitter:data2\" content=\"1 minuto\" \/>\n<script type=\"application\/ld+json\" class=\"yoast-schema-graph\">{\"@context\":\"https:\/\/schema.org\",\"@graph\":[{\"@type\":\"WebPage\",\"@id\":\"https:\/\/aeronoticias.com.pe\/noticiero\/nacionales\/se-da-inicio-al-festival-latinoamericano-de-poesia-en-lima\/\",\"url\":\"https:\/\/aeronoticias.com.pe\/noticiero\/nacionales\/se-da-inicio-al-festival-latinoamericano-de-poesia-en-lima\/\",\"name\":\"Se da inicio al Festival Latinoamericano de Poes\u00eda en Lima\",\"isPartOf\":{\"@id\":\"https:\/\/aeronoticias.com.pe\/noticiero\/#website\"},\"datePublished\":\"2010-10-12T15:20:58+00:00\",\"author\":{\"@id\":\"https:\/\/aeronoticias.com.pe\/noticiero\/#\/schema\/person\/fc1e5d578f4b62ba1cf7ac2bba1170a0\"},\"description\":\"Portal de noticias del Per\u00fa sobre el transporte a\u00e9reo, aviaci\u00f3n, turismo, hoteleria, actualidad.\",\"breadcrumb\":{\"@id\":\"https:\/\/aeronoticias.com.pe\/noticiero\/nacionales\/se-da-inicio-al-festival-latinoamericano-de-poesia-en-lima\/#breadcrumb\"},\"inLanguage\":\"es\",\"potentialAction\":[{\"@type\":\"ReadAction\",\"target\":[\"https:\/\/aeronoticias.com.pe\/noticiero\/nacionales\/se-da-inicio-al-festival-latinoamericano-de-poesia-en-lima\/\"]}]},{\"@type\":\"BreadcrumbList\",\"@id\":\"https:\/\/aeronoticias.com.pe\/noticiero\/nacionales\/se-da-inicio-al-festival-latinoamericano-de-poesia-en-lima\/#breadcrumb\",\"itemListElement\":[{\"@type\":\"ListItem\",\"position\":1,\"name\":\"Portada\",\"item\":\"https:\/\/aeronoticias.com.pe\/noticiero\/\"},{\"@type\":\"ListItem\",\"position\":2,\"name\":\"Se da inicio al Festival Latinoamericano de Poes\u00eda en Lima\"}]},{\"@type\":\"WebSite\",\"@id\":\"https:\/\/aeronoticias.com.pe\/noticiero\/#website\",\"url\":\"https:\/\/aeronoticias.com.pe\/noticiero\/\",\"name\":\"Aeronoticias.com.pe\",\"description\":\"Noticias de tranporte aereo, turismo, hoteles, gastronomia, actualidad, internacional\",\"potentialAction\":[{\"@type\":\"SearchAction\",\"target\":{\"@type\":\"EntryPoint\",\"urlTemplate\":\"https:\/\/aeronoticias.com.pe\/noticiero\/?s={search_term_string}\"},\"query-input\":{\"@type\":\"PropertyValueSpecification\",\"valueRequired\":true,\"valueName\":\"search_term_string\"}}],\"inLanguage\":\"es\"},{\"@type\":\"Person\",\"@id\":\"https:\/\/aeronoticias.com.pe\/noticiero\/#\/schema\/person\/fc1e5d578f4b62ba1cf7ac2bba1170a0\",\"name\":\"Redacci\u00f3n Aeronoticias\",\"url\":\"https:\/\/aeronoticias.com.pe\/noticiero\/author\/piloto\/\"}]}<\/script>\n<!-- \/ Yoast SEO plugin. -->","yoast_head_json":{"title":"Se da inicio al Festival Latinoamericano de Poes\u00eda en Lima","description":"Portal de noticias del Per\u00fa sobre el transporte a\u00e9reo, aviaci\u00f3n, turismo, hoteleria, actualidad.","robots":{"index":"index","follow":"follow","max-snippet":"max-snippet:-1","max-image-preview":"max-image-preview:large","max-video-preview":"max-video-preview:-1"},"canonical":"https:\/\/aeronoticias.com.pe\/noticiero\/nacionales\/se-da-inicio-al-festival-latinoamericano-de-poesia-en-lima\/","og_locale":"es_ES","og_type":"article","og_title":"Se da inicio al Festival Latinoamericano de Poes\u00eda en Lima","og_description":"Portal de noticias del Per\u00fa sobre el transporte a\u00e9reo, aviaci\u00f3n, turismo, hoteleria, actualidad.","og_url":"https:\/\/aeronoticias.com.pe\/noticiero\/nacionales\/se-da-inicio-al-festival-latinoamericano-de-poesia-en-lima\/","og_site_name":"Aeronoticias.com.pe","article_publisher":"https:\/\/www.facebook.com\/Aeronoticias.com.pe\/","article_published_time":"2010-10-12T15:20:58+00:00","author":"Redacci\u00f3n Aeronoticias","twitter_card":"summary_large_image","twitter_creator":"@aeronoticias","twitter_site":"@aeronoticias","twitter_misc":{"Escrito por":"Redacci\u00f3n Aeronoticias","Tiempo de lectura":"1 minuto"},"schema":{"@context":"https:\/\/schema.org","@graph":[{"@type":"WebPage","@id":"https:\/\/aeronoticias.com.pe\/noticiero\/nacionales\/se-da-inicio-al-festival-latinoamericano-de-poesia-en-lima\/","url":"https:\/\/aeronoticias.com.pe\/noticiero\/nacionales\/se-da-inicio-al-festival-latinoamericano-de-poesia-en-lima\/","name":"Se da inicio al Festival Latinoamericano de Poes\u00eda en Lima","isPartOf":{"@id":"https:\/\/aeronoticias.com.pe\/noticiero\/#website"},"datePublished":"2010-10-12T15:20:58+00:00","author":{"@id":"https:\/\/aeronoticias.com.pe\/noticiero\/#\/schema\/person\/fc1e5d578f4b62ba1cf7ac2bba1170a0"},"description":"Portal de noticias del Per\u00fa sobre el transporte a\u00e9reo, aviaci\u00f3n, turismo, hoteleria, actualidad.","breadcrumb":{"@id":"https:\/\/aeronoticias.com.pe\/noticiero\/nacionales\/se-da-inicio-al-festival-latinoamericano-de-poesia-en-lima\/#breadcrumb"},"inLanguage":"es","potentialAction":[{"@type":"ReadAction","target":["https:\/\/aeronoticias.com.pe\/noticiero\/nacionales\/se-da-inicio-al-festival-latinoamericano-de-poesia-en-lima\/"]}]},{"@type":"BreadcrumbList","@id":"https:\/\/aeronoticias.com.pe\/noticiero\/nacionales\/se-da-inicio-al-festival-latinoamericano-de-poesia-en-lima\/#breadcrumb","itemListElement":[{"@type":"ListItem","position":1,"name":"Portada","item":"https:\/\/aeronoticias.com.pe\/noticiero\/"},{"@type":"ListItem","position":2,"name":"Se da inicio al Festival Latinoamericano de Poes\u00eda en Lima"}]},{"@type":"WebSite","@id":"https:\/\/aeronoticias.com.pe\/noticiero\/#website","url":"https:\/\/aeronoticias.com.pe\/noticiero\/","name":"Aeronoticias.com.pe","description":"Noticias de tranporte aereo, turismo, hoteles, gastronomia, actualidad, internacional","potentialAction":[{"@type":"SearchAction","target":{"@type":"EntryPoint","urlTemplate":"https:\/\/aeronoticias.com.pe\/noticiero\/?s={search_term_string}"},"query-input":{"@type":"PropertyValueSpecification","valueRequired":true,"valueName":"search_term_string"}}],"inLanguage":"es"},{"@type":"Person","@id":"https:\/\/aeronoticias.com.pe\/noticiero\/#\/schema\/person\/fc1e5d578f4b62ba1cf7ac2bba1170a0","name":"Redacci\u00f3n Aeronoticias","url":"https:\/\/aeronoticias.com.pe\/noticiero\/author\/piloto\/"}]}},"_links":{"self":[{"href":"https:\/\/aeronoticias.com.pe\/noticiero\/wp-json\/wp\/v2\/posts\/13263","targetHints":{"allow":["GET"]}}],"collection":[{"href":"https:\/\/aeronoticias.com.pe\/noticiero\/wp-json\/wp\/v2\/posts"}],"about":[{"href":"https:\/\/aeronoticias.com.pe\/noticiero\/wp-json\/wp\/v2\/types\/post"}],"author":[{"embeddable":true,"href":"https:\/\/aeronoticias.com.pe\/noticiero\/wp-json\/wp\/v2\/users\/1"}],"replies":[{"embeddable":true,"href":"https:\/\/aeronoticias.com.pe\/noticiero\/wp-json\/wp\/v2\/comments?post=13263"}],"version-history":[{"count":0,"href":"https:\/\/aeronoticias.com.pe\/noticiero\/wp-json\/wp\/v2\/posts\/13263\/revisions"}],"wp:attachment":[{"href":"https:\/\/aeronoticias.com.pe\/noticiero\/wp-json\/wp\/v2\/media?parent=13263"}],"wp:term":[{"taxonomy":"category","embeddable":true,"href":"https:\/\/aeronoticias.com.pe\/noticiero\/wp-json\/wp\/v2\/categories?post=13263"},{"taxonomy":"post_tag","embeddable":true,"href":"https:\/\/aeronoticias.com.pe\/noticiero\/wp-json\/wp\/v2\/tags?post=13263"}],"curies":[{"name":"wp","href":"https:\/\/api.w.org\/{rel}","templated":true}]}}