{"id":13265,"date":"2010-10-12T17:13:38","date_gmt":"2010-10-12T17:13:38","guid":{"rendered":"http:\/\/desarrollo.mcvicious.com\/aero2020\/2010\/10\/12\/reabriran-feria-del-libro-en-miraflores-con-homenaje-a-vargas-llosa\/"},"modified":"2010-10-12T17:13:38","modified_gmt":"2010-10-12T17:13:38","slug":"reabriran-feria-del-libro-en-miraflores-con-homenaje-a-vargas-llosa","status":"publish","type":"post","link":"https:\/\/aeronoticias.com.pe\/noticiero\/nacionales\/reabriran-feria-del-libro-en-miraflores-con-homenaje-a-vargas-llosa\/","title":{"rendered":"Reabrir\u00e1n Feria del Libro en Miraflores con homenaje a Vargas Llosa"},"content":{"rendered":"<p align=\"justify\"><strong>(Aeronoticias)<\/strong> En la edici\u00f3n n\u00famero 31, la Feria del Libro \u201cRicardo Palma\u201d reabrir\u00e1 sus puertas al p\u00fablico, con un merecido homenaje al Premio Nobel, Mario Vargas Llosa. Recordemos que esta tradicional Feria, que el a\u00f1o pasado no abri\u00f3, se llevar\u00e1 acabo como era costumbre en el Parque Kennedy, en el distrito de Miraflores.<\/p>\n<div style=\"text-align: center\"><img decoding=\"async\" src=\"images\/stories\/10\/10\/121010\/reabren-feria-del-libro.jpg\" border=\"0\" alt=\"feria\" title=\"feria\" \/><\/div>\n<p>Esta Feria estar\u00e1 abierta desde este 22 de octubre hasta el 1 de noviembre, donde se ofertar\u00e1n los libros m\u00e1s conocidos del laureado escritor peruano y se colocar\u00e1 un cuaderno en blanco a la entrada de la feria para que los visitantes puedan escribir sus comentarios y opiniones.<\/p>\n<p>El Presidente de la C\u00e1mara Peruana del Libro, Jaime Carbajal, mencion\u00f3 que la feria\u00a0 albergar\u00e1 un total de 111 stands que estar\u00e1n agrupados de tal manera que permitir\u00e1n el libre tr\u00e1nsito de quienes frecuentan el parque con total normalidad. Adem\u00e1s agreg\u00f3: \u201cEstamos felices, regresamos a nuestro barrio, en un contexto del Premio Nobel\u201d<\/p>\n","protected":false},"excerpt":{"rendered":"<p>(Aeronoticias) En la edici\u00f3n n\u00famero 31, la Feria del Libro \u201cRicardo Palma\u201d reabrir\u00e1 sus puertas al p\u00fablico, con un merecido homenaje al Premio Nobel, Mario Vargas Llosa. Recordemos que esta tradicional Feria, que el a\u00f1o pasado no abri\u00f3, se llevar\u00e1 acabo como era costumbre en el Parque Kennedy, en el distrito de Miraflores. Esta Feria [&hellip;]<\/p>\n","protected":false},"author":1,"featured_media":0,"comment_status":"open","ping_status":"open","sticky":false,"template":"","format":"standard","meta":{"tdm_status":"","tdm_grid_status":"","footnotes":""},"categories":[38],"tags":[],"class_list":{"0":"post-13265","1":"post","2":"type-post","3":"status-publish","4":"format-standard","6":"category-nacionales"},"yoast_head":"<!-- This site is optimized with the Yoast SEO plugin v25.1 - https:\/\/yoast.com\/wordpress\/plugins\/seo\/ -->\n<title>Reabrir\u00e1n Feria del Libro en Miraflores con homenaje a Vargas Llosa<\/title>\n<meta name=\"description\" content=\"Portal de noticias del Per\u00fa sobre el transporte a\u00e9reo, aviaci\u00f3n, turismo, hoteleria, actualidad.\" \/>\n<meta name=\"robots\" content=\"index, follow, max-snippet:-1, max-image-preview:large, max-video-preview:-1\" \/>\n<link rel=\"canonical\" href=\"https:\/\/aeronoticias.com.pe\/noticiero\/nacionales\/reabriran-feria-del-libro-en-miraflores-con-homenaje-a-vargas-llosa\/\" \/>\n<meta property=\"og:locale\" content=\"es_ES\" \/>\n<meta property=\"og:type\" content=\"article\" \/>\n<meta property=\"og:title\" content=\"Reabrir\u00e1n Feria del Libro en Miraflores con homenaje a Vargas Llosa\" \/>\n<meta property=\"og:description\" content=\"Portal de noticias del Per\u00fa sobre el transporte a\u00e9reo, aviaci\u00f3n, turismo, hoteleria, actualidad.\" \/>\n<meta property=\"og:url\" content=\"https:\/\/aeronoticias.com.pe\/noticiero\/nacionales\/reabriran-feria-del-libro-en-miraflores-con-homenaje-a-vargas-llosa\/\" \/>\n<meta property=\"og:site_name\" content=\"Aeronoticias.com.pe\" \/>\n<meta property=\"article:publisher\" content=\"https:\/\/www.facebook.com\/Aeronoticias.com.pe\/\" \/>\n<meta property=\"article:published_time\" content=\"2010-10-12T17:13:38+00:00\" \/>\n<meta name=\"author\" content=\"Redacci\u00f3n Aeronoticias\" \/>\n<meta name=\"twitter:card\" content=\"summary_large_image\" \/>\n<meta name=\"twitter:creator\" content=\"@aeronoticias\" \/>\n<meta name=\"twitter:site\" content=\"@aeronoticias\" \/>\n<meta name=\"twitter:label1\" content=\"Escrito por\" \/>\n\t<meta name=\"twitter:data1\" content=\"Redacci\u00f3n Aeronoticias\" \/>\n\t<meta name=\"twitter:label2\" content=\"Tiempo de lectura\" \/>\n\t<meta name=\"twitter:data2\" content=\"1 minuto\" \/>\n<script type=\"application\/ld+json\" class=\"yoast-schema-graph\">{\"@context\":\"https:\/\/schema.org\",\"@graph\":[{\"@type\":\"WebPage\",\"@id\":\"https:\/\/aeronoticias.com.pe\/noticiero\/nacionales\/reabriran-feria-del-libro-en-miraflores-con-homenaje-a-vargas-llosa\/\",\"url\":\"https:\/\/aeronoticias.com.pe\/noticiero\/nacionales\/reabriran-feria-del-libro-en-miraflores-con-homenaje-a-vargas-llosa\/\",\"name\":\"Reabrir\u00e1n Feria del Libro en Miraflores con homenaje a Vargas Llosa\",\"isPartOf\":{\"@id\":\"https:\/\/aeronoticias.com.pe\/noticiero\/#website\"},\"datePublished\":\"2010-10-12T17:13:38+00:00\",\"author\":{\"@id\":\"https:\/\/aeronoticias.com.pe\/noticiero\/#\/schema\/person\/fc1e5d578f4b62ba1cf7ac2bba1170a0\"},\"description\":\"Portal de noticias del Per\u00fa sobre el transporte a\u00e9reo, aviaci\u00f3n, turismo, hoteleria, actualidad.\",\"breadcrumb\":{\"@id\":\"https:\/\/aeronoticias.com.pe\/noticiero\/nacionales\/reabriran-feria-del-libro-en-miraflores-con-homenaje-a-vargas-llosa\/#breadcrumb\"},\"inLanguage\":\"es\",\"potentialAction\":[{\"@type\":\"ReadAction\",\"target\":[\"https:\/\/aeronoticias.com.pe\/noticiero\/nacionales\/reabriran-feria-del-libro-en-miraflores-con-homenaje-a-vargas-llosa\/\"]}]},{\"@type\":\"BreadcrumbList\",\"@id\":\"https:\/\/aeronoticias.com.pe\/noticiero\/nacionales\/reabriran-feria-del-libro-en-miraflores-con-homenaje-a-vargas-llosa\/#breadcrumb\",\"itemListElement\":[{\"@type\":\"ListItem\",\"position\":1,\"name\":\"Portada\",\"item\":\"https:\/\/aeronoticias.com.pe\/noticiero\/\"},{\"@type\":\"ListItem\",\"position\":2,\"name\":\"Reabrir\u00e1n Feria del Libro en Miraflores con homenaje a Vargas Llosa\"}]},{\"@type\":\"WebSite\",\"@id\":\"https:\/\/aeronoticias.com.pe\/noticiero\/#website\",\"url\":\"https:\/\/aeronoticias.com.pe\/noticiero\/\",\"name\":\"Aeronoticias.com.pe\",\"description\":\"Noticias de tranporte aereo, turismo, hoteles, gastronomia, actualidad, internacional\",\"potentialAction\":[{\"@type\":\"SearchAction\",\"target\":{\"@type\":\"EntryPoint\",\"urlTemplate\":\"https:\/\/aeronoticias.com.pe\/noticiero\/?s={search_term_string}\"},\"query-input\":{\"@type\":\"PropertyValueSpecification\",\"valueRequired\":true,\"valueName\":\"search_term_string\"}}],\"inLanguage\":\"es\"},{\"@type\":\"Person\",\"@id\":\"https:\/\/aeronoticias.com.pe\/noticiero\/#\/schema\/person\/fc1e5d578f4b62ba1cf7ac2bba1170a0\",\"name\":\"Redacci\u00f3n Aeronoticias\",\"url\":\"https:\/\/aeronoticias.com.pe\/noticiero\/author\/piloto\/\"}]}<\/script>\n<!-- \/ Yoast SEO plugin. -->","yoast_head_json":{"title":"Reabrir\u00e1n Feria del Libro en Miraflores con homenaje a Vargas Llosa","description":"Portal de noticias del Per\u00fa sobre el transporte a\u00e9reo, aviaci\u00f3n, turismo, hoteleria, actualidad.","robots":{"index":"index","follow":"follow","max-snippet":"max-snippet:-1","max-image-preview":"max-image-preview:large","max-video-preview":"max-video-preview:-1"},"canonical":"https:\/\/aeronoticias.com.pe\/noticiero\/nacionales\/reabriran-feria-del-libro-en-miraflores-con-homenaje-a-vargas-llosa\/","og_locale":"es_ES","og_type":"article","og_title":"Reabrir\u00e1n Feria del Libro en Miraflores con homenaje a Vargas Llosa","og_description":"Portal de noticias del Per\u00fa sobre el transporte a\u00e9reo, aviaci\u00f3n, turismo, hoteleria, actualidad.","og_url":"https:\/\/aeronoticias.com.pe\/noticiero\/nacionales\/reabriran-feria-del-libro-en-miraflores-con-homenaje-a-vargas-llosa\/","og_site_name":"Aeronoticias.com.pe","article_publisher":"https:\/\/www.facebook.com\/Aeronoticias.com.pe\/","article_published_time":"2010-10-12T17:13:38+00:00","author":"Redacci\u00f3n Aeronoticias","twitter_card":"summary_large_image","twitter_creator":"@aeronoticias","twitter_site":"@aeronoticias","twitter_misc":{"Escrito por":"Redacci\u00f3n Aeronoticias","Tiempo de lectura":"1 minuto"},"schema":{"@context":"https:\/\/schema.org","@graph":[{"@type":"WebPage","@id":"https:\/\/aeronoticias.com.pe\/noticiero\/nacionales\/reabriran-feria-del-libro-en-miraflores-con-homenaje-a-vargas-llosa\/","url":"https:\/\/aeronoticias.com.pe\/noticiero\/nacionales\/reabriran-feria-del-libro-en-miraflores-con-homenaje-a-vargas-llosa\/","name":"Reabrir\u00e1n Feria del Libro en Miraflores con homenaje a Vargas Llosa","isPartOf":{"@id":"https:\/\/aeronoticias.com.pe\/noticiero\/#website"},"datePublished":"2010-10-12T17:13:38+00:00","author":{"@id":"https:\/\/aeronoticias.com.pe\/noticiero\/#\/schema\/person\/fc1e5d578f4b62ba1cf7ac2bba1170a0"},"description":"Portal de noticias del Per\u00fa sobre el transporte a\u00e9reo, aviaci\u00f3n, turismo, hoteleria, actualidad.","breadcrumb":{"@id":"https:\/\/aeronoticias.com.pe\/noticiero\/nacionales\/reabriran-feria-del-libro-en-miraflores-con-homenaje-a-vargas-llosa\/#breadcrumb"},"inLanguage":"es","potentialAction":[{"@type":"ReadAction","target":["https:\/\/aeronoticias.com.pe\/noticiero\/nacionales\/reabriran-feria-del-libro-en-miraflores-con-homenaje-a-vargas-llosa\/"]}]},{"@type":"BreadcrumbList","@id":"https:\/\/aeronoticias.com.pe\/noticiero\/nacionales\/reabriran-feria-del-libro-en-miraflores-con-homenaje-a-vargas-llosa\/#breadcrumb","itemListElement":[{"@type":"ListItem","position":1,"name":"Portada","item":"https:\/\/aeronoticias.com.pe\/noticiero\/"},{"@type":"ListItem","position":2,"name":"Reabrir\u00e1n Feria del Libro en Miraflores con homenaje a Vargas Llosa"}]},{"@type":"WebSite","@id":"https:\/\/aeronoticias.com.pe\/noticiero\/#website","url":"https:\/\/aeronoticias.com.pe\/noticiero\/","name":"Aeronoticias.com.pe","description":"Noticias de tranporte aereo, turismo, hoteles, gastronomia, actualidad, internacional","potentialAction":[{"@type":"SearchAction","target":{"@type":"EntryPoint","urlTemplate":"https:\/\/aeronoticias.com.pe\/noticiero\/?s={search_term_string}"},"query-input":{"@type":"PropertyValueSpecification","valueRequired":true,"valueName":"search_term_string"}}],"inLanguage":"es"},{"@type":"Person","@id":"https:\/\/aeronoticias.com.pe\/noticiero\/#\/schema\/person\/fc1e5d578f4b62ba1cf7ac2bba1170a0","name":"Redacci\u00f3n Aeronoticias","url":"https:\/\/aeronoticias.com.pe\/noticiero\/author\/piloto\/"}]}},"_links":{"self":[{"href":"https:\/\/aeronoticias.com.pe\/noticiero\/wp-json\/wp\/v2\/posts\/13265","targetHints":{"allow":["GET"]}}],"collection":[{"href":"https:\/\/aeronoticias.com.pe\/noticiero\/wp-json\/wp\/v2\/posts"}],"about":[{"href":"https:\/\/aeronoticias.com.pe\/noticiero\/wp-json\/wp\/v2\/types\/post"}],"author":[{"embeddable":true,"href":"https:\/\/aeronoticias.com.pe\/noticiero\/wp-json\/wp\/v2\/users\/1"}],"replies":[{"embeddable":true,"href":"https:\/\/aeronoticias.com.pe\/noticiero\/wp-json\/wp\/v2\/comments?post=13265"}],"version-history":[{"count":0,"href":"https:\/\/aeronoticias.com.pe\/noticiero\/wp-json\/wp\/v2\/posts\/13265\/revisions"}],"wp:attachment":[{"href":"https:\/\/aeronoticias.com.pe\/noticiero\/wp-json\/wp\/v2\/media?parent=13265"}],"wp:term":[{"taxonomy":"category","embeddable":true,"href":"https:\/\/aeronoticias.com.pe\/noticiero\/wp-json\/wp\/v2\/categories?post=13265"},{"taxonomy":"post_tag","embeddable":true,"href":"https:\/\/aeronoticias.com.pe\/noticiero\/wp-json\/wp\/v2\/tags?post=13265"}],"curies":[{"name":"wp","href":"https:\/\/api.w.org\/{rel}","templated":true}]}}