{"id":13266,"date":"2010-10-12T17:19:31","date_gmt":"2010-10-12T17:19:31","guid":{"rendered":"http:\/\/desarrollo.mcvicious.com\/aero2020\/2010\/10\/12\/presidente-ecuatoriano-correa-visitara-chile-el-proximo-mes\/"},"modified":"2010-10-12T17:19:31","modified_gmt":"2010-10-12T17:19:31","slug":"presidente-ecuatoriano-correa-visitara-chile-el-proximo-mes","status":"publish","type":"post","link":"https:\/\/aeronoticias.com.pe\/noticiero\/internacionales\/presidente-ecuatoriano-correa-visitara-chile-el-proximo-mes\/","title":{"rendered":"Presidente ecuatoriano Correa visitar\u00e1 Chile el pr\u00f3ximo mes"},"content":{"rendered":"<div style=\"text-align: justify\"><strong>(Aeronoticias).-<\/strong> El 6 de Noviembre pr\u00f3ximo viajar\u00e1 a Chile el presidente de Ecuador, Rafael Correa, aceptando una invitaci\u00f3n de su hom\u00f3logo chileno Salvador Pi\u00f1era, con quien visitar\u00e1 la Ant\u00e1rtida, de acuerdo a un informe period\u00edstico de El Mercurio dado a conocer en \u00a0su \u00a0edici\u00f3n de hoy.<\/div>\n<div style=\"text-align: justify\"><\/div>\n<div style=\"text-align: justify\">El mandatario chileno ofreci\u00f3 la invitaci\u00f3n correspondiente durante el encuentro sostenido \u00a0con Correa para \u00a0darle su respaldo ante la sublevaci\u00f3n de un grupo de polic\u00edas ocurrida el 30 del mes pasado, aprovechando la ocasi\u00f3n para procurar la adhesi\u00f3n de Quito a favor de Santiago en el planteamiento peruano sobre un diferendo mar\u00edtimo con Chile y que viene siendo estudiado por la Corte Internacional de La Haya.<\/div>\n<div style=\"text-align: justify\">\u00a0<\/div>\n<div style=\"text-align: justify\">\n<div style=\"text-align: center\"><img decoding=\"async\" src=\"images\/stories\/10\/10\/121010\/correa.jpg\" border=\"0\" alt=\"Presidente ecuatoriano Correa visitar\u00e1 Chile el pr\u00f3ximo mes\" title=\"Presidente ecuatoriano Correa visitar\u00e1 Chile el pr\u00f3ximo mes\" \/><\/div>\n<p>\u00a0<\/p><\/div>\n<div style=\"text-align: justify\"><\/div>\n<div style=\"text-align: justify\">A pesar que Correa fue muy claro en manifestar, en conferencia de prensa, que Ecuador no considera necesario participar en ese diferendo porque no existe ning\u00fan problema lim\u00edtrofe con el Per\u00fa, el mencionado diario chileno proclama a grandes titulares que la declaraci\u00f3n ecuatoriana significa \u201cuna advertencia para el Per\u00fa\u201d.<\/div>\n<div style=\"text-align: justify\"><\/div>\n<div style=\"text-align: justify\">El Mercurio basa esta afirmaci\u00f3n en que \u201csi el Per\u00fa ratifica la cartograf\u00eda ecuatoriana, validar\u00e1 impl\u00edcitamente el car\u00e1cter del tratado que Ecuador y Chile le otorgan a los convenios \u00a0de 1952 y 1954\u201d-<\/div>\n<div style=\"text-align: justify\"><\/div>\n<div style=\"text-align: justify\">Los convenios a que hace \u00a0referencia el matutino chileno corresponden a compromisos pesqueros de esas \u00e9pocas.<\/div>\n<div style=\"text-align: justify\"><\/div>\n<div style=\"text-align: justify\">Por otro lado el mismo diario remarca que la visita de Correa a Santiago se producir\u00e1 a menos de una semana en la que el Per\u00fa presentar\u00e1 ante La Haya la r\u00e9plica a la contra memoria chilena por dicho diferendo de l\u00edmites mar\u00edtimos y en el mismo mes en que el \u00a0presidente Alan Garc\u00eda, del Per\u00fa, se reunir\u00e1 con Correa, en Quito.<\/div>\n<div><\/div>\n","protected":false},"excerpt":{"rendered":"<p>(Aeronoticias).- El 6 de Noviembre pr\u00f3ximo viajar\u00e1 a Chile el presidente de Ecuador, Rafael Correa, aceptando una invitaci\u00f3n de su hom\u00f3logo chileno Salvador Pi\u00f1era, con quien visitar\u00e1 la Ant\u00e1rtida, de acuerdo a un informe period\u00edstico de El Mercurio dado a conocer en \u00a0su \u00a0edici\u00f3n de hoy. El mandatario chileno ofreci\u00f3 la invitaci\u00f3n correspondiente durante el [&hellip;]<\/p>\n","protected":false},"author":1,"featured_media":0,"comment_status":"open","ping_status":"open","sticky":false,"template":"","format":"standard","meta":{"tdm_status":"","tdm_grid_status":"","footnotes":""},"categories":[34],"tags":[],"class_list":{"0":"post-13266","1":"post","2":"type-post","3":"status-publish","4":"format-standard","6":"category-internacionales"},"yoast_head":"<!-- This site is optimized with the Yoast SEO plugin v25.1 - https:\/\/yoast.com\/wordpress\/plugins\/seo\/ -->\n<title>Presidente ecuatoriano Correa visitar\u00e1 Chile el pr\u00f3ximo mes<\/title>\n<meta name=\"description\" content=\"Portal de noticias del Per\u00fa sobre el transporte a\u00e9reo, aviaci\u00f3n, turismo, hoteleria, actualidad.\" \/>\n<meta name=\"robots\" content=\"index, follow, max-snippet:-1, max-image-preview:large, max-video-preview:-1\" \/>\n<link rel=\"canonical\" href=\"https:\/\/aeronoticias.com.pe\/noticiero\/internacionales\/presidente-ecuatoriano-correa-visitara-chile-el-proximo-mes\/\" \/>\n<meta property=\"og:locale\" content=\"es_ES\" \/>\n<meta property=\"og:type\" content=\"article\" \/>\n<meta property=\"og:title\" content=\"Presidente ecuatoriano Correa visitar\u00e1 Chile el pr\u00f3ximo mes\" \/>\n<meta property=\"og:description\" content=\"Portal de noticias del Per\u00fa sobre el transporte a\u00e9reo, aviaci\u00f3n, turismo, hoteleria, actualidad.\" \/>\n<meta property=\"og:url\" content=\"https:\/\/aeronoticias.com.pe\/noticiero\/internacionales\/presidente-ecuatoriano-correa-visitara-chile-el-proximo-mes\/\" \/>\n<meta property=\"og:site_name\" content=\"Aeronoticias.com.pe\" \/>\n<meta property=\"article:publisher\" content=\"https:\/\/www.facebook.com\/Aeronoticias.com.pe\/\" \/>\n<meta property=\"article:published_time\" content=\"2010-10-12T17:19:31+00:00\" \/>\n<meta name=\"author\" content=\"Redacci\u00f3n Aeronoticias\" \/>\n<meta name=\"twitter:card\" content=\"summary_large_image\" \/>\n<meta name=\"twitter:creator\" content=\"@aeronoticias\" \/>\n<meta name=\"twitter:site\" content=\"@aeronoticias\" \/>\n<meta name=\"twitter:label1\" content=\"Escrito por\" \/>\n\t<meta name=\"twitter:data1\" content=\"Redacci\u00f3n Aeronoticias\" \/>\n\t<meta name=\"twitter:label2\" content=\"Tiempo de lectura\" \/>\n\t<meta name=\"twitter:data2\" content=\"1 minuto\" \/>\n<script type=\"application\/ld+json\" class=\"yoast-schema-graph\">{\"@context\":\"https:\/\/schema.org\",\"@graph\":[{\"@type\":\"WebPage\",\"@id\":\"https:\/\/aeronoticias.com.pe\/noticiero\/internacionales\/presidente-ecuatoriano-correa-visitara-chile-el-proximo-mes\/\",\"url\":\"https:\/\/aeronoticias.com.pe\/noticiero\/internacionales\/presidente-ecuatoriano-correa-visitara-chile-el-proximo-mes\/\",\"name\":\"Presidente ecuatoriano Correa visitar\u00e1 Chile el pr\u00f3ximo mes\",\"isPartOf\":{\"@id\":\"https:\/\/aeronoticias.com.pe\/noticiero\/#website\"},\"datePublished\":\"2010-10-12T17:19:31+00:00\",\"author\":{\"@id\":\"https:\/\/aeronoticias.com.pe\/noticiero\/#\/schema\/person\/fc1e5d578f4b62ba1cf7ac2bba1170a0\"},\"description\":\"Portal de noticias del Per\u00fa sobre el transporte a\u00e9reo, aviaci\u00f3n, turismo, hoteleria, actualidad.\",\"breadcrumb\":{\"@id\":\"https:\/\/aeronoticias.com.pe\/noticiero\/internacionales\/presidente-ecuatoriano-correa-visitara-chile-el-proximo-mes\/#breadcrumb\"},\"inLanguage\":\"es\",\"potentialAction\":[{\"@type\":\"ReadAction\",\"target\":[\"https:\/\/aeronoticias.com.pe\/noticiero\/internacionales\/presidente-ecuatoriano-correa-visitara-chile-el-proximo-mes\/\"]}]},{\"@type\":\"BreadcrumbList\",\"@id\":\"https:\/\/aeronoticias.com.pe\/noticiero\/internacionales\/presidente-ecuatoriano-correa-visitara-chile-el-proximo-mes\/#breadcrumb\",\"itemListElement\":[{\"@type\":\"ListItem\",\"position\":1,\"name\":\"Portada\",\"item\":\"https:\/\/aeronoticias.com.pe\/noticiero\/\"},{\"@type\":\"ListItem\",\"position\":2,\"name\":\"Presidente ecuatoriano Correa visitar\u00e1 Chile el pr\u00f3ximo mes\"}]},{\"@type\":\"WebSite\",\"@id\":\"https:\/\/aeronoticias.com.pe\/noticiero\/#website\",\"url\":\"https:\/\/aeronoticias.com.pe\/noticiero\/\",\"name\":\"Aeronoticias.com.pe\",\"description\":\"Noticias de tranporte aereo, turismo, hoteles, gastronomia, actualidad, internacional\",\"potentialAction\":[{\"@type\":\"SearchAction\",\"target\":{\"@type\":\"EntryPoint\",\"urlTemplate\":\"https:\/\/aeronoticias.com.pe\/noticiero\/?s={search_term_string}\"},\"query-input\":{\"@type\":\"PropertyValueSpecification\",\"valueRequired\":true,\"valueName\":\"search_term_string\"}}],\"inLanguage\":\"es\"},{\"@type\":\"Person\",\"@id\":\"https:\/\/aeronoticias.com.pe\/noticiero\/#\/schema\/person\/fc1e5d578f4b62ba1cf7ac2bba1170a0\",\"name\":\"Redacci\u00f3n Aeronoticias\",\"url\":\"https:\/\/aeronoticias.com.pe\/noticiero\/author\/piloto\/\"}]}<\/script>\n<!-- \/ Yoast SEO plugin. -->","yoast_head_json":{"title":"Presidente ecuatoriano Correa visitar\u00e1 Chile el pr\u00f3ximo mes","description":"Portal de noticias del Per\u00fa sobre el transporte a\u00e9reo, aviaci\u00f3n, turismo, hoteleria, actualidad.","robots":{"index":"index","follow":"follow","max-snippet":"max-snippet:-1","max-image-preview":"max-image-preview:large","max-video-preview":"max-video-preview:-1"},"canonical":"https:\/\/aeronoticias.com.pe\/noticiero\/internacionales\/presidente-ecuatoriano-correa-visitara-chile-el-proximo-mes\/","og_locale":"es_ES","og_type":"article","og_title":"Presidente ecuatoriano Correa visitar\u00e1 Chile el pr\u00f3ximo mes","og_description":"Portal de noticias del Per\u00fa sobre el transporte a\u00e9reo, aviaci\u00f3n, turismo, hoteleria, actualidad.","og_url":"https:\/\/aeronoticias.com.pe\/noticiero\/internacionales\/presidente-ecuatoriano-correa-visitara-chile-el-proximo-mes\/","og_site_name":"Aeronoticias.com.pe","article_publisher":"https:\/\/www.facebook.com\/Aeronoticias.com.pe\/","article_published_time":"2010-10-12T17:19:31+00:00","author":"Redacci\u00f3n Aeronoticias","twitter_card":"summary_large_image","twitter_creator":"@aeronoticias","twitter_site":"@aeronoticias","twitter_misc":{"Escrito por":"Redacci\u00f3n Aeronoticias","Tiempo de lectura":"1 minuto"},"schema":{"@context":"https:\/\/schema.org","@graph":[{"@type":"WebPage","@id":"https:\/\/aeronoticias.com.pe\/noticiero\/internacionales\/presidente-ecuatoriano-correa-visitara-chile-el-proximo-mes\/","url":"https:\/\/aeronoticias.com.pe\/noticiero\/internacionales\/presidente-ecuatoriano-correa-visitara-chile-el-proximo-mes\/","name":"Presidente ecuatoriano Correa visitar\u00e1 Chile el pr\u00f3ximo mes","isPartOf":{"@id":"https:\/\/aeronoticias.com.pe\/noticiero\/#website"},"datePublished":"2010-10-12T17:19:31+00:00","author":{"@id":"https:\/\/aeronoticias.com.pe\/noticiero\/#\/schema\/person\/fc1e5d578f4b62ba1cf7ac2bba1170a0"},"description":"Portal de noticias del Per\u00fa sobre el transporte a\u00e9reo, aviaci\u00f3n, turismo, hoteleria, actualidad.","breadcrumb":{"@id":"https:\/\/aeronoticias.com.pe\/noticiero\/internacionales\/presidente-ecuatoriano-correa-visitara-chile-el-proximo-mes\/#breadcrumb"},"inLanguage":"es","potentialAction":[{"@type":"ReadAction","target":["https:\/\/aeronoticias.com.pe\/noticiero\/internacionales\/presidente-ecuatoriano-correa-visitara-chile-el-proximo-mes\/"]}]},{"@type":"BreadcrumbList","@id":"https:\/\/aeronoticias.com.pe\/noticiero\/internacionales\/presidente-ecuatoriano-correa-visitara-chile-el-proximo-mes\/#breadcrumb","itemListElement":[{"@type":"ListItem","position":1,"name":"Portada","item":"https:\/\/aeronoticias.com.pe\/noticiero\/"},{"@type":"ListItem","position":2,"name":"Presidente ecuatoriano Correa visitar\u00e1 Chile el pr\u00f3ximo mes"}]},{"@type":"WebSite","@id":"https:\/\/aeronoticias.com.pe\/noticiero\/#website","url":"https:\/\/aeronoticias.com.pe\/noticiero\/","name":"Aeronoticias.com.pe","description":"Noticias de tranporte aereo, turismo, hoteles, gastronomia, actualidad, internacional","potentialAction":[{"@type":"SearchAction","target":{"@type":"EntryPoint","urlTemplate":"https:\/\/aeronoticias.com.pe\/noticiero\/?s={search_term_string}"},"query-input":{"@type":"PropertyValueSpecification","valueRequired":true,"valueName":"search_term_string"}}],"inLanguage":"es"},{"@type":"Person","@id":"https:\/\/aeronoticias.com.pe\/noticiero\/#\/schema\/person\/fc1e5d578f4b62ba1cf7ac2bba1170a0","name":"Redacci\u00f3n Aeronoticias","url":"https:\/\/aeronoticias.com.pe\/noticiero\/author\/piloto\/"}]}},"_links":{"self":[{"href":"https:\/\/aeronoticias.com.pe\/noticiero\/wp-json\/wp\/v2\/posts\/13266","targetHints":{"allow":["GET"]}}],"collection":[{"href":"https:\/\/aeronoticias.com.pe\/noticiero\/wp-json\/wp\/v2\/posts"}],"about":[{"href":"https:\/\/aeronoticias.com.pe\/noticiero\/wp-json\/wp\/v2\/types\/post"}],"author":[{"embeddable":true,"href":"https:\/\/aeronoticias.com.pe\/noticiero\/wp-json\/wp\/v2\/users\/1"}],"replies":[{"embeddable":true,"href":"https:\/\/aeronoticias.com.pe\/noticiero\/wp-json\/wp\/v2\/comments?post=13266"}],"version-history":[{"count":0,"href":"https:\/\/aeronoticias.com.pe\/noticiero\/wp-json\/wp\/v2\/posts\/13266\/revisions"}],"wp:attachment":[{"href":"https:\/\/aeronoticias.com.pe\/noticiero\/wp-json\/wp\/v2\/media?parent=13266"}],"wp:term":[{"taxonomy":"category","embeddable":true,"href":"https:\/\/aeronoticias.com.pe\/noticiero\/wp-json\/wp\/v2\/categories?post=13266"},{"taxonomy":"post_tag","embeddable":true,"href":"https:\/\/aeronoticias.com.pe\/noticiero\/wp-json\/wp\/v2\/tags?post=13266"}],"curies":[{"name":"wp","href":"https:\/\/api.w.org\/{rel}","templated":true}]}}