{"id":13280,"date":"2010-10-13T14:53:30","date_gmt":"2010-10-13T14:53:30","guid":{"rendered":"http:\/\/desarrollo.mcvicious.com\/aero2020\/2010\/10\/13\/en-chile-salen-a-las-calles-a-celebrar-el-rescate-de-los-mineros\/"},"modified":"2010-10-13T14:53:30","modified_gmt":"2010-10-13T14:53:30","slug":"en-chile-salen-a-las-calles-a-celebrar-el-rescate-de-los-mineros","status":"publish","type":"post","link":"https:\/\/aeronoticias.com.pe\/noticiero\/internacionales\/en-chile-salen-a-las-calles-a-celebrar-el-rescate-de-los-mineros\/","title":{"rendered":"En Chile salen a las calles a celebrar el rescate de los mineros"},"content":{"rendered":"<div align=\"justify\"><strong>(Aeronoticias)<\/strong> El dia de hoy una veintena de personas salieron a la principal avenida de la capital chilena, Santiago, para celebrar la salida del primer minero de las entra\u00f1as de la tierra. <\/p>\n<p>Por tanto, en la ciudad norte\u00f1a de Copiap\u00f3, unas 800 personas coparon la plaza central en medio de abrazos, l\u00e1grimas y bocinazos que demostraron la alegr\u00eda ante el comienzo del rescate.<\/p><\/div>\n<div align=\"justify\">\u00a0<\/div>\n<div align=\"justify\">\n<div style=\"text-align: center\"><img decoding=\"async\" src=\"images\/stories\/10\/10\/131010\/chilemineros.jpg\" border=\"0\" alt=\"En Chile salen a las calles a celebrar el rescate de los mineros\" title=\"En Chile salen a las calles a celebrar el rescate de los mineros\" \/><\/div>\n<p>\u201cEs fant\u00e1stico. Soy estudiante de miner\u00eda y esta es una lecci\u00f3n muy importante\u201d, se\u00f1al\u00f3 una joven nortina, se\u00f1al\u00f3 DPA.<\/p>\n<p>Las manifestaciones de apoyo se sumaron a la emoci\u00f3n que inunda la mina, donde los familiares de los mineros a\u00fan atrapados celebraron junto a la familia \u00c1valos. <\/p>\n<p>\u201cEste es un milagro de Dios. Todav\u00eda falta Ren\u00e1n (hermano de Florencio) y el resto de los compa\u00f1eros\u201d, expres\u00f3 Alberto, t\u00edo del primer rescatado.<\/p>\n<p>Las familias siguen a la espera de que finalice un rescate que podr\u00eda tardar hasta 48 horas.<\/p>\n<\/div>\n","protected":false},"excerpt":{"rendered":"<p>(Aeronoticias) El dia de hoy una veintena de personas salieron a la principal avenida de la capital chilena, Santiago, para celebrar la salida del primer minero de las entra\u00f1as de la tierra. Por tanto, en la ciudad norte\u00f1a de Copiap\u00f3, unas 800 personas coparon la plaza central en medio de abrazos, l\u00e1grimas y bocinazos que [&hellip;]<\/p>\n","protected":false},"author":1,"featured_media":0,"comment_status":"open","ping_status":"open","sticky":false,"template":"","format":"standard","meta":{"tdm_status":"","tdm_grid_status":"","footnotes":""},"categories":[34],"tags":[],"class_list":{"0":"post-13280","1":"post","2":"type-post","3":"status-publish","4":"format-standard","6":"category-internacionales"},"yoast_head":"<!-- This site is optimized with the Yoast SEO plugin v25.1 - https:\/\/yoast.com\/wordpress\/plugins\/seo\/ -->\n<title>En Chile salen a las calles a celebrar el rescate de los mineros<\/title>\n<meta name=\"description\" content=\"Portal de noticias del Per\u00fa sobre el transporte a\u00e9reo, aviaci\u00f3n, turismo, hoteleria, actualidad.\" \/>\n<meta name=\"robots\" content=\"index, follow, max-snippet:-1, max-image-preview:large, max-video-preview:-1\" \/>\n<link rel=\"canonical\" href=\"https:\/\/aeronoticias.com.pe\/noticiero\/internacionales\/en-chile-salen-a-las-calles-a-celebrar-el-rescate-de-los-mineros\/\" \/>\n<meta property=\"og:locale\" content=\"es_ES\" \/>\n<meta property=\"og:type\" content=\"article\" \/>\n<meta property=\"og:title\" content=\"En Chile salen a las calles a celebrar el rescate de los mineros\" \/>\n<meta property=\"og:description\" content=\"Portal de noticias del Per\u00fa sobre el transporte a\u00e9reo, aviaci\u00f3n, turismo, hoteleria, actualidad.\" \/>\n<meta property=\"og:url\" content=\"https:\/\/aeronoticias.com.pe\/noticiero\/internacionales\/en-chile-salen-a-las-calles-a-celebrar-el-rescate-de-los-mineros\/\" \/>\n<meta property=\"og:site_name\" content=\"Aeronoticias.com.pe\" \/>\n<meta property=\"article:publisher\" content=\"https:\/\/www.facebook.com\/Aeronoticias.com.pe\/\" \/>\n<meta property=\"article:published_time\" content=\"2010-10-13T14:53:30+00:00\" \/>\n<meta name=\"author\" content=\"Redacci\u00f3n Aeronoticias\" \/>\n<meta name=\"twitter:card\" content=\"summary_large_image\" \/>\n<meta name=\"twitter:creator\" content=\"@aeronoticias\" \/>\n<meta name=\"twitter:site\" content=\"@aeronoticias\" \/>\n<meta name=\"twitter:label1\" content=\"Escrito por\" \/>\n\t<meta name=\"twitter:data1\" content=\"Redacci\u00f3n Aeronoticias\" \/>\n\t<meta name=\"twitter:label2\" content=\"Tiempo de lectura\" \/>\n\t<meta name=\"twitter:data2\" content=\"1 minuto\" \/>\n<script type=\"application\/ld+json\" class=\"yoast-schema-graph\">{\"@context\":\"https:\/\/schema.org\",\"@graph\":[{\"@type\":\"WebPage\",\"@id\":\"https:\/\/aeronoticias.com.pe\/noticiero\/internacionales\/en-chile-salen-a-las-calles-a-celebrar-el-rescate-de-los-mineros\/\",\"url\":\"https:\/\/aeronoticias.com.pe\/noticiero\/internacionales\/en-chile-salen-a-las-calles-a-celebrar-el-rescate-de-los-mineros\/\",\"name\":\"En Chile salen a las calles a celebrar el rescate de los mineros\",\"isPartOf\":{\"@id\":\"https:\/\/aeronoticias.com.pe\/noticiero\/#website\"},\"datePublished\":\"2010-10-13T14:53:30+00:00\",\"author\":{\"@id\":\"https:\/\/aeronoticias.com.pe\/noticiero\/#\/schema\/person\/fc1e5d578f4b62ba1cf7ac2bba1170a0\"},\"description\":\"Portal de noticias del Per\u00fa sobre el transporte a\u00e9reo, aviaci\u00f3n, turismo, hoteleria, actualidad.\",\"breadcrumb\":{\"@id\":\"https:\/\/aeronoticias.com.pe\/noticiero\/internacionales\/en-chile-salen-a-las-calles-a-celebrar-el-rescate-de-los-mineros\/#breadcrumb\"},\"inLanguage\":\"es\",\"potentialAction\":[{\"@type\":\"ReadAction\",\"target\":[\"https:\/\/aeronoticias.com.pe\/noticiero\/internacionales\/en-chile-salen-a-las-calles-a-celebrar-el-rescate-de-los-mineros\/\"]}]},{\"@type\":\"BreadcrumbList\",\"@id\":\"https:\/\/aeronoticias.com.pe\/noticiero\/internacionales\/en-chile-salen-a-las-calles-a-celebrar-el-rescate-de-los-mineros\/#breadcrumb\",\"itemListElement\":[{\"@type\":\"ListItem\",\"position\":1,\"name\":\"Portada\",\"item\":\"https:\/\/aeronoticias.com.pe\/noticiero\/\"},{\"@type\":\"ListItem\",\"position\":2,\"name\":\"En Chile salen a las calles a celebrar el rescate de los mineros\"}]},{\"@type\":\"WebSite\",\"@id\":\"https:\/\/aeronoticias.com.pe\/noticiero\/#website\",\"url\":\"https:\/\/aeronoticias.com.pe\/noticiero\/\",\"name\":\"Aeronoticias.com.pe\",\"description\":\"Noticias de tranporte aereo, turismo, hoteles, gastronomia, actualidad, internacional\",\"potentialAction\":[{\"@type\":\"SearchAction\",\"target\":{\"@type\":\"EntryPoint\",\"urlTemplate\":\"https:\/\/aeronoticias.com.pe\/noticiero\/?s={search_term_string}\"},\"query-input\":{\"@type\":\"PropertyValueSpecification\",\"valueRequired\":true,\"valueName\":\"search_term_string\"}}],\"inLanguage\":\"es\"},{\"@type\":\"Person\",\"@id\":\"https:\/\/aeronoticias.com.pe\/noticiero\/#\/schema\/person\/fc1e5d578f4b62ba1cf7ac2bba1170a0\",\"name\":\"Redacci\u00f3n Aeronoticias\",\"url\":\"https:\/\/aeronoticias.com.pe\/noticiero\/author\/piloto\/\"}]}<\/script>\n<!-- \/ Yoast SEO plugin. -->","yoast_head_json":{"title":"En Chile salen a las calles a celebrar el rescate de los mineros","description":"Portal de noticias del Per\u00fa sobre el transporte a\u00e9reo, aviaci\u00f3n, turismo, hoteleria, actualidad.","robots":{"index":"index","follow":"follow","max-snippet":"max-snippet:-1","max-image-preview":"max-image-preview:large","max-video-preview":"max-video-preview:-1"},"canonical":"https:\/\/aeronoticias.com.pe\/noticiero\/internacionales\/en-chile-salen-a-las-calles-a-celebrar-el-rescate-de-los-mineros\/","og_locale":"es_ES","og_type":"article","og_title":"En Chile salen a las calles a celebrar el rescate de los mineros","og_description":"Portal de noticias del Per\u00fa sobre el transporte a\u00e9reo, aviaci\u00f3n, turismo, hoteleria, actualidad.","og_url":"https:\/\/aeronoticias.com.pe\/noticiero\/internacionales\/en-chile-salen-a-las-calles-a-celebrar-el-rescate-de-los-mineros\/","og_site_name":"Aeronoticias.com.pe","article_publisher":"https:\/\/www.facebook.com\/Aeronoticias.com.pe\/","article_published_time":"2010-10-13T14:53:30+00:00","author":"Redacci\u00f3n Aeronoticias","twitter_card":"summary_large_image","twitter_creator":"@aeronoticias","twitter_site":"@aeronoticias","twitter_misc":{"Escrito por":"Redacci\u00f3n Aeronoticias","Tiempo de lectura":"1 minuto"},"schema":{"@context":"https:\/\/schema.org","@graph":[{"@type":"WebPage","@id":"https:\/\/aeronoticias.com.pe\/noticiero\/internacionales\/en-chile-salen-a-las-calles-a-celebrar-el-rescate-de-los-mineros\/","url":"https:\/\/aeronoticias.com.pe\/noticiero\/internacionales\/en-chile-salen-a-las-calles-a-celebrar-el-rescate-de-los-mineros\/","name":"En Chile salen a las calles a celebrar el rescate de los mineros","isPartOf":{"@id":"https:\/\/aeronoticias.com.pe\/noticiero\/#website"},"datePublished":"2010-10-13T14:53:30+00:00","author":{"@id":"https:\/\/aeronoticias.com.pe\/noticiero\/#\/schema\/person\/fc1e5d578f4b62ba1cf7ac2bba1170a0"},"description":"Portal de noticias del Per\u00fa sobre el transporte a\u00e9reo, aviaci\u00f3n, turismo, hoteleria, actualidad.","breadcrumb":{"@id":"https:\/\/aeronoticias.com.pe\/noticiero\/internacionales\/en-chile-salen-a-las-calles-a-celebrar-el-rescate-de-los-mineros\/#breadcrumb"},"inLanguage":"es","potentialAction":[{"@type":"ReadAction","target":["https:\/\/aeronoticias.com.pe\/noticiero\/internacionales\/en-chile-salen-a-las-calles-a-celebrar-el-rescate-de-los-mineros\/"]}]},{"@type":"BreadcrumbList","@id":"https:\/\/aeronoticias.com.pe\/noticiero\/internacionales\/en-chile-salen-a-las-calles-a-celebrar-el-rescate-de-los-mineros\/#breadcrumb","itemListElement":[{"@type":"ListItem","position":1,"name":"Portada","item":"https:\/\/aeronoticias.com.pe\/noticiero\/"},{"@type":"ListItem","position":2,"name":"En Chile salen a las calles a celebrar el rescate de los mineros"}]},{"@type":"WebSite","@id":"https:\/\/aeronoticias.com.pe\/noticiero\/#website","url":"https:\/\/aeronoticias.com.pe\/noticiero\/","name":"Aeronoticias.com.pe","description":"Noticias de tranporte aereo, turismo, hoteles, gastronomia, actualidad, internacional","potentialAction":[{"@type":"SearchAction","target":{"@type":"EntryPoint","urlTemplate":"https:\/\/aeronoticias.com.pe\/noticiero\/?s={search_term_string}"},"query-input":{"@type":"PropertyValueSpecification","valueRequired":true,"valueName":"search_term_string"}}],"inLanguage":"es"},{"@type":"Person","@id":"https:\/\/aeronoticias.com.pe\/noticiero\/#\/schema\/person\/fc1e5d578f4b62ba1cf7ac2bba1170a0","name":"Redacci\u00f3n Aeronoticias","url":"https:\/\/aeronoticias.com.pe\/noticiero\/author\/piloto\/"}]}},"_links":{"self":[{"href":"https:\/\/aeronoticias.com.pe\/noticiero\/wp-json\/wp\/v2\/posts\/13280","targetHints":{"allow":["GET"]}}],"collection":[{"href":"https:\/\/aeronoticias.com.pe\/noticiero\/wp-json\/wp\/v2\/posts"}],"about":[{"href":"https:\/\/aeronoticias.com.pe\/noticiero\/wp-json\/wp\/v2\/types\/post"}],"author":[{"embeddable":true,"href":"https:\/\/aeronoticias.com.pe\/noticiero\/wp-json\/wp\/v2\/users\/1"}],"replies":[{"embeddable":true,"href":"https:\/\/aeronoticias.com.pe\/noticiero\/wp-json\/wp\/v2\/comments?post=13280"}],"version-history":[{"count":0,"href":"https:\/\/aeronoticias.com.pe\/noticiero\/wp-json\/wp\/v2\/posts\/13280\/revisions"}],"wp:attachment":[{"href":"https:\/\/aeronoticias.com.pe\/noticiero\/wp-json\/wp\/v2\/media?parent=13280"}],"wp:term":[{"taxonomy":"category","embeddable":true,"href":"https:\/\/aeronoticias.com.pe\/noticiero\/wp-json\/wp\/v2\/categories?post=13280"},{"taxonomy":"post_tag","embeddable":true,"href":"https:\/\/aeronoticias.com.pe\/noticiero\/wp-json\/wp\/v2\/tags?post=13280"}],"curies":[{"name":"wp","href":"https:\/\/api.w.org\/{rel}","templated":true}]}}