{"id":13704,"date":"2010-11-05T04:21:35","date_gmt":"2010-11-05T04:21:35","guid":{"rendered":"http:\/\/desarrollo.mcvicious.com\/aero2020\/2010\/11\/05\/miles-protestan-contra-la-llegada-del-papa-benedicto-xvi-a-espana\/"},"modified":"2010-11-05T04:21:35","modified_gmt":"2010-11-05T04:21:35","slug":"miles-protestan-contra-la-llegada-del-papa-benedicto-xvi-a-espana","status":"publish","type":"post","link":"https:\/\/aeronoticias.com.pe\/noticiero\/internacionales\/miles-protestan-contra-la-llegada-del-papa-benedicto-xvi-a-espana\/","title":{"rendered":"Miles protestan contra la llegada del Papa Benedicto XVI a Espa\u00f1a"},"content":{"rendered":"<p align=\"justify\"><strong>(Aeronoticias).-<\/strong>\u00a0 A pocos d\u00edas de la llegada de Benedicto\u00a0 XVI a Espa\u00f1a, cerca un alrededor de 2,500 personas se manifestaron hoy en la ciudad de Barcelona en contra de la visita del Papa Benedicto, quien arribar\u00e1 a la capital catalana este domingo tras su visita a Santiago de Compostela el s\u00e1bado. <\/p>\n<p align=\"justify\">\u00a0<\/p>\n<div style=\"text-align: center\"><img decoding=\"async\" src=\"images\/stories\/10\/11\/041110\/barcelona.jpg\" border=\"0\" alt=\"Miles protestan contra la llegada del Papa Benedicto XVI a Espa\u00f1a\" title=\"Miles protestan contra la llegada del Papa Benedicto XVI a Espa\u00f1a\" \/><\/div>\n<p align=\"justify\">\u00a0<\/p>\n<p align=\"justify\">Esta protesta lleva el lema del \u201c\u00a1Yo no te espero!\u201d, personas de todas las edades, incluso familias con ni\u00f1os en cochecito y perros, marcharon pac\u00edficamente en la Plaza Sant Jaume, donde coinciden las sedes del Ayuntamiento local y del gobierno aut\u00f3nomo de Catalu\u00f1a, la Generalitat.<\/p>\n<p align=\"justify\">La intenci\u00f3n de esta movilizaci\u00f3n es por un lado \u201cmostrar el pluralismo de la sociedad catalana\u201d y sobre todo \u201chacer evidente la diversidad de morales\u201d que hay en Catalu\u00f1a, indic\u00f3 el secretario general del Moviment Laic i Progressista, Joffre Villanueva, principal impulsor del lema \u201cJo no t\u2019espero\u201d (\u00a1Yo no te espero!) . <\/p>\n<p align=\"justify\">\u00a0<\/p>\n<div style=\"text-align: center\"><img decoding=\"async\" src=\"images\/stories\/10\/11\/041110\/papaconta.jpg\" border=\"0\" alt=\"Miles protestan contra la llegada del Papa Benedicto XVI a Espa\u00f1a\" title=\"Miles protestan contra la llegada del Papa Benedicto XVI a Espa\u00f1a\" \/><\/div>\n<p align=\"justify\">\u00a0<\/p>\n<p align=\"justify\">El movimiento distribuye desde un par de mesas forradas con banderas catalanas, pegatinas, broches y pancartas con la mitra papal con el signo prohibido y el texto jo no t\u2019espero. \u201cNi\u00f1os venid, de los curas huid\u201d, rezaba una gran pancarta en una de las esquinas de la c\u00e9ntrica plaza, mientras otro ped\u00eda \u201ccerrar el Vaticano, Guant\u00e1namo moral\u201d.<\/p>\n<div align=\"justify\">Al termino de la protesta, dieron lectura de un manifiesto \u201c\u00a1en defensa de la laicidad\u201d!, en el que se denunci\u00f3 que \u201cmuchas leyes de nuestro ordenamiento jur\u00eddico est\u00e1n pensadas para favorecer a la religi\u00f3n y las confesiones religiosas, (&#8230;) un conjunto de leyes que est\u00e1n espec\u00edficamente dise\u00f1adas para favorecer a la Iglesia Cat\u00f3lica\u201d expresa dicho manifiesto.<\/div>\n<p>\u00a0<\/p>\n","protected":false},"excerpt":{"rendered":"<p>(Aeronoticias).-\u00a0 A pocos d\u00edas de la llegada de Benedicto\u00a0 XVI a Espa\u00f1a, cerca un alrededor de 2,500 personas se manifestaron hoy en la ciudad de Barcelona en contra de la visita del Papa Benedicto, quien arribar\u00e1 a la capital catalana este domingo tras su visita a Santiago de Compostela el s\u00e1bado. \u00a0 \u00a0 Esta protesta [&hellip;]<\/p>\n","protected":false},"author":1,"featured_media":0,"comment_status":"open","ping_status":"open","sticky":false,"template":"","format":"standard","meta":{"tdm_status":"","tdm_grid_status":"","footnotes":""},"categories":[34],"tags":[],"class_list":{"0":"post-13704","1":"post","2":"type-post","3":"status-publish","4":"format-standard","6":"category-internacionales"},"yoast_head":"<!-- This site is optimized with the Yoast SEO plugin v25.1 - https:\/\/yoast.com\/wordpress\/plugins\/seo\/ -->\n<title>Miles protestan contra la llegada del Papa Benedicto XVI a Espa\u00f1a<\/title>\n<meta name=\"description\" content=\"Portal de noticias del Per\u00fa sobre el transporte a\u00e9reo, aviaci\u00f3n, turismo, hoteleria, actualidad.\" \/>\n<meta name=\"robots\" content=\"index, follow, max-snippet:-1, max-image-preview:large, max-video-preview:-1\" \/>\n<link rel=\"canonical\" href=\"https:\/\/aeronoticias.com.pe\/noticiero\/internacionales\/miles-protestan-contra-la-llegada-del-papa-benedicto-xvi-a-espana\/\" \/>\n<meta property=\"og:locale\" content=\"es_ES\" \/>\n<meta property=\"og:type\" content=\"article\" \/>\n<meta property=\"og:title\" content=\"Miles protestan contra la llegada del Papa Benedicto XVI a Espa\u00f1a\" \/>\n<meta property=\"og:description\" content=\"Portal de noticias del Per\u00fa sobre el transporte a\u00e9reo, aviaci\u00f3n, turismo, hoteleria, actualidad.\" \/>\n<meta property=\"og:url\" content=\"https:\/\/aeronoticias.com.pe\/noticiero\/internacionales\/miles-protestan-contra-la-llegada-del-papa-benedicto-xvi-a-espana\/\" \/>\n<meta property=\"og:site_name\" content=\"Aeronoticias.com.pe\" \/>\n<meta property=\"article:publisher\" content=\"https:\/\/www.facebook.com\/Aeronoticias.com.pe\/\" \/>\n<meta property=\"article:published_time\" content=\"2010-11-05T04:21:35+00:00\" \/>\n<meta name=\"author\" content=\"Redacci\u00f3n Aeronoticias\" \/>\n<meta name=\"twitter:card\" content=\"summary_large_image\" \/>\n<meta name=\"twitter:creator\" content=\"@aeronoticias\" \/>\n<meta name=\"twitter:site\" content=\"@aeronoticias\" \/>\n<meta name=\"twitter:label1\" content=\"Escrito por\" \/>\n\t<meta name=\"twitter:data1\" content=\"Redacci\u00f3n Aeronoticias\" \/>\n\t<meta name=\"twitter:label2\" content=\"Tiempo de lectura\" \/>\n\t<meta name=\"twitter:data2\" content=\"1 minuto\" \/>\n<script type=\"application\/ld+json\" class=\"yoast-schema-graph\">{\"@context\":\"https:\/\/schema.org\",\"@graph\":[{\"@type\":\"WebPage\",\"@id\":\"https:\/\/aeronoticias.com.pe\/noticiero\/internacionales\/miles-protestan-contra-la-llegada-del-papa-benedicto-xvi-a-espana\/\",\"url\":\"https:\/\/aeronoticias.com.pe\/noticiero\/internacionales\/miles-protestan-contra-la-llegada-del-papa-benedicto-xvi-a-espana\/\",\"name\":\"Miles protestan contra la llegada del Papa Benedicto XVI a Espa\u00f1a\",\"isPartOf\":{\"@id\":\"https:\/\/aeronoticias.com.pe\/noticiero\/#website\"},\"datePublished\":\"2010-11-05T04:21:35+00:00\",\"author\":{\"@id\":\"https:\/\/aeronoticias.com.pe\/noticiero\/#\/schema\/person\/fc1e5d578f4b62ba1cf7ac2bba1170a0\"},\"description\":\"Portal de noticias del Per\u00fa sobre el transporte a\u00e9reo, aviaci\u00f3n, turismo, hoteleria, actualidad.\",\"breadcrumb\":{\"@id\":\"https:\/\/aeronoticias.com.pe\/noticiero\/internacionales\/miles-protestan-contra-la-llegada-del-papa-benedicto-xvi-a-espana\/#breadcrumb\"},\"inLanguage\":\"es\",\"potentialAction\":[{\"@type\":\"ReadAction\",\"target\":[\"https:\/\/aeronoticias.com.pe\/noticiero\/internacionales\/miles-protestan-contra-la-llegada-del-papa-benedicto-xvi-a-espana\/\"]}]},{\"@type\":\"BreadcrumbList\",\"@id\":\"https:\/\/aeronoticias.com.pe\/noticiero\/internacionales\/miles-protestan-contra-la-llegada-del-papa-benedicto-xvi-a-espana\/#breadcrumb\",\"itemListElement\":[{\"@type\":\"ListItem\",\"position\":1,\"name\":\"Portada\",\"item\":\"https:\/\/aeronoticias.com.pe\/noticiero\/\"},{\"@type\":\"ListItem\",\"position\":2,\"name\":\"Miles protestan contra la llegada del Papa Benedicto XVI a Espa\u00f1a\"}]},{\"@type\":\"WebSite\",\"@id\":\"https:\/\/aeronoticias.com.pe\/noticiero\/#website\",\"url\":\"https:\/\/aeronoticias.com.pe\/noticiero\/\",\"name\":\"Aeronoticias.com.pe\",\"description\":\"Noticias de tranporte aereo, turismo, hoteles, gastronomia, actualidad, internacional\",\"potentialAction\":[{\"@type\":\"SearchAction\",\"target\":{\"@type\":\"EntryPoint\",\"urlTemplate\":\"https:\/\/aeronoticias.com.pe\/noticiero\/?s={search_term_string}\"},\"query-input\":{\"@type\":\"PropertyValueSpecification\",\"valueRequired\":true,\"valueName\":\"search_term_string\"}}],\"inLanguage\":\"es\"},{\"@type\":\"Person\",\"@id\":\"https:\/\/aeronoticias.com.pe\/noticiero\/#\/schema\/person\/fc1e5d578f4b62ba1cf7ac2bba1170a0\",\"name\":\"Redacci\u00f3n Aeronoticias\",\"url\":\"https:\/\/aeronoticias.com.pe\/noticiero\/author\/piloto\/\"}]}<\/script>\n<!-- \/ Yoast SEO plugin. -->","yoast_head_json":{"title":"Miles protestan contra la llegada del Papa Benedicto XVI a Espa\u00f1a","description":"Portal de noticias del Per\u00fa sobre el transporte a\u00e9reo, aviaci\u00f3n, turismo, hoteleria, actualidad.","robots":{"index":"index","follow":"follow","max-snippet":"max-snippet:-1","max-image-preview":"max-image-preview:large","max-video-preview":"max-video-preview:-1"},"canonical":"https:\/\/aeronoticias.com.pe\/noticiero\/internacionales\/miles-protestan-contra-la-llegada-del-papa-benedicto-xvi-a-espana\/","og_locale":"es_ES","og_type":"article","og_title":"Miles protestan contra la llegada del Papa Benedicto XVI a Espa\u00f1a","og_description":"Portal de noticias del Per\u00fa sobre el transporte a\u00e9reo, aviaci\u00f3n, turismo, hoteleria, actualidad.","og_url":"https:\/\/aeronoticias.com.pe\/noticiero\/internacionales\/miles-protestan-contra-la-llegada-del-papa-benedicto-xvi-a-espana\/","og_site_name":"Aeronoticias.com.pe","article_publisher":"https:\/\/www.facebook.com\/Aeronoticias.com.pe\/","article_published_time":"2010-11-05T04:21:35+00:00","author":"Redacci\u00f3n Aeronoticias","twitter_card":"summary_large_image","twitter_creator":"@aeronoticias","twitter_site":"@aeronoticias","twitter_misc":{"Escrito por":"Redacci\u00f3n Aeronoticias","Tiempo de lectura":"1 minuto"},"schema":{"@context":"https:\/\/schema.org","@graph":[{"@type":"WebPage","@id":"https:\/\/aeronoticias.com.pe\/noticiero\/internacionales\/miles-protestan-contra-la-llegada-del-papa-benedicto-xvi-a-espana\/","url":"https:\/\/aeronoticias.com.pe\/noticiero\/internacionales\/miles-protestan-contra-la-llegada-del-papa-benedicto-xvi-a-espana\/","name":"Miles protestan contra la llegada del Papa Benedicto XVI a Espa\u00f1a","isPartOf":{"@id":"https:\/\/aeronoticias.com.pe\/noticiero\/#website"},"datePublished":"2010-11-05T04:21:35+00:00","author":{"@id":"https:\/\/aeronoticias.com.pe\/noticiero\/#\/schema\/person\/fc1e5d578f4b62ba1cf7ac2bba1170a0"},"description":"Portal de noticias del Per\u00fa sobre el transporte a\u00e9reo, aviaci\u00f3n, turismo, hoteleria, actualidad.","breadcrumb":{"@id":"https:\/\/aeronoticias.com.pe\/noticiero\/internacionales\/miles-protestan-contra-la-llegada-del-papa-benedicto-xvi-a-espana\/#breadcrumb"},"inLanguage":"es","potentialAction":[{"@type":"ReadAction","target":["https:\/\/aeronoticias.com.pe\/noticiero\/internacionales\/miles-protestan-contra-la-llegada-del-papa-benedicto-xvi-a-espana\/"]}]},{"@type":"BreadcrumbList","@id":"https:\/\/aeronoticias.com.pe\/noticiero\/internacionales\/miles-protestan-contra-la-llegada-del-papa-benedicto-xvi-a-espana\/#breadcrumb","itemListElement":[{"@type":"ListItem","position":1,"name":"Portada","item":"https:\/\/aeronoticias.com.pe\/noticiero\/"},{"@type":"ListItem","position":2,"name":"Miles protestan contra la llegada del Papa Benedicto XVI a Espa\u00f1a"}]},{"@type":"WebSite","@id":"https:\/\/aeronoticias.com.pe\/noticiero\/#website","url":"https:\/\/aeronoticias.com.pe\/noticiero\/","name":"Aeronoticias.com.pe","description":"Noticias de tranporte aereo, turismo, hoteles, gastronomia, actualidad, internacional","potentialAction":[{"@type":"SearchAction","target":{"@type":"EntryPoint","urlTemplate":"https:\/\/aeronoticias.com.pe\/noticiero\/?s={search_term_string}"},"query-input":{"@type":"PropertyValueSpecification","valueRequired":true,"valueName":"search_term_string"}}],"inLanguage":"es"},{"@type":"Person","@id":"https:\/\/aeronoticias.com.pe\/noticiero\/#\/schema\/person\/fc1e5d578f4b62ba1cf7ac2bba1170a0","name":"Redacci\u00f3n Aeronoticias","url":"https:\/\/aeronoticias.com.pe\/noticiero\/author\/piloto\/"}]}},"_links":{"self":[{"href":"https:\/\/aeronoticias.com.pe\/noticiero\/wp-json\/wp\/v2\/posts\/13704","targetHints":{"allow":["GET"]}}],"collection":[{"href":"https:\/\/aeronoticias.com.pe\/noticiero\/wp-json\/wp\/v2\/posts"}],"about":[{"href":"https:\/\/aeronoticias.com.pe\/noticiero\/wp-json\/wp\/v2\/types\/post"}],"author":[{"embeddable":true,"href":"https:\/\/aeronoticias.com.pe\/noticiero\/wp-json\/wp\/v2\/users\/1"}],"replies":[{"embeddable":true,"href":"https:\/\/aeronoticias.com.pe\/noticiero\/wp-json\/wp\/v2\/comments?post=13704"}],"version-history":[{"count":0,"href":"https:\/\/aeronoticias.com.pe\/noticiero\/wp-json\/wp\/v2\/posts\/13704\/revisions"}],"wp:attachment":[{"href":"https:\/\/aeronoticias.com.pe\/noticiero\/wp-json\/wp\/v2\/media?parent=13704"}],"wp:term":[{"taxonomy":"category","embeddable":true,"href":"https:\/\/aeronoticias.com.pe\/noticiero\/wp-json\/wp\/v2\/categories?post=13704"},{"taxonomy":"post_tag","embeddable":true,"href":"https:\/\/aeronoticias.com.pe\/noticiero\/wp-json\/wp\/v2\/tags?post=13704"}],"curies":[{"name":"wp","href":"https:\/\/api.w.org\/{rel}","templated":true}]}}