{"id":13707,"date":"2010-11-05T13:32:00","date_gmt":"2010-11-05T13:32:00","guid":{"rendered":"http:\/\/desarrollo.mcvicious.com\/aero2020\/2010\/11\/05\/tarifas-aereas-al-interior-del-pais-bajaron-mas-de-30-en-el-2010\/"},"modified":"2010-11-05T13:32:00","modified_gmt":"2010-11-05T13:32:00","slug":"tarifas-aereas-al-interior-del-pais-bajaron-mas-de-30-en-el-2010","status":"publish","type":"post","link":"https:\/\/aeronoticias.com.pe\/noticiero\/transporte-aereo\/internacional\/tarifas-aereas-al-interior-del-pais-bajaron-mas-de-30-en-el-2010\/","title":{"rendered":"Tarifas a\u00e9reas al interior del pa\u00eds bajaron m\u00e1s de 30% en el 2010"},"content":{"rendered":"<div>\n<div style=\"text-align: justify\"><strong>(Aeronoticias).-<\/strong> Las tarifas a\u00e9reas para los vuelos al interior de Per\u00fa bajaron en lo que va del 2010 m\u00e1s de 30%, impulsadas por la mayor competencia y el dinamismo del flujo a\u00e9reo nacional, inform\u00f3 el gerente general de Star Per\u00fa, Roman Kasianov.\u00a0<\/div>\n<div style=\"text-align: justify\"><\/div>\n<div style=\"text-align: justify\">\u201cLas tarifas de los vuelos dom\u00e9sticos bajaron en el mercado este a\u00f1o porque entr\u00f3 un nuevo competidor, Peruvian Airlines. Pero la ca\u00edda de precios no fue para todas las rutas sino para unas espec\u00edficas como Cusco e Iquitos (Loreto)\u201d, acot\u00f3.<\/div>\n<div style=\"text-align: justify\">\u00a0<\/div>\n<div style=\"text-align: center\"><img decoding=\"async\" src=\"images\/stories\/10\/11\/051110\/romankasianov.jpg\" border=\"0\" alt=\"Tarifas a\u00e9reas al interior del pa\u00eds bajaron m\u00e1s de 30% en el 2010\" title=\"Tarifas a\u00e9reas al interior del pa\u00eds bajaron m\u00e1s de 30% en el 2010\" \/>\u00a0<\/div>\n<div style=\"text-align: justify\">\u00a0<\/div>\n<div style=\"text-align: justify\">Roman Kasianov\u00a0indic\u00f3 que el mercado aerocomercial tambi\u00e9n se acentu\u00f3 por los programas de promoci\u00f3n tur\u00edstica como Cusco Pone o La Selva Pone, desarrollados por el Ministerio de Comercio Exterior y Turismo (Mincetur).<\/div>\n<div style=\"text-align: justify\">\u00a0<\/div>\n<div style=\"text-align: justify\">Sin embargo, la mayor oferta de asientos a partir de nuevos participantes es lo que ha provocado la disminuci\u00f3n de los tickets a\u00e9reos al interior del pa\u00eds, dijo.<\/div>\n<div style=\"text-align: justify\">\u00a0<\/div>\n<div style=\"text-align: justify\">Asimismo, indic\u00f3 que el mercado de vuelos dom\u00e9sticos en el pa\u00eds crecer\u00eda este a\u00f1o m\u00e1s de 25 por ciento de la mano con el crecimiento de la demanda y el mayor poder adquisitivo de la poblaci\u00f3n.<\/div>\n<div style=\"text-align: justify\">\u00a0<\/div>\n<div style=\"text-align: justify\">\u201cEste a\u00f1o le ha ido muy bien al mercado de vuelos al interior del pa\u00eds, y todav\u00eda falta temporadas altas como las fiestas de fin de a\u00f1o, donde tambi\u00e9n tenemos buenas perspectivas\u201d, indic\u00f3.<\/div>\n<div style=\"text-align: justify\">\u00a0<\/div>\n<div style=\"text-align: justify\">Star Per\u00fa realiz\u00f3 en la v\u00edspera (mi\u00e9rcoles) el primer vuelo en la ruta transfronteriza Chiclayo (Per\u00fa) \u2013 Cuenca (Ecuador), como parte de su proceso de expansi\u00f3n en el mercado aerocomercial internacional.\u00a0<\/div>\n<div style=\"text-align: justify\">\u00a0<\/div>\n<div style=\"text-align: justify\">Cabe se\u00f1alar que el vuelo extraordinario se desarroll\u00f3 con el objetivo de celebrar el aniversario de la ciudad de Cuenca.<\/div>\n<div style=\"text-align: justify\">\u00a0<\/div>\n<div style=\"text-align: justify\">Star Per\u00fa ya inici\u00f3 una fase de expansi\u00f3n de rutas que incluyen la integraci\u00f3n de Brasil y Per\u00fa a trav\u00e9s de la ruta Cusco \u2013 R\u00edo Branco.\u00a0<\/div>\n<div style=\"text-align: justify\">\u00a0<\/div>\n<div style=\"text-align: justify\">Adicionalmente, cubre el territorio peruano desde diciembre del 2004 con vuelos desde Lima a las ciudades de Cusco, Cajamarca, Pucallpa (Ucayali), Tarapoto (San Mart\u00edn), Iquitos (Loreto), Puerto Maldonado (Madre de Dios), Talara (Piura), Trujillo (La Libertad) y Chiclayo (Lambayeque).<\/div>\n<div style=\"text-align: justify\">\u00a0<\/div>\n<\/div>\n","protected":false},"excerpt":{"rendered":"<p>(Aeronoticias).- Las tarifas a\u00e9reas para los vuelos al interior de Per\u00fa bajaron en lo que va del 2010 m\u00e1s de 30%, impulsadas por la mayor competencia y el dinamismo del flujo a\u00e9reo nacional, inform\u00f3 el gerente general de Star Per\u00fa, Roman Kasianov.\u00a0 \u201cLas tarifas de los vuelos dom\u00e9sticos bajaron en el mercado este a\u00f1o porque [&hellip;]<\/p>\n","protected":false},"author":1,"featured_media":0,"comment_status":"open","ping_status":"open","sticky":false,"template":"","format":"standard","meta":{"tdm_status":"","tdm_grid_status":"","footnotes":""},"categories":[32],"tags":[],"class_list":{"0":"post-13707","1":"post","2":"type-post","3":"status-publish","4":"format-standard","6":"category-internacional"},"yoast_head":"<!-- This site is optimized with the Yoast SEO plugin v25.1 - https:\/\/yoast.com\/wordpress\/plugins\/seo\/ -->\n<title>Tarifas a\u00e9reas al interior del pa\u00eds bajaron m\u00e1s de 30% en el 2010<\/title>\n<meta name=\"description\" content=\"Portal de noticias del Per\u00fa sobre el transporte a\u00e9reo, aviaci\u00f3n, turismo, hoteleria, actualidad.\" \/>\n<meta name=\"robots\" content=\"index, follow, max-snippet:-1, max-image-preview:large, max-video-preview:-1\" \/>\n<link rel=\"canonical\" href=\"https:\/\/aeronoticias.com.pe\/noticiero\/transporte-aereo\/internacional\/tarifas-aereas-al-interior-del-pais-bajaron-mas-de-30-en-el-2010\/\" \/>\n<meta property=\"og:locale\" content=\"es_ES\" \/>\n<meta property=\"og:type\" content=\"article\" \/>\n<meta property=\"og:title\" content=\"Tarifas a\u00e9reas al interior del pa\u00eds bajaron m\u00e1s de 30% en el 2010\" \/>\n<meta property=\"og:description\" content=\"Portal de noticias del Per\u00fa sobre el transporte a\u00e9reo, aviaci\u00f3n, turismo, hoteleria, actualidad.\" \/>\n<meta property=\"og:url\" content=\"https:\/\/aeronoticias.com.pe\/noticiero\/transporte-aereo\/internacional\/tarifas-aereas-al-interior-del-pais-bajaron-mas-de-30-en-el-2010\/\" \/>\n<meta property=\"og:site_name\" content=\"Aeronoticias.com.pe\" \/>\n<meta property=\"article:publisher\" content=\"https:\/\/www.facebook.com\/Aeronoticias.com.pe\/\" \/>\n<meta property=\"article:published_time\" content=\"2010-11-05T13:32:00+00:00\" \/>\n<meta name=\"author\" content=\"Redacci\u00f3n Aeronoticias\" \/>\n<meta name=\"twitter:card\" content=\"summary_large_image\" \/>\n<meta name=\"twitter:creator\" content=\"@aeronoticias\" \/>\n<meta name=\"twitter:site\" content=\"@aeronoticias\" \/>\n<meta name=\"twitter:label1\" content=\"Escrito por\" \/>\n\t<meta name=\"twitter:data1\" content=\"Redacci\u00f3n Aeronoticias\" \/>\n\t<meta name=\"twitter:label2\" content=\"Tiempo de lectura\" \/>\n\t<meta name=\"twitter:data2\" content=\"2 minutos\" \/>\n<script type=\"application\/ld+json\" class=\"yoast-schema-graph\">{\"@context\":\"https:\/\/schema.org\",\"@graph\":[{\"@type\":\"WebPage\",\"@id\":\"https:\/\/aeronoticias.com.pe\/noticiero\/transporte-aereo\/internacional\/tarifas-aereas-al-interior-del-pais-bajaron-mas-de-30-en-el-2010\/\",\"url\":\"https:\/\/aeronoticias.com.pe\/noticiero\/transporte-aereo\/internacional\/tarifas-aereas-al-interior-del-pais-bajaron-mas-de-30-en-el-2010\/\",\"name\":\"Tarifas a\u00e9reas al interior del pa\u00eds bajaron m\u00e1s de 30% en el 2010\",\"isPartOf\":{\"@id\":\"https:\/\/aeronoticias.com.pe\/noticiero\/#website\"},\"datePublished\":\"2010-11-05T13:32:00+00:00\",\"author\":{\"@id\":\"https:\/\/aeronoticias.com.pe\/noticiero\/#\/schema\/person\/fc1e5d578f4b62ba1cf7ac2bba1170a0\"},\"description\":\"Portal de noticias del Per\u00fa sobre el transporte a\u00e9reo, aviaci\u00f3n, turismo, hoteleria, actualidad.\",\"breadcrumb\":{\"@id\":\"https:\/\/aeronoticias.com.pe\/noticiero\/transporte-aereo\/internacional\/tarifas-aereas-al-interior-del-pais-bajaron-mas-de-30-en-el-2010\/#breadcrumb\"},\"inLanguage\":\"es\",\"potentialAction\":[{\"@type\":\"ReadAction\",\"target\":[\"https:\/\/aeronoticias.com.pe\/noticiero\/transporte-aereo\/internacional\/tarifas-aereas-al-interior-del-pais-bajaron-mas-de-30-en-el-2010\/\"]}]},{\"@type\":\"BreadcrumbList\",\"@id\":\"https:\/\/aeronoticias.com.pe\/noticiero\/transporte-aereo\/internacional\/tarifas-aereas-al-interior-del-pais-bajaron-mas-de-30-en-el-2010\/#breadcrumb\",\"itemListElement\":[{\"@type\":\"ListItem\",\"position\":1,\"name\":\"Portada\",\"item\":\"https:\/\/aeronoticias.com.pe\/noticiero\/\"},{\"@type\":\"ListItem\",\"position\":2,\"name\":\"Tarifas a\u00e9reas al interior del pa\u00eds bajaron m\u00e1s de 30% en el 2010\"}]},{\"@type\":\"WebSite\",\"@id\":\"https:\/\/aeronoticias.com.pe\/noticiero\/#website\",\"url\":\"https:\/\/aeronoticias.com.pe\/noticiero\/\",\"name\":\"Aeronoticias.com.pe\",\"description\":\"Noticias de tranporte aereo, turismo, hoteles, gastronomia, actualidad, internacional\",\"potentialAction\":[{\"@type\":\"SearchAction\",\"target\":{\"@type\":\"EntryPoint\",\"urlTemplate\":\"https:\/\/aeronoticias.com.pe\/noticiero\/?s={search_term_string}\"},\"query-input\":{\"@type\":\"PropertyValueSpecification\",\"valueRequired\":true,\"valueName\":\"search_term_string\"}}],\"inLanguage\":\"es\"},{\"@type\":\"Person\",\"@id\":\"https:\/\/aeronoticias.com.pe\/noticiero\/#\/schema\/person\/fc1e5d578f4b62ba1cf7ac2bba1170a0\",\"name\":\"Redacci\u00f3n Aeronoticias\",\"url\":\"https:\/\/aeronoticias.com.pe\/noticiero\/author\/piloto\/\"}]}<\/script>\n<!-- \/ Yoast SEO plugin. -->","yoast_head_json":{"title":"Tarifas a\u00e9reas al interior del pa\u00eds bajaron m\u00e1s de 30% en el 2010","description":"Portal de noticias del Per\u00fa sobre el transporte a\u00e9reo, aviaci\u00f3n, turismo, hoteleria, actualidad.","robots":{"index":"index","follow":"follow","max-snippet":"max-snippet:-1","max-image-preview":"max-image-preview:large","max-video-preview":"max-video-preview:-1"},"canonical":"https:\/\/aeronoticias.com.pe\/noticiero\/transporte-aereo\/internacional\/tarifas-aereas-al-interior-del-pais-bajaron-mas-de-30-en-el-2010\/","og_locale":"es_ES","og_type":"article","og_title":"Tarifas a\u00e9reas al interior del pa\u00eds bajaron m\u00e1s de 30% en el 2010","og_description":"Portal de noticias del Per\u00fa sobre el transporte a\u00e9reo, aviaci\u00f3n, turismo, hoteleria, actualidad.","og_url":"https:\/\/aeronoticias.com.pe\/noticiero\/transporte-aereo\/internacional\/tarifas-aereas-al-interior-del-pais-bajaron-mas-de-30-en-el-2010\/","og_site_name":"Aeronoticias.com.pe","article_publisher":"https:\/\/www.facebook.com\/Aeronoticias.com.pe\/","article_published_time":"2010-11-05T13:32:00+00:00","author":"Redacci\u00f3n Aeronoticias","twitter_card":"summary_large_image","twitter_creator":"@aeronoticias","twitter_site":"@aeronoticias","twitter_misc":{"Escrito por":"Redacci\u00f3n Aeronoticias","Tiempo de lectura":"2 minutos"},"schema":{"@context":"https:\/\/schema.org","@graph":[{"@type":"WebPage","@id":"https:\/\/aeronoticias.com.pe\/noticiero\/transporte-aereo\/internacional\/tarifas-aereas-al-interior-del-pais-bajaron-mas-de-30-en-el-2010\/","url":"https:\/\/aeronoticias.com.pe\/noticiero\/transporte-aereo\/internacional\/tarifas-aereas-al-interior-del-pais-bajaron-mas-de-30-en-el-2010\/","name":"Tarifas a\u00e9reas al interior del pa\u00eds bajaron m\u00e1s de 30% en el 2010","isPartOf":{"@id":"https:\/\/aeronoticias.com.pe\/noticiero\/#website"},"datePublished":"2010-11-05T13:32:00+00:00","author":{"@id":"https:\/\/aeronoticias.com.pe\/noticiero\/#\/schema\/person\/fc1e5d578f4b62ba1cf7ac2bba1170a0"},"description":"Portal de noticias del Per\u00fa sobre el transporte a\u00e9reo, aviaci\u00f3n, turismo, hoteleria, actualidad.","breadcrumb":{"@id":"https:\/\/aeronoticias.com.pe\/noticiero\/transporte-aereo\/internacional\/tarifas-aereas-al-interior-del-pais-bajaron-mas-de-30-en-el-2010\/#breadcrumb"},"inLanguage":"es","potentialAction":[{"@type":"ReadAction","target":["https:\/\/aeronoticias.com.pe\/noticiero\/transporte-aereo\/internacional\/tarifas-aereas-al-interior-del-pais-bajaron-mas-de-30-en-el-2010\/"]}]},{"@type":"BreadcrumbList","@id":"https:\/\/aeronoticias.com.pe\/noticiero\/transporte-aereo\/internacional\/tarifas-aereas-al-interior-del-pais-bajaron-mas-de-30-en-el-2010\/#breadcrumb","itemListElement":[{"@type":"ListItem","position":1,"name":"Portada","item":"https:\/\/aeronoticias.com.pe\/noticiero\/"},{"@type":"ListItem","position":2,"name":"Tarifas a\u00e9reas al interior del pa\u00eds bajaron m\u00e1s de 30% en el 2010"}]},{"@type":"WebSite","@id":"https:\/\/aeronoticias.com.pe\/noticiero\/#website","url":"https:\/\/aeronoticias.com.pe\/noticiero\/","name":"Aeronoticias.com.pe","description":"Noticias de tranporte aereo, turismo, hoteles, gastronomia, actualidad, internacional","potentialAction":[{"@type":"SearchAction","target":{"@type":"EntryPoint","urlTemplate":"https:\/\/aeronoticias.com.pe\/noticiero\/?s={search_term_string}"},"query-input":{"@type":"PropertyValueSpecification","valueRequired":true,"valueName":"search_term_string"}}],"inLanguage":"es"},{"@type":"Person","@id":"https:\/\/aeronoticias.com.pe\/noticiero\/#\/schema\/person\/fc1e5d578f4b62ba1cf7ac2bba1170a0","name":"Redacci\u00f3n Aeronoticias","url":"https:\/\/aeronoticias.com.pe\/noticiero\/author\/piloto\/"}]}},"_links":{"self":[{"href":"https:\/\/aeronoticias.com.pe\/noticiero\/wp-json\/wp\/v2\/posts\/13707","targetHints":{"allow":["GET"]}}],"collection":[{"href":"https:\/\/aeronoticias.com.pe\/noticiero\/wp-json\/wp\/v2\/posts"}],"about":[{"href":"https:\/\/aeronoticias.com.pe\/noticiero\/wp-json\/wp\/v2\/types\/post"}],"author":[{"embeddable":true,"href":"https:\/\/aeronoticias.com.pe\/noticiero\/wp-json\/wp\/v2\/users\/1"}],"replies":[{"embeddable":true,"href":"https:\/\/aeronoticias.com.pe\/noticiero\/wp-json\/wp\/v2\/comments?post=13707"}],"version-history":[{"count":0,"href":"https:\/\/aeronoticias.com.pe\/noticiero\/wp-json\/wp\/v2\/posts\/13707\/revisions"}],"wp:attachment":[{"href":"https:\/\/aeronoticias.com.pe\/noticiero\/wp-json\/wp\/v2\/media?parent=13707"}],"wp:term":[{"taxonomy":"category","embeddable":true,"href":"https:\/\/aeronoticias.com.pe\/noticiero\/wp-json\/wp\/v2\/categories?post=13707"},{"taxonomy":"post_tag","embeddable":true,"href":"https:\/\/aeronoticias.com.pe\/noticiero\/wp-json\/wp\/v2\/tags?post=13707"}],"curies":[{"name":"wp","href":"https:\/\/api.w.org\/{rel}","templated":true}]}}