{"id":13709,"date":"2010-11-05T14:28:31","date_gmt":"2010-11-05T14:28:31","guid":{"rendered":"http:\/\/desarrollo.mcvicious.com\/aero2020\/2010\/11\/05\/indonesia-ya-son-120-los-muertos-a-causa-de-la-erupcion-del-volcan-merapi\/"},"modified":"2010-11-05T14:28:31","modified_gmt":"2010-11-05T14:28:31","slug":"indonesia-ya-son-120-los-muertos-a-causa-de-la-erupcion-del-volcan-merapi","status":"publish","type":"post","link":"https:\/\/aeronoticias.com.pe\/noticiero\/internacionales\/indonesia-ya-son-120-los-muertos-a-causa-de-la-erupcion-del-volcan-merapi\/","title":{"rendered":"Indonesia: Ya son 120 los muertos a causa de la erupci\u00f3n del Volc\u00e1n Merapi"},"content":{"rendered":"<p align=\"justify\"><strong>(Aeronoticias)<\/strong> Hasta el momento, m\u00e1s de 120 personas han muerto a causa de las erupciones del Monte Merapi. Se estima que 75.000 residentes han sido evacuados de la zona. La \u00faltima erupci\u00f3n se inici\u00f3 la noche del jueves, y cientos de residentes tuvieron que salir corriendo por la monta\u00f1a con el rostro cubierto de cenizas.<\/p>\n<div style=\"text-align: center\"><img decoding=\"async\" src=\"images\/stories\/10\/11\/051110\/volcan-2.png\" border=\"0\" alt=\"volcan\" title=\"volcan\" \/><\/div>\n<p>La zona de exclusi\u00f3n alrededor del volc\u00e1n se aument\u00f3 de 15 km a 20 km y el gobierno ha ordenado una evacuaci\u00f3n nueva. Muchos de los muertos se cree que son los ni\u00f1os de la aldea de Argomulyo, a 18km del cr\u00e1ter. El vocero del hospital local Heru Nugroho dijo que 54 cuerpos hab\u00edan sido llevados el viernes. M\u00e1s de 66 personas resultaron heridas, muchas de ellas de gravedad con quemaduras.<\/p>\n<p>Los vulcan\u00f3logos se\u00f1alaron que \u00abesta es la mayor erupci\u00f3n hasta la fecha. La lava corri\u00f3 por las laderas hasta 13 km y la explosi\u00f3n se escuch\u00f3 hasta 20 kil\u00f3metros de distancia\u00bb. Los cient\u00edficos advirtieron de nuevas erupciones en las pr\u00f3ximas semanas.<\/p>\n","protected":false},"excerpt":{"rendered":"<p>(Aeronoticias) Hasta el momento, m\u00e1s de 120 personas han muerto a causa de las erupciones del Monte Merapi. Se estima que 75.000 residentes han sido evacuados de la zona. La \u00faltima erupci\u00f3n se inici\u00f3 la noche del jueves, y cientos de residentes tuvieron que salir corriendo por la monta\u00f1a con el rostro cubierto de cenizas. [&hellip;]<\/p>\n","protected":false},"author":1,"featured_media":0,"comment_status":"open","ping_status":"open","sticky":false,"template":"","format":"standard","meta":{"tdm_status":"","tdm_grid_status":"","footnotes":""},"categories":[34],"tags":[],"class_list":{"0":"post-13709","1":"post","2":"type-post","3":"status-publish","4":"format-standard","6":"category-internacionales"},"yoast_head":"<!-- This site is optimized with the Yoast SEO plugin v25.1 - https:\/\/yoast.com\/wordpress\/plugins\/seo\/ -->\n<title>Indonesia: Ya son 120 los muertos a causa de la erupci\u00f3n del Volc\u00e1n Merapi<\/title>\n<meta name=\"description\" content=\"Portal de noticias del Per\u00fa sobre el transporte a\u00e9reo, aviaci\u00f3n, turismo, hoteleria, actualidad.\" \/>\n<meta name=\"robots\" content=\"index, follow, max-snippet:-1, max-image-preview:large, max-video-preview:-1\" \/>\n<link rel=\"canonical\" href=\"https:\/\/aeronoticias.com.pe\/noticiero\/internacionales\/indonesia-ya-son-120-los-muertos-a-causa-de-la-erupcion-del-volcan-merapi\/\" \/>\n<meta property=\"og:locale\" content=\"es_ES\" \/>\n<meta property=\"og:type\" content=\"article\" \/>\n<meta property=\"og:title\" content=\"Indonesia: Ya son 120 los muertos a causa de la erupci\u00f3n del Volc\u00e1n Merapi\" \/>\n<meta property=\"og:description\" content=\"Portal de noticias del Per\u00fa sobre el transporte a\u00e9reo, aviaci\u00f3n, turismo, hoteleria, actualidad.\" \/>\n<meta property=\"og:url\" content=\"https:\/\/aeronoticias.com.pe\/noticiero\/internacionales\/indonesia-ya-son-120-los-muertos-a-causa-de-la-erupcion-del-volcan-merapi\/\" \/>\n<meta property=\"og:site_name\" content=\"Aeronoticias.com.pe\" \/>\n<meta property=\"article:publisher\" content=\"https:\/\/www.facebook.com\/Aeronoticias.com.pe\/\" \/>\n<meta property=\"article:published_time\" content=\"2010-11-05T14:28:31+00:00\" \/>\n<meta name=\"author\" content=\"Redacci\u00f3n Aeronoticias\" \/>\n<meta name=\"twitter:card\" content=\"summary_large_image\" \/>\n<meta name=\"twitter:creator\" content=\"@aeronoticias\" \/>\n<meta name=\"twitter:site\" content=\"@aeronoticias\" \/>\n<meta name=\"twitter:label1\" content=\"Escrito por\" \/>\n\t<meta name=\"twitter:data1\" content=\"Redacci\u00f3n Aeronoticias\" \/>\n\t<meta name=\"twitter:label2\" content=\"Tiempo de lectura\" \/>\n\t<meta name=\"twitter:data2\" content=\"1 minuto\" \/>\n<script type=\"application\/ld+json\" class=\"yoast-schema-graph\">{\"@context\":\"https:\/\/schema.org\",\"@graph\":[{\"@type\":\"WebPage\",\"@id\":\"https:\/\/aeronoticias.com.pe\/noticiero\/internacionales\/indonesia-ya-son-120-los-muertos-a-causa-de-la-erupcion-del-volcan-merapi\/\",\"url\":\"https:\/\/aeronoticias.com.pe\/noticiero\/internacionales\/indonesia-ya-son-120-los-muertos-a-causa-de-la-erupcion-del-volcan-merapi\/\",\"name\":\"Indonesia: Ya son 120 los muertos a causa de la erupci\u00f3n del Volc\u00e1n Merapi\",\"isPartOf\":{\"@id\":\"https:\/\/aeronoticias.com.pe\/noticiero\/#website\"},\"datePublished\":\"2010-11-05T14:28:31+00:00\",\"author\":{\"@id\":\"https:\/\/aeronoticias.com.pe\/noticiero\/#\/schema\/person\/fc1e5d578f4b62ba1cf7ac2bba1170a0\"},\"description\":\"Portal de noticias del Per\u00fa sobre el transporte a\u00e9reo, aviaci\u00f3n, turismo, hoteleria, actualidad.\",\"breadcrumb\":{\"@id\":\"https:\/\/aeronoticias.com.pe\/noticiero\/internacionales\/indonesia-ya-son-120-los-muertos-a-causa-de-la-erupcion-del-volcan-merapi\/#breadcrumb\"},\"inLanguage\":\"es\",\"potentialAction\":[{\"@type\":\"ReadAction\",\"target\":[\"https:\/\/aeronoticias.com.pe\/noticiero\/internacionales\/indonesia-ya-son-120-los-muertos-a-causa-de-la-erupcion-del-volcan-merapi\/\"]}]},{\"@type\":\"BreadcrumbList\",\"@id\":\"https:\/\/aeronoticias.com.pe\/noticiero\/internacionales\/indonesia-ya-son-120-los-muertos-a-causa-de-la-erupcion-del-volcan-merapi\/#breadcrumb\",\"itemListElement\":[{\"@type\":\"ListItem\",\"position\":1,\"name\":\"Portada\",\"item\":\"https:\/\/aeronoticias.com.pe\/noticiero\/\"},{\"@type\":\"ListItem\",\"position\":2,\"name\":\"Indonesia: Ya son 120 los muertos a causa de la erupci\u00f3n del Volc\u00e1n Merapi\"}]},{\"@type\":\"WebSite\",\"@id\":\"https:\/\/aeronoticias.com.pe\/noticiero\/#website\",\"url\":\"https:\/\/aeronoticias.com.pe\/noticiero\/\",\"name\":\"Aeronoticias.com.pe\",\"description\":\"Noticias de tranporte aereo, turismo, hoteles, gastronomia, actualidad, internacional\",\"potentialAction\":[{\"@type\":\"SearchAction\",\"target\":{\"@type\":\"EntryPoint\",\"urlTemplate\":\"https:\/\/aeronoticias.com.pe\/noticiero\/?s={search_term_string}\"},\"query-input\":{\"@type\":\"PropertyValueSpecification\",\"valueRequired\":true,\"valueName\":\"search_term_string\"}}],\"inLanguage\":\"es\"},{\"@type\":\"Person\",\"@id\":\"https:\/\/aeronoticias.com.pe\/noticiero\/#\/schema\/person\/fc1e5d578f4b62ba1cf7ac2bba1170a0\",\"name\":\"Redacci\u00f3n Aeronoticias\",\"url\":\"https:\/\/aeronoticias.com.pe\/noticiero\/author\/piloto\/\"}]}<\/script>\n<!-- \/ Yoast SEO plugin. -->","yoast_head_json":{"title":"Indonesia: Ya son 120 los muertos a causa de la erupci\u00f3n del Volc\u00e1n Merapi","description":"Portal de noticias del Per\u00fa sobre el transporte a\u00e9reo, aviaci\u00f3n, turismo, hoteleria, actualidad.","robots":{"index":"index","follow":"follow","max-snippet":"max-snippet:-1","max-image-preview":"max-image-preview:large","max-video-preview":"max-video-preview:-1"},"canonical":"https:\/\/aeronoticias.com.pe\/noticiero\/internacionales\/indonesia-ya-son-120-los-muertos-a-causa-de-la-erupcion-del-volcan-merapi\/","og_locale":"es_ES","og_type":"article","og_title":"Indonesia: Ya son 120 los muertos a causa de la erupci\u00f3n del Volc\u00e1n Merapi","og_description":"Portal de noticias del Per\u00fa sobre el transporte a\u00e9reo, aviaci\u00f3n, turismo, hoteleria, actualidad.","og_url":"https:\/\/aeronoticias.com.pe\/noticiero\/internacionales\/indonesia-ya-son-120-los-muertos-a-causa-de-la-erupcion-del-volcan-merapi\/","og_site_name":"Aeronoticias.com.pe","article_publisher":"https:\/\/www.facebook.com\/Aeronoticias.com.pe\/","article_published_time":"2010-11-05T14:28:31+00:00","author":"Redacci\u00f3n Aeronoticias","twitter_card":"summary_large_image","twitter_creator":"@aeronoticias","twitter_site":"@aeronoticias","twitter_misc":{"Escrito por":"Redacci\u00f3n Aeronoticias","Tiempo de lectura":"1 minuto"},"schema":{"@context":"https:\/\/schema.org","@graph":[{"@type":"WebPage","@id":"https:\/\/aeronoticias.com.pe\/noticiero\/internacionales\/indonesia-ya-son-120-los-muertos-a-causa-de-la-erupcion-del-volcan-merapi\/","url":"https:\/\/aeronoticias.com.pe\/noticiero\/internacionales\/indonesia-ya-son-120-los-muertos-a-causa-de-la-erupcion-del-volcan-merapi\/","name":"Indonesia: Ya son 120 los muertos a causa de la erupci\u00f3n del Volc\u00e1n Merapi","isPartOf":{"@id":"https:\/\/aeronoticias.com.pe\/noticiero\/#website"},"datePublished":"2010-11-05T14:28:31+00:00","author":{"@id":"https:\/\/aeronoticias.com.pe\/noticiero\/#\/schema\/person\/fc1e5d578f4b62ba1cf7ac2bba1170a0"},"description":"Portal de noticias del Per\u00fa sobre el transporte a\u00e9reo, aviaci\u00f3n, turismo, hoteleria, actualidad.","breadcrumb":{"@id":"https:\/\/aeronoticias.com.pe\/noticiero\/internacionales\/indonesia-ya-son-120-los-muertos-a-causa-de-la-erupcion-del-volcan-merapi\/#breadcrumb"},"inLanguage":"es","potentialAction":[{"@type":"ReadAction","target":["https:\/\/aeronoticias.com.pe\/noticiero\/internacionales\/indonesia-ya-son-120-los-muertos-a-causa-de-la-erupcion-del-volcan-merapi\/"]}]},{"@type":"BreadcrumbList","@id":"https:\/\/aeronoticias.com.pe\/noticiero\/internacionales\/indonesia-ya-son-120-los-muertos-a-causa-de-la-erupcion-del-volcan-merapi\/#breadcrumb","itemListElement":[{"@type":"ListItem","position":1,"name":"Portada","item":"https:\/\/aeronoticias.com.pe\/noticiero\/"},{"@type":"ListItem","position":2,"name":"Indonesia: Ya son 120 los muertos a causa de la erupci\u00f3n del Volc\u00e1n Merapi"}]},{"@type":"WebSite","@id":"https:\/\/aeronoticias.com.pe\/noticiero\/#website","url":"https:\/\/aeronoticias.com.pe\/noticiero\/","name":"Aeronoticias.com.pe","description":"Noticias de tranporte aereo, turismo, hoteles, gastronomia, actualidad, internacional","potentialAction":[{"@type":"SearchAction","target":{"@type":"EntryPoint","urlTemplate":"https:\/\/aeronoticias.com.pe\/noticiero\/?s={search_term_string}"},"query-input":{"@type":"PropertyValueSpecification","valueRequired":true,"valueName":"search_term_string"}}],"inLanguage":"es"},{"@type":"Person","@id":"https:\/\/aeronoticias.com.pe\/noticiero\/#\/schema\/person\/fc1e5d578f4b62ba1cf7ac2bba1170a0","name":"Redacci\u00f3n Aeronoticias","url":"https:\/\/aeronoticias.com.pe\/noticiero\/author\/piloto\/"}]}},"_links":{"self":[{"href":"https:\/\/aeronoticias.com.pe\/noticiero\/wp-json\/wp\/v2\/posts\/13709","targetHints":{"allow":["GET"]}}],"collection":[{"href":"https:\/\/aeronoticias.com.pe\/noticiero\/wp-json\/wp\/v2\/posts"}],"about":[{"href":"https:\/\/aeronoticias.com.pe\/noticiero\/wp-json\/wp\/v2\/types\/post"}],"author":[{"embeddable":true,"href":"https:\/\/aeronoticias.com.pe\/noticiero\/wp-json\/wp\/v2\/users\/1"}],"replies":[{"embeddable":true,"href":"https:\/\/aeronoticias.com.pe\/noticiero\/wp-json\/wp\/v2\/comments?post=13709"}],"version-history":[{"count":0,"href":"https:\/\/aeronoticias.com.pe\/noticiero\/wp-json\/wp\/v2\/posts\/13709\/revisions"}],"wp:attachment":[{"href":"https:\/\/aeronoticias.com.pe\/noticiero\/wp-json\/wp\/v2\/media?parent=13709"}],"wp:term":[{"taxonomy":"category","embeddable":true,"href":"https:\/\/aeronoticias.com.pe\/noticiero\/wp-json\/wp\/v2\/categories?post=13709"},{"taxonomy":"post_tag","embeddable":true,"href":"https:\/\/aeronoticias.com.pe\/noticiero\/wp-json\/wp\/v2\/tags?post=13709"}],"curies":[{"name":"wp","href":"https:\/\/api.w.org\/{rel}","templated":true}]}}