{"id":13711,"date":"2010-11-05T14:44:00","date_gmt":"2010-11-05T14:44:00","guid":{"rendered":"http:\/\/desarrollo.mcvicious.com\/aero2020\/2010\/11\/05\/apra-descarto-a-jorge-del-castillo-por-encuesta-interna\/"},"modified":"2010-11-05T14:44:00","modified_gmt":"2010-11-05T14:44:00","slug":"apra-descarto-a-jorge-del-castillo-por-encuesta-interna","status":"publish","type":"post","link":"https:\/\/aeronoticias.com.pe\/noticiero\/politica\/apra-descarto-a-jorge-del-castillo-por-encuesta-interna\/","title":{"rendered":"Apra descart\u00f3 a Jorge del Castillo por encuesta interna"},"content":{"rendered":"<div style=\"text-align: justify\"><strong>(Aeronoticias).-<\/strong> El congresista y ex Premier aprista Jorge del Castillo, quien asomaba como probable candidato\u00a0presidencial, revel\u00f3 esta ma\u00f1ana que fue descartado en el seno de su partido mediante encuestas internas y que en esta decisi\u00f3n no tuvo que ver el presidente Alan Garc\u00eda, al m ismo tiempo jefe del APRA.<\/div>\n<div style=\"text-align: justify\">\u00a0<\/div>\n<div style=\"text-align: center\"><img decoding=\"async\" src=\"images\/stories\/10\/11\/051110\/jorgedelcastillo.jpg\" border=\"0\" alt=\"Apra descart\u00f3 a Jorge del Castillo por encuesta interna \" title=\"Apra descart\u00f3 a Jorge del Castillo por encuesta interna \" \/><\/div>\n<div style=\"text-align: justify\">Fue durante la entrevista que le hizo el panel de periodistas de Radio Programas del Per\u00fa en el curso de la cual reiter\u00f3, hasta la terquedad, que el APRA ganar\u00e1 las elecciones presidenciales del pr\u00f3ximo a\u00f1o, asegurando que la pre candidata Mercedes Araoz cuenta con el total \u00a0respaldo de sus bases a nivel nacional.<\/div>\n<div style=\"text-align: justify\"><\/div>\n<div style=\"text-align: justify\">Anunci\u00f3 tambi\u00e9n que el domingo 21 del presente se realizar\u00e1 la elecci\u00f3n de los delegados de su partido para asistir a la convenci\u00f3n aprista que est\u00e1 convocada para el siguiente domingo, es decir el 28, y all\u00ed se dise\u00f1ar\u00e1 la f\u00f3rmula presidencial del APRA para las elecciones del 2011.<\/div>\n<div style=\"text-align: justify\"><\/div>\n","protected":false},"excerpt":{"rendered":"<p>(Aeronoticias).- El congresista y ex Premier aprista Jorge del Castillo, quien asomaba como probable candidato\u00a0presidencial, revel\u00f3 esta ma\u00f1ana que fue descartado en el seno de su partido mediante encuestas internas y que en esta decisi\u00f3n no tuvo que ver el presidente Alan Garc\u00eda, al m ismo tiempo jefe del APRA. \u00a0 Fue durante la entrevista [&hellip;]<\/p>\n","protected":false},"author":1,"featured_media":0,"comment_status":"open","ping_status":"open","sticky":false,"template":"","format":"standard","meta":{"tdm_status":"","tdm_grid_status":"","footnotes":""},"categories":[36],"tags":[],"class_list":{"0":"post-13711","1":"post","2":"type-post","3":"status-publish","4":"format-standard","6":"category-politica"},"yoast_head":"<!-- This site is optimized with the Yoast SEO plugin v25.1 - https:\/\/yoast.com\/wordpress\/plugins\/seo\/ -->\n<title>Apra descart\u00f3 a Jorge del Castillo por encuesta interna<\/title>\n<meta name=\"description\" content=\"Portal de noticias del Per\u00fa sobre el transporte a\u00e9reo, aviaci\u00f3n, turismo, hoteleria, actualidad.\" \/>\n<meta name=\"robots\" content=\"index, follow, max-snippet:-1, max-image-preview:large, max-video-preview:-1\" \/>\n<link rel=\"canonical\" href=\"https:\/\/aeronoticias.com.pe\/noticiero\/politica\/apra-descarto-a-jorge-del-castillo-por-encuesta-interna\/\" \/>\n<meta property=\"og:locale\" content=\"es_ES\" \/>\n<meta property=\"og:type\" content=\"article\" \/>\n<meta property=\"og:title\" content=\"Apra descart\u00f3 a Jorge del Castillo por encuesta interna\" \/>\n<meta property=\"og:description\" content=\"Portal de noticias del Per\u00fa sobre el transporte a\u00e9reo, aviaci\u00f3n, turismo, hoteleria, actualidad.\" \/>\n<meta property=\"og:url\" content=\"https:\/\/aeronoticias.com.pe\/noticiero\/politica\/apra-descarto-a-jorge-del-castillo-por-encuesta-interna\/\" \/>\n<meta property=\"og:site_name\" content=\"Aeronoticias.com.pe\" \/>\n<meta property=\"article:publisher\" content=\"https:\/\/www.facebook.com\/Aeronoticias.com.pe\/\" \/>\n<meta property=\"article:published_time\" content=\"2010-11-05T14:44:00+00:00\" \/>\n<meta name=\"author\" content=\"Redacci\u00f3n Aeronoticias\" \/>\n<meta name=\"twitter:card\" content=\"summary_large_image\" \/>\n<meta name=\"twitter:creator\" content=\"@aeronoticias\" \/>\n<meta name=\"twitter:site\" content=\"@aeronoticias\" \/>\n<meta name=\"twitter:label1\" content=\"Escrito por\" \/>\n\t<meta name=\"twitter:data1\" content=\"Redacci\u00f3n Aeronoticias\" \/>\n\t<meta name=\"twitter:label2\" content=\"Tiempo de lectura\" \/>\n\t<meta name=\"twitter:data2\" content=\"1 minuto\" \/>\n<script type=\"application\/ld+json\" class=\"yoast-schema-graph\">{\"@context\":\"https:\/\/schema.org\",\"@graph\":[{\"@type\":\"WebPage\",\"@id\":\"https:\/\/aeronoticias.com.pe\/noticiero\/politica\/apra-descarto-a-jorge-del-castillo-por-encuesta-interna\/\",\"url\":\"https:\/\/aeronoticias.com.pe\/noticiero\/politica\/apra-descarto-a-jorge-del-castillo-por-encuesta-interna\/\",\"name\":\"Apra descart\u00f3 a Jorge del Castillo por encuesta interna\",\"isPartOf\":{\"@id\":\"https:\/\/aeronoticias.com.pe\/noticiero\/#website\"},\"datePublished\":\"2010-11-05T14:44:00+00:00\",\"author\":{\"@id\":\"https:\/\/aeronoticias.com.pe\/noticiero\/#\/schema\/person\/fc1e5d578f4b62ba1cf7ac2bba1170a0\"},\"description\":\"Portal de noticias del Per\u00fa sobre el transporte a\u00e9reo, aviaci\u00f3n, turismo, hoteleria, actualidad.\",\"breadcrumb\":{\"@id\":\"https:\/\/aeronoticias.com.pe\/noticiero\/politica\/apra-descarto-a-jorge-del-castillo-por-encuesta-interna\/#breadcrumb\"},\"inLanguage\":\"es\",\"potentialAction\":[{\"@type\":\"ReadAction\",\"target\":[\"https:\/\/aeronoticias.com.pe\/noticiero\/politica\/apra-descarto-a-jorge-del-castillo-por-encuesta-interna\/\"]}]},{\"@type\":\"BreadcrumbList\",\"@id\":\"https:\/\/aeronoticias.com.pe\/noticiero\/politica\/apra-descarto-a-jorge-del-castillo-por-encuesta-interna\/#breadcrumb\",\"itemListElement\":[{\"@type\":\"ListItem\",\"position\":1,\"name\":\"Portada\",\"item\":\"https:\/\/aeronoticias.com.pe\/noticiero\/\"},{\"@type\":\"ListItem\",\"position\":2,\"name\":\"Apra descart\u00f3 a Jorge del Castillo por encuesta interna\"}]},{\"@type\":\"WebSite\",\"@id\":\"https:\/\/aeronoticias.com.pe\/noticiero\/#website\",\"url\":\"https:\/\/aeronoticias.com.pe\/noticiero\/\",\"name\":\"Aeronoticias.com.pe\",\"description\":\"Noticias de tranporte aereo, turismo, hoteles, gastronomia, actualidad, internacional\",\"potentialAction\":[{\"@type\":\"SearchAction\",\"target\":{\"@type\":\"EntryPoint\",\"urlTemplate\":\"https:\/\/aeronoticias.com.pe\/noticiero\/?s={search_term_string}\"},\"query-input\":{\"@type\":\"PropertyValueSpecification\",\"valueRequired\":true,\"valueName\":\"search_term_string\"}}],\"inLanguage\":\"es\"},{\"@type\":\"Person\",\"@id\":\"https:\/\/aeronoticias.com.pe\/noticiero\/#\/schema\/person\/fc1e5d578f4b62ba1cf7ac2bba1170a0\",\"name\":\"Redacci\u00f3n Aeronoticias\",\"url\":\"https:\/\/aeronoticias.com.pe\/noticiero\/author\/piloto\/\"}]}<\/script>\n<!-- \/ Yoast SEO plugin. -->","yoast_head_json":{"title":"Apra descart\u00f3 a Jorge del Castillo por encuesta interna","description":"Portal de noticias del Per\u00fa sobre el transporte a\u00e9reo, aviaci\u00f3n, turismo, hoteleria, actualidad.","robots":{"index":"index","follow":"follow","max-snippet":"max-snippet:-1","max-image-preview":"max-image-preview:large","max-video-preview":"max-video-preview:-1"},"canonical":"https:\/\/aeronoticias.com.pe\/noticiero\/politica\/apra-descarto-a-jorge-del-castillo-por-encuesta-interna\/","og_locale":"es_ES","og_type":"article","og_title":"Apra descart\u00f3 a Jorge del Castillo por encuesta interna","og_description":"Portal de noticias del Per\u00fa sobre el transporte a\u00e9reo, aviaci\u00f3n, turismo, hoteleria, actualidad.","og_url":"https:\/\/aeronoticias.com.pe\/noticiero\/politica\/apra-descarto-a-jorge-del-castillo-por-encuesta-interna\/","og_site_name":"Aeronoticias.com.pe","article_publisher":"https:\/\/www.facebook.com\/Aeronoticias.com.pe\/","article_published_time":"2010-11-05T14:44:00+00:00","author":"Redacci\u00f3n Aeronoticias","twitter_card":"summary_large_image","twitter_creator":"@aeronoticias","twitter_site":"@aeronoticias","twitter_misc":{"Escrito por":"Redacci\u00f3n Aeronoticias","Tiempo de lectura":"1 minuto"},"schema":{"@context":"https:\/\/schema.org","@graph":[{"@type":"WebPage","@id":"https:\/\/aeronoticias.com.pe\/noticiero\/politica\/apra-descarto-a-jorge-del-castillo-por-encuesta-interna\/","url":"https:\/\/aeronoticias.com.pe\/noticiero\/politica\/apra-descarto-a-jorge-del-castillo-por-encuesta-interna\/","name":"Apra descart\u00f3 a Jorge del Castillo por encuesta interna","isPartOf":{"@id":"https:\/\/aeronoticias.com.pe\/noticiero\/#website"},"datePublished":"2010-11-05T14:44:00+00:00","author":{"@id":"https:\/\/aeronoticias.com.pe\/noticiero\/#\/schema\/person\/fc1e5d578f4b62ba1cf7ac2bba1170a0"},"description":"Portal de noticias del Per\u00fa sobre el transporte a\u00e9reo, aviaci\u00f3n, turismo, hoteleria, actualidad.","breadcrumb":{"@id":"https:\/\/aeronoticias.com.pe\/noticiero\/politica\/apra-descarto-a-jorge-del-castillo-por-encuesta-interna\/#breadcrumb"},"inLanguage":"es","potentialAction":[{"@type":"ReadAction","target":["https:\/\/aeronoticias.com.pe\/noticiero\/politica\/apra-descarto-a-jorge-del-castillo-por-encuesta-interna\/"]}]},{"@type":"BreadcrumbList","@id":"https:\/\/aeronoticias.com.pe\/noticiero\/politica\/apra-descarto-a-jorge-del-castillo-por-encuesta-interna\/#breadcrumb","itemListElement":[{"@type":"ListItem","position":1,"name":"Portada","item":"https:\/\/aeronoticias.com.pe\/noticiero\/"},{"@type":"ListItem","position":2,"name":"Apra descart\u00f3 a Jorge del Castillo por encuesta interna"}]},{"@type":"WebSite","@id":"https:\/\/aeronoticias.com.pe\/noticiero\/#website","url":"https:\/\/aeronoticias.com.pe\/noticiero\/","name":"Aeronoticias.com.pe","description":"Noticias de tranporte aereo, turismo, hoteles, gastronomia, actualidad, internacional","potentialAction":[{"@type":"SearchAction","target":{"@type":"EntryPoint","urlTemplate":"https:\/\/aeronoticias.com.pe\/noticiero\/?s={search_term_string}"},"query-input":{"@type":"PropertyValueSpecification","valueRequired":true,"valueName":"search_term_string"}}],"inLanguage":"es"},{"@type":"Person","@id":"https:\/\/aeronoticias.com.pe\/noticiero\/#\/schema\/person\/fc1e5d578f4b62ba1cf7ac2bba1170a0","name":"Redacci\u00f3n Aeronoticias","url":"https:\/\/aeronoticias.com.pe\/noticiero\/author\/piloto\/"}]}},"_links":{"self":[{"href":"https:\/\/aeronoticias.com.pe\/noticiero\/wp-json\/wp\/v2\/posts\/13711","targetHints":{"allow":["GET"]}}],"collection":[{"href":"https:\/\/aeronoticias.com.pe\/noticiero\/wp-json\/wp\/v2\/posts"}],"about":[{"href":"https:\/\/aeronoticias.com.pe\/noticiero\/wp-json\/wp\/v2\/types\/post"}],"author":[{"embeddable":true,"href":"https:\/\/aeronoticias.com.pe\/noticiero\/wp-json\/wp\/v2\/users\/1"}],"replies":[{"embeddable":true,"href":"https:\/\/aeronoticias.com.pe\/noticiero\/wp-json\/wp\/v2\/comments?post=13711"}],"version-history":[{"count":0,"href":"https:\/\/aeronoticias.com.pe\/noticiero\/wp-json\/wp\/v2\/posts\/13711\/revisions"}],"wp:attachment":[{"href":"https:\/\/aeronoticias.com.pe\/noticiero\/wp-json\/wp\/v2\/media?parent=13711"}],"wp:term":[{"taxonomy":"category","embeddable":true,"href":"https:\/\/aeronoticias.com.pe\/noticiero\/wp-json\/wp\/v2\/categories?post=13711"},{"taxonomy":"post_tag","embeddable":true,"href":"https:\/\/aeronoticias.com.pe\/noticiero\/wp-json\/wp\/v2\/tags?post=13711"}],"curies":[{"name":"wp","href":"https:\/\/api.w.org\/{rel}","templated":true}]}}