{"id":13714,"date":"2010-11-05T15:45:49","date_gmt":"2010-11-05T15:45:49","guid":{"rendered":"http:\/\/desarrollo.mcvicious.com\/aero2020\/2010\/11\/05\/el-dr-jose-bernardo-caceres-sayan-es-el-nuevo-columnista-de-aeronoticias\/"},"modified":"2010-11-05T15:45:49","modified_gmt":"2010-11-05T15:45:49","slug":"el-dr-jose-bernardo-caceres-sayan-es-el-nuevo-columnista-de-aeronoticias","status":"publish","type":"post","link":"https:\/\/aeronoticias.com.pe\/noticiero\/nacionales\/el-dr-jose-bernardo-caceres-sayan-es-el-nuevo-columnista-de-aeronoticias\/","title":{"rendered":"El Dr. Jos\u00e9 Bernardo C\u00e1ceres Say\u00e1n es el nuevo columnista de Aeronoticias"},"content":{"rendered":"<p align=\"justify\"><strong>(Aeronoticias)<\/strong> Una nueva pluma se ha sumado al equipo de columnistas del Diario Digital Aeronoticias, estamos hablando del escritor Jos\u00e9 Bernardo C\u00e1ceres Say\u00e1n, quien es investigador, escritor, catedr\u00e1tico y abogado. Varios de sus temas predilectos se integran de modo bastante original en su libro \u201cEstrategia para la vida\u201d, la teor\u00eda del \u00e9xito, el desarrollo humano y la educaci\u00f3n- mostrando importantes v\u00ednculos entre ellos.<\/p>\n<p>\u00a0<\/p>\n<div style=\"text-align: center\"><img decoding=\"async\" src=\"images\/stories\/10\/11\/051110\/bernardosay.jpg\" border=\"0\" alt=\"El Dr. Jos\u00e9 Bernardo C\u00e1ceres Say\u00e1n es el nuevo columnista de Aeronoticias \" title=\"El Dr. Jos\u00e9 Bernardo C\u00e1ceres Say\u00e1n es el nuevo columnista de Aeronoticias \" \/><\/div>\n<div style=\"text-align: justify\"><\/div>\n<div style=\"text-align: justify\">Ha desarrollado tambi\u00e9n los programas \u201cGimnasia Mental y Ajedrez Educativo\u201d, \u201cFortalezas para el \u00e9xito\u201d y \u201cAlimentaci\u00f3n por Objetivos\u201d (Nutrition by Objectives); y escrito el ensayo sobre estrategia nacional y cultura positiva titulado: \u201cObjetivos Nacionales Positivos \u2013 Ejes estrat\u00e9gicos para el \u00e9xito del pa\u00eds\u201d.<\/div>\n<div style=\"text-align: justify\"><\/div>\n<div style=\"text-align: justify\">En su libro \u201cEstrategia para la vida\u201d muestra las ventajas pr\u00e1cticas que otorga la aplicaci\u00f3n de dichos principios en diversas situaciones de la vida real. Contiene 80 dibujos que potencian la comprensi\u00f3n y retenci\u00f3n de sus mensajes, ilustran en forma muy gr\u00e1fica las ideas centrales y facilitan aplicar e integrar su contenido. Estos dibujos brindan una ventaja adicional: te permiten \u201cver\u201d lo que piensan sus personajes, como en una historieta.<\/div>\n<p>\u00a0<\/p>\n","protected":false},"excerpt":{"rendered":"<p>(Aeronoticias) Una nueva pluma se ha sumado al equipo de columnistas del Diario Digital Aeronoticias, estamos hablando del escritor Jos\u00e9 Bernardo C\u00e1ceres Say\u00e1n, quien es investigador, escritor, catedr\u00e1tico y abogado. Varios de sus temas predilectos se integran de modo bastante original en su libro \u201cEstrategia para la vida\u201d, la teor\u00eda del \u00e9xito, el desarrollo humano [&hellip;]<\/p>\n","protected":false},"author":1,"featured_media":0,"comment_status":"open","ping_status":"open","sticky":false,"template":"","format":"standard","meta":{"tdm_status":"","tdm_grid_status":"","footnotes":""},"categories":[38],"tags":[],"class_list":{"0":"post-13714","1":"post","2":"type-post","3":"status-publish","4":"format-standard","6":"category-nacionales"},"yoast_head":"<!-- This site is optimized with the Yoast SEO plugin v25.1 - https:\/\/yoast.com\/wordpress\/plugins\/seo\/ -->\n<title>El Dr. Jos\u00e9 Bernardo C\u00e1ceres Say\u00e1n es el nuevo columnista de Aeronoticias<\/title>\n<meta name=\"description\" content=\"Portal de noticias del Per\u00fa sobre el transporte a\u00e9reo, aviaci\u00f3n, turismo, hoteleria, actualidad.\" \/>\n<meta name=\"robots\" content=\"index, follow, max-snippet:-1, max-image-preview:large, max-video-preview:-1\" \/>\n<link rel=\"canonical\" href=\"https:\/\/aeronoticias.com.pe\/noticiero\/nacionales\/el-dr-jose-bernardo-caceres-sayan-es-el-nuevo-columnista-de-aeronoticias\/\" \/>\n<meta property=\"og:locale\" content=\"es_ES\" \/>\n<meta property=\"og:type\" content=\"article\" \/>\n<meta property=\"og:title\" content=\"El Dr. Jos\u00e9 Bernardo C\u00e1ceres Say\u00e1n es el nuevo columnista de Aeronoticias\" \/>\n<meta property=\"og:description\" content=\"Portal de noticias del Per\u00fa sobre el transporte a\u00e9reo, aviaci\u00f3n, turismo, hoteleria, actualidad.\" \/>\n<meta property=\"og:url\" content=\"https:\/\/aeronoticias.com.pe\/noticiero\/nacionales\/el-dr-jose-bernardo-caceres-sayan-es-el-nuevo-columnista-de-aeronoticias\/\" \/>\n<meta property=\"og:site_name\" content=\"Aeronoticias.com.pe\" \/>\n<meta property=\"article:publisher\" content=\"https:\/\/www.facebook.com\/Aeronoticias.com.pe\/\" \/>\n<meta property=\"article:published_time\" content=\"2010-11-05T15:45:49+00:00\" \/>\n<meta name=\"author\" content=\"Redacci\u00f3n Aeronoticias\" \/>\n<meta name=\"twitter:card\" content=\"summary_large_image\" \/>\n<meta name=\"twitter:creator\" content=\"@aeronoticias\" \/>\n<meta name=\"twitter:site\" content=\"@aeronoticias\" \/>\n<meta name=\"twitter:label1\" content=\"Escrito por\" \/>\n\t<meta name=\"twitter:data1\" content=\"Redacci\u00f3n Aeronoticias\" \/>\n\t<meta name=\"twitter:label2\" content=\"Tiempo de lectura\" \/>\n\t<meta name=\"twitter:data2\" content=\"1 minuto\" \/>\n<script type=\"application\/ld+json\" class=\"yoast-schema-graph\">{\"@context\":\"https:\/\/schema.org\",\"@graph\":[{\"@type\":\"WebPage\",\"@id\":\"https:\/\/aeronoticias.com.pe\/noticiero\/nacionales\/el-dr-jose-bernardo-caceres-sayan-es-el-nuevo-columnista-de-aeronoticias\/\",\"url\":\"https:\/\/aeronoticias.com.pe\/noticiero\/nacionales\/el-dr-jose-bernardo-caceres-sayan-es-el-nuevo-columnista-de-aeronoticias\/\",\"name\":\"El Dr. Jos\u00e9 Bernardo C\u00e1ceres Say\u00e1n es el nuevo columnista de Aeronoticias\",\"isPartOf\":{\"@id\":\"https:\/\/aeronoticias.com.pe\/noticiero\/#website\"},\"datePublished\":\"2010-11-05T15:45:49+00:00\",\"author\":{\"@id\":\"https:\/\/aeronoticias.com.pe\/noticiero\/#\/schema\/person\/fc1e5d578f4b62ba1cf7ac2bba1170a0\"},\"description\":\"Portal de noticias del Per\u00fa sobre el transporte a\u00e9reo, aviaci\u00f3n, turismo, hoteleria, actualidad.\",\"breadcrumb\":{\"@id\":\"https:\/\/aeronoticias.com.pe\/noticiero\/nacionales\/el-dr-jose-bernardo-caceres-sayan-es-el-nuevo-columnista-de-aeronoticias\/#breadcrumb\"},\"inLanguage\":\"es\",\"potentialAction\":[{\"@type\":\"ReadAction\",\"target\":[\"https:\/\/aeronoticias.com.pe\/noticiero\/nacionales\/el-dr-jose-bernardo-caceres-sayan-es-el-nuevo-columnista-de-aeronoticias\/\"]}]},{\"@type\":\"BreadcrumbList\",\"@id\":\"https:\/\/aeronoticias.com.pe\/noticiero\/nacionales\/el-dr-jose-bernardo-caceres-sayan-es-el-nuevo-columnista-de-aeronoticias\/#breadcrumb\",\"itemListElement\":[{\"@type\":\"ListItem\",\"position\":1,\"name\":\"Portada\",\"item\":\"https:\/\/aeronoticias.com.pe\/noticiero\/\"},{\"@type\":\"ListItem\",\"position\":2,\"name\":\"El Dr. Jos\u00e9 Bernardo C\u00e1ceres Say\u00e1n es el nuevo columnista de Aeronoticias\"}]},{\"@type\":\"WebSite\",\"@id\":\"https:\/\/aeronoticias.com.pe\/noticiero\/#website\",\"url\":\"https:\/\/aeronoticias.com.pe\/noticiero\/\",\"name\":\"Aeronoticias.com.pe\",\"description\":\"Noticias de tranporte aereo, turismo, hoteles, gastronomia, actualidad, internacional\",\"potentialAction\":[{\"@type\":\"SearchAction\",\"target\":{\"@type\":\"EntryPoint\",\"urlTemplate\":\"https:\/\/aeronoticias.com.pe\/noticiero\/?s={search_term_string}\"},\"query-input\":{\"@type\":\"PropertyValueSpecification\",\"valueRequired\":true,\"valueName\":\"search_term_string\"}}],\"inLanguage\":\"es\"},{\"@type\":\"Person\",\"@id\":\"https:\/\/aeronoticias.com.pe\/noticiero\/#\/schema\/person\/fc1e5d578f4b62ba1cf7ac2bba1170a0\",\"name\":\"Redacci\u00f3n Aeronoticias\",\"url\":\"https:\/\/aeronoticias.com.pe\/noticiero\/author\/piloto\/\"}]}<\/script>\n<!-- \/ Yoast SEO plugin. -->","yoast_head_json":{"title":"El Dr. Jos\u00e9 Bernardo C\u00e1ceres Say\u00e1n es el nuevo columnista de Aeronoticias","description":"Portal de noticias del Per\u00fa sobre el transporte a\u00e9reo, aviaci\u00f3n, turismo, hoteleria, actualidad.","robots":{"index":"index","follow":"follow","max-snippet":"max-snippet:-1","max-image-preview":"max-image-preview:large","max-video-preview":"max-video-preview:-1"},"canonical":"https:\/\/aeronoticias.com.pe\/noticiero\/nacionales\/el-dr-jose-bernardo-caceres-sayan-es-el-nuevo-columnista-de-aeronoticias\/","og_locale":"es_ES","og_type":"article","og_title":"El Dr. Jos\u00e9 Bernardo C\u00e1ceres Say\u00e1n es el nuevo columnista de Aeronoticias","og_description":"Portal de noticias del Per\u00fa sobre el transporte a\u00e9reo, aviaci\u00f3n, turismo, hoteleria, actualidad.","og_url":"https:\/\/aeronoticias.com.pe\/noticiero\/nacionales\/el-dr-jose-bernardo-caceres-sayan-es-el-nuevo-columnista-de-aeronoticias\/","og_site_name":"Aeronoticias.com.pe","article_publisher":"https:\/\/www.facebook.com\/Aeronoticias.com.pe\/","article_published_time":"2010-11-05T15:45:49+00:00","author":"Redacci\u00f3n Aeronoticias","twitter_card":"summary_large_image","twitter_creator":"@aeronoticias","twitter_site":"@aeronoticias","twitter_misc":{"Escrito por":"Redacci\u00f3n Aeronoticias","Tiempo de lectura":"1 minuto"},"schema":{"@context":"https:\/\/schema.org","@graph":[{"@type":"WebPage","@id":"https:\/\/aeronoticias.com.pe\/noticiero\/nacionales\/el-dr-jose-bernardo-caceres-sayan-es-el-nuevo-columnista-de-aeronoticias\/","url":"https:\/\/aeronoticias.com.pe\/noticiero\/nacionales\/el-dr-jose-bernardo-caceres-sayan-es-el-nuevo-columnista-de-aeronoticias\/","name":"El Dr. Jos\u00e9 Bernardo C\u00e1ceres Say\u00e1n es el nuevo columnista de Aeronoticias","isPartOf":{"@id":"https:\/\/aeronoticias.com.pe\/noticiero\/#website"},"datePublished":"2010-11-05T15:45:49+00:00","author":{"@id":"https:\/\/aeronoticias.com.pe\/noticiero\/#\/schema\/person\/fc1e5d578f4b62ba1cf7ac2bba1170a0"},"description":"Portal de noticias del Per\u00fa sobre el transporte a\u00e9reo, aviaci\u00f3n, turismo, hoteleria, actualidad.","breadcrumb":{"@id":"https:\/\/aeronoticias.com.pe\/noticiero\/nacionales\/el-dr-jose-bernardo-caceres-sayan-es-el-nuevo-columnista-de-aeronoticias\/#breadcrumb"},"inLanguage":"es","potentialAction":[{"@type":"ReadAction","target":["https:\/\/aeronoticias.com.pe\/noticiero\/nacionales\/el-dr-jose-bernardo-caceres-sayan-es-el-nuevo-columnista-de-aeronoticias\/"]}]},{"@type":"BreadcrumbList","@id":"https:\/\/aeronoticias.com.pe\/noticiero\/nacionales\/el-dr-jose-bernardo-caceres-sayan-es-el-nuevo-columnista-de-aeronoticias\/#breadcrumb","itemListElement":[{"@type":"ListItem","position":1,"name":"Portada","item":"https:\/\/aeronoticias.com.pe\/noticiero\/"},{"@type":"ListItem","position":2,"name":"El Dr. Jos\u00e9 Bernardo C\u00e1ceres Say\u00e1n es el nuevo columnista de Aeronoticias"}]},{"@type":"WebSite","@id":"https:\/\/aeronoticias.com.pe\/noticiero\/#website","url":"https:\/\/aeronoticias.com.pe\/noticiero\/","name":"Aeronoticias.com.pe","description":"Noticias de tranporte aereo, turismo, hoteles, gastronomia, actualidad, internacional","potentialAction":[{"@type":"SearchAction","target":{"@type":"EntryPoint","urlTemplate":"https:\/\/aeronoticias.com.pe\/noticiero\/?s={search_term_string}"},"query-input":{"@type":"PropertyValueSpecification","valueRequired":true,"valueName":"search_term_string"}}],"inLanguage":"es"},{"@type":"Person","@id":"https:\/\/aeronoticias.com.pe\/noticiero\/#\/schema\/person\/fc1e5d578f4b62ba1cf7ac2bba1170a0","name":"Redacci\u00f3n Aeronoticias","url":"https:\/\/aeronoticias.com.pe\/noticiero\/author\/piloto\/"}]}},"_links":{"self":[{"href":"https:\/\/aeronoticias.com.pe\/noticiero\/wp-json\/wp\/v2\/posts\/13714","targetHints":{"allow":["GET"]}}],"collection":[{"href":"https:\/\/aeronoticias.com.pe\/noticiero\/wp-json\/wp\/v2\/posts"}],"about":[{"href":"https:\/\/aeronoticias.com.pe\/noticiero\/wp-json\/wp\/v2\/types\/post"}],"author":[{"embeddable":true,"href":"https:\/\/aeronoticias.com.pe\/noticiero\/wp-json\/wp\/v2\/users\/1"}],"replies":[{"embeddable":true,"href":"https:\/\/aeronoticias.com.pe\/noticiero\/wp-json\/wp\/v2\/comments?post=13714"}],"version-history":[{"count":0,"href":"https:\/\/aeronoticias.com.pe\/noticiero\/wp-json\/wp\/v2\/posts\/13714\/revisions"}],"wp:attachment":[{"href":"https:\/\/aeronoticias.com.pe\/noticiero\/wp-json\/wp\/v2\/media?parent=13714"}],"wp:term":[{"taxonomy":"category","embeddable":true,"href":"https:\/\/aeronoticias.com.pe\/noticiero\/wp-json\/wp\/v2\/categories?post=13714"},{"taxonomy":"post_tag","embeddable":true,"href":"https:\/\/aeronoticias.com.pe\/noticiero\/wp-json\/wp\/v2\/tags?post=13714"}],"curies":[{"name":"wp","href":"https:\/\/api.w.org\/{rel}","templated":true}]}}