{"id":13715,"date":"2010-11-05T15:53:40","date_gmt":"2010-11-05T15:53:40","guid":{"rendered":"http:\/\/desarrollo.mcvicious.com\/aero2020\/2010\/11\/05\/apoyan-enmienda-a-la-legislacion-aerea-para-proteger-las-fuentes-de-informacion-sobre-seguridad-operacional\/"},"modified":"2010-11-05T15:53:40","modified_gmt":"2010-11-05T15:53:40","slug":"apoyan-enmienda-a-la-legislacion-aerea-para-proteger-las-fuentes-de-informacion-sobre-seguridad-operacional","status":"publish","type":"post","link":"https:\/\/aeronoticias.com.pe\/noticiero\/ultimas\/1\/apoyan-enmienda-a-la-legislacion-aerea-para-proteger-las-fuentes-de-informacion-sobre-seguridad-operacional\/","title":{"rendered":"Apoyan Enmienda a la Legislaci\u00f3n A\u00e9rea para proteger las fuentes de informaci\u00f3n sobre seguridad operacional"},"content":{"rendered":"<div style=\"text-align: justify\"><strong>(Aeronoticias).-<\/strong> La revisi\u00f3n del documento \u201cPropuesta de Enmienda a la legislaci\u00f3n aeron\u00e1utica para proteger las fuentes de informaci\u00f3n\u201d recibi\u00f3 una opini\u00f3n favorable del presidente de la Comisi\u00f3n Interamericana de Juristas Expertos en Derecho A\u00e9reo y Espacial, Juli\u00e1n Palacin Fern\u00e1ndez quien es ex presidente de la Corporaci\u00f3n Peruana de Aeropuertos y Aviaci\u00f3n Comercial CORPAC del Per\u00fa, presidente del Instituto Peruano de Derecho A\u00e9reo y Presidente de la Comisi\u00f3n Consultiva de Derecho A\u00e9reo del Colegio de Abogados de Lima.<\/div>\n<div style=\"text-align: justify\">\u00a0<\/div>\n<div style=\"text-align: center\"><img decoding=\"async\" src=\"images\/stories\/10\/11\/051110\/oacipalacin.jpg\" border=\"0\" alt=\"Apoyan Enmienda a la Legislaci\u00f3n A\u00e9rea para proteger las fuentes de informaci\u00f3n sobre seguridad operacional\" title=\"Apoyan Enmienda a la Legislaci\u00f3n A\u00e9rea para proteger las fuentes de informaci\u00f3n sobre seguridad operacional\" \/>\u00a0<\/div>\n<div style=\"text-align: justify\"><\/div>\n<div style=\"text-align: justify\">El especialista expres\u00f3 el proyecto OACI RASG-PA GSI-3 sobre informe de la Protecci\u00f3n sobre Informaci\u00f3n de la seguridad operacional es muy positivo y su objetivo es la protecci\u00f3n obtenida por medio de recopilaci\u00f3n y procesamiento de datos directa o indirectamente con la seguridad operacional, as\u00ed como las fuentes de la misma cualquiera sea la naturaleza de estas destacando que se tutelan dos principios, el de la protecci\u00f3n que abarca toda la tutela necesaria en un contexto gen\u00e9rico y el de la confidencialidad cuyo car\u00e1cter se debe adaptar a toda la propuesta normativa que se fundamenta en que toda actividad tutelada debe reservarse para el mejoramiento de la seguridad operacional.<\/div>\n<div style=\"text-align: justify\"><\/div>\n<div style=\"text-align: justify\">Aeronoticias considera que esta iniciativa de la Organizaci\u00f3n de la Aviaci\u00f3n Civil Internacional OACI dentro del plan global y la hoja de ruta, las enmiendas de los Anexos de la OACI para incorporar el marco normativo de las SMS y del SSP son importantes para conseguir los grandes objetivos de la aviaci\u00f3n civil internacional en materia de seguridad operacional, para lo cual se tendr\u00e1 que tener en cuenta la informaci\u00f3n pro-activa, la predictiva y la responsabilidad de las l\u00edneas a\u00e9reas, en relaci\u00f3n al esquema tradicional del \u00a0uso de la informaci\u00f3n en la investigaci\u00f3n de accidentes e incidentes dentro de un operativo del cambio y la gesti\u00f3n de la informaci\u00f3n de seguridad operacional.<\/div>\n<div style=\"text-align: justify\"><\/div>\n<div style=\"text-align: justify\">Es importante destacar el documento desarrollado por el Grupo Regional Panamericano para la Seguridad Operacional (RASG-PA) conteniendo una Propuesta de enmienda a la legislaci\u00f3n aeron\u00e1utica para proteger las fuentes de informaci\u00f3n sobre seguridad operacional.<\/div>\n<div style=\"text-align: justify\"><\/div>\n<div style=\"text-align: justify\">El grupo RASG-PA es de reciente creaci\u00f3n, su prop\u00f3sito es promover la implementaci\u00f3n del Plan Mundial para la Seguridad Operacional en nuestra regi\u00f3n.<\/div>\n<div style=\"text-align: justify\"><\/div>\n<div style=\"text-align: justify\">El proceso del RASG-PA est\u00e1 basado en gestionar la seguridad operacional mediante la obtenci\u00f3n y procesamiento de informaci\u00f3n de seguridad operacional. (Es similar al SMS pero a nivel continental)<\/div>\n","protected":false},"excerpt":{"rendered":"<p>(Aeronoticias).- La revisi\u00f3n del documento \u201cPropuesta de Enmienda a la legislaci\u00f3n aeron\u00e1utica para proteger las fuentes de informaci\u00f3n\u201d recibi\u00f3 una opini\u00f3n favorable del presidente de la Comisi\u00f3n Interamericana de Juristas Expertos en Derecho A\u00e9reo y Espacial, Juli\u00e1n Palacin Fern\u00e1ndez quien es ex presidente de la Corporaci\u00f3n Peruana de Aeropuertos y Aviaci\u00f3n Comercial CORPAC del Per\u00fa, [&hellip;]<\/p>\n","protected":false},"author":1,"featured_media":0,"comment_status":"open","ping_status":"open","sticky":false,"template":"","format":"standard","meta":{"tdm_status":"","tdm_grid_status":"","footnotes":""},"categories":[30],"tags":[],"class_list":{"0":"post-13715","1":"post","2":"type-post","3":"status-publish","4":"format-standard","6":"category-30"},"yoast_head":"<!-- This site is optimized with the Yoast SEO plugin v25.1 - https:\/\/yoast.com\/wordpress\/plugins\/seo\/ -->\n<title>Apoyan Enmienda a la Legislaci\u00f3n A\u00e9rea para proteger las fuentes de informaci\u00f3n sobre seguridad operacional<\/title>\n<meta name=\"description\" content=\"Portal de noticias del Per\u00fa sobre el transporte a\u00e9reo, aviaci\u00f3n, turismo, hoteleria, actualidad.\" \/>\n<meta name=\"robots\" content=\"index, follow, max-snippet:-1, max-image-preview:large, max-video-preview:-1\" \/>\n<link rel=\"canonical\" href=\"https:\/\/aeronoticias.com.pe\/noticiero\/ultimas\/1\/apoyan-enmienda-a-la-legislacion-aerea-para-proteger-las-fuentes-de-informacion-sobre-seguridad-operacional\/\" \/>\n<meta property=\"og:locale\" content=\"es_ES\" \/>\n<meta property=\"og:type\" content=\"article\" \/>\n<meta property=\"og:title\" content=\"Apoyan Enmienda a la Legislaci\u00f3n A\u00e9rea para proteger las fuentes de informaci\u00f3n sobre seguridad operacional\" \/>\n<meta property=\"og:description\" content=\"Portal de noticias del Per\u00fa sobre el transporte a\u00e9reo, aviaci\u00f3n, turismo, hoteleria, actualidad.\" \/>\n<meta property=\"og:url\" content=\"https:\/\/aeronoticias.com.pe\/noticiero\/ultimas\/1\/apoyan-enmienda-a-la-legislacion-aerea-para-proteger-las-fuentes-de-informacion-sobre-seguridad-operacional\/\" \/>\n<meta property=\"og:site_name\" content=\"Aeronoticias.com.pe\" \/>\n<meta property=\"article:publisher\" content=\"https:\/\/www.facebook.com\/Aeronoticias.com.pe\/\" \/>\n<meta property=\"article:published_time\" content=\"2010-11-05T15:53:40+00:00\" \/>\n<meta name=\"author\" content=\"Redacci\u00f3n Aeronoticias\" \/>\n<meta name=\"twitter:card\" content=\"summary_large_image\" \/>\n<meta name=\"twitter:creator\" content=\"@aeronoticias\" \/>\n<meta name=\"twitter:site\" content=\"@aeronoticias\" \/>\n<meta name=\"twitter:label1\" content=\"Escrito por\" \/>\n\t<meta name=\"twitter:data1\" content=\"Redacci\u00f3n Aeronoticias\" \/>\n\t<meta name=\"twitter:label2\" content=\"Tiempo de lectura\" \/>\n\t<meta name=\"twitter:data2\" content=\"2 minutos\" \/>\n<script type=\"application\/ld+json\" class=\"yoast-schema-graph\">{\"@context\":\"https:\/\/schema.org\",\"@graph\":[{\"@type\":\"WebPage\",\"@id\":\"https:\/\/aeronoticias.com.pe\/noticiero\/ultimas\/1\/apoyan-enmienda-a-la-legislacion-aerea-para-proteger-las-fuentes-de-informacion-sobre-seguridad-operacional\/\",\"url\":\"https:\/\/aeronoticias.com.pe\/noticiero\/ultimas\/1\/apoyan-enmienda-a-la-legislacion-aerea-para-proteger-las-fuentes-de-informacion-sobre-seguridad-operacional\/\",\"name\":\"Apoyan Enmienda a la Legislaci\u00f3n A\u00e9rea para proteger las fuentes de informaci\u00f3n sobre seguridad operacional\",\"isPartOf\":{\"@id\":\"https:\/\/aeronoticias.com.pe\/noticiero\/#website\"},\"datePublished\":\"2010-11-05T15:53:40+00:00\",\"author\":{\"@id\":\"https:\/\/aeronoticias.com.pe\/noticiero\/#\/schema\/person\/fc1e5d578f4b62ba1cf7ac2bba1170a0\"},\"description\":\"Portal de noticias del Per\u00fa sobre el transporte a\u00e9reo, aviaci\u00f3n, turismo, hoteleria, actualidad.\",\"breadcrumb\":{\"@id\":\"https:\/\/aeronoticias.com.pe\/noticiero\/ultimas\/1\/apoyan-enmienda-a-la-legislacion-aerea-para-proteger-las-fuentes-de-informacion-sobre-seguridad-operacional\/#breadcrumb\"},\"inLanguage\":\"es\",\"potentialAction\":[{\"@type\":\"ReadAction\",\"target\":[\"https:\/\/aeronoticias.com.pe\/noticiero\/ultimas\/1\/apoyan-enmienda-a-la-legislacion-aerea-para-proteger-las-fuentes-de-informacion-sobre-seguridad-operacional\/\"]}]},{\"@type\":\"BreadcrumbList\",\"@id\":\"https:\/\/aeronoticias.com.pe\/noticiero\/ultimas\/1\/apoyan-enmienda-a-la-legislacion-aerea-para-proteger-las-fuentes-de-informacion-sobre-seguridad-operacional\/#breadcrumb\",\"itemListElement\":[{\"@type\":\"ListItem\",\"position\":1,\"name\":\"Portada\",\"item\":\"https:\/\/aeronoticias.com.pe\/noticiero\/\"},{\"@type\":\"ListItem\",\"position\":2,\"name\":\"Apoyan Enmienda a la Legislaci\u00f3n A\u00e9rea para proteger las fuentes de informaci\u00f3n sobre seguridad operacional\"}]},{\"@type\":\"WebSite\",\"@id\":\"https:\/\/aeronoticias.com.pe\/noticiero\/#website\",\"url\":\"https:\/\/aeronoticias.com.pe\/noticiero\/\",\"name\":\"Aeronoticias.com.pe\",\"description\":\"Noticias de tranporte aereo, turismo, hoteles, gastronomia, actualidad, internacional\",\"potentialAction\":[{\"@type\":\"SearchAction\",\"target\":{\"@type\":\"EntryPoint\",\"urlTemplate\":\"https:\/\/aeronoticias.com.pe\/noticiero\/?s={search_term_string}\"},\"query-input\":{\"@type\":\"PropertyValueSpecification\",\"valueRequired\":true,\"valueName\":\"search_term_string\"}}],\"inLanguage\":\"es\"},{\"@type\":\"Person\",\"@id\":\"https:\/\/aeronoticias.com.pe\/noticiero\/#\/schema\/person\/fc1e5d578f4b62ba1cf7ac2bba1170a0\",\"name\":\"Redacci\u00f3n Aeronoticias\",\"url\":\"https:\/\/aeronoticias.com.pe\/noticiero\/author\/piloto\/\"}]}<\/script>\n<!-- \/ Yoast SEO plugin. -->","yoast_head_json":{"title":"Apoyan Enmienda a la Legislaci\u00f3n A\u00e9rea para proteger las fuentes de informaci\u00f3n sobre seguridad operacional","description":"Portal de noticias del Per\u00fa sobre el transporte a\u00e9reo, aviaci\u00f3n, turismo, hoteleria, actualidad.","robots":{"index":"index","follow":"follow","max-snippet":"max-snippet:-1","max-image-preview":"max-image-preview:large","max-video-preview":"max-video-preview:-1"},"canonical":"https:\/\/aeronoticias.com.pe\/noticiero\/ultimas\/1\/apoyan-enmienda-a-la-legislacion-aerea-para-proteger-las-fuentes-de-informacion-sobre-seguridad-operacional\/","og_locale":"es_ES","og_type":"article","og_title":"Apoyan Enmienda a la Legislaci\u00f3n A\u00e9rea para proteger las fuentes de informaci\u00f3n sobre seguridad operacional","og_description":"Portal de noticias del Per\u00fa sobre el transporte a\u00e9reo, aviaci\u00f3n, turismo, hoteleria, actualidad.","og_url":"https:\/\/aeronoticias.com.pe\/noticiero\/ultimas\/1\/apoyan-enmienda-a-la-legislacion-aerea-para-proteger-las-fuentes-de-informacion-sobre-seguridad-operacional\/","og_site_name":"Aeronoticias.com.pe","article_publisher":"https:\/\/www.facebook.com\/Aeronoticias.com.pe\/","article_published_time":"2010-11-05T15:53:40+00:00","author":"Redacci\u00f3n Aeronoticias","twitter_card":"summary_large_image","twitter_creator":"@aeronoticias","twitter_site":"@aeronoticias","twitter_misc":{"Escrito por":"Redacci\u00f3n Aeronoticias","Tiempo de lectura":"2 minutos"},"schema":{"@context":"https:\/\/schema.org","@graph":[{"@type":"WebPage","@id":"https:\/\/aeronoticias.com.pe\/noticiero\/ultimas\/1\/apoyan-enmienda-a-la-legislacion-aerea-para-proteger-las-fuentes-de-informacion-sobre-seguridad-operacional\/","url":"https:\/\/aeronoticias.com.pe\/noticiero\/ultimas\/1\/apoyan-enmienda-a-la-legislacion-aerea-para-proteger-las-fuentes-de-informacion-sobre-seguridad-operacional\/","name":"Apoyan Enmienda a la Legislaci\u00f3n A\u00e9rea para proteger las fuentes de informaci\u00f3n sobre seguridad operacional","isPartOf":{"@id":"https:\/\/aeronoticias.com.pe\/noticiero\/#website"},"datePublished":"2010-11-05T15:53:40+00:00","author":{"@id":"https:\/\/aeronoticias.com.pe\/noticiero\/#\/schema\/person\/fc1e5d578f4b62ba1cf7ac2bba1170a0"},"description":"Portal de noticias del Per\u00fa sobre el transporte a\u00e9reo, aviaci\u00f3n, turismo, hoteleria, actualidad.","breadcrumb":{"@id":"https:\/\/aeronoticias.com.pe\/noticiero\/ultimas\/1\/apoyan-enmienda-a-la-legislacion-aerea-para-proteger-las-fuentes-de-informacion-sobre-seguridad-operacional\/#breadcrumb"},"inLanguage":"es","potentialAction":[{"@type":"ReadAction","target":["https:\/\/aeronoticias.com.pe\/noticiero\/ultimas\/1\/apoyan-enmienda-a-la-legislacion-aerea-para-proteger-las-fuentes-de-informacion-sobre-seguridad-operacional\/"]}]},{"@type":"BreadcrumbList","@id":"https:\/\/aeronoticias.com.pe\/noticiero\/ultimas\/1\/apoyan-enmienda-a-la-legislacion-aerea-para-proteger-las-fuentes-de-informacion-sobre-seguridad-operacional\/#breadcrumb","itemListElement":[{"@type":"ListItem","position":1,"name":"Portada","item":"https:\/\/aeronoticias.com.pe\/noticiero\/"},{"@type":"ListItem","position":2,"name":"Apoyan Enmienda a la Legislaci\u00f3n A\u00e9rea para proteger las fuentes de informaci\u00f3n sobre seguridad operacional"}]},{"@type":"WebSite","@id":"https:\/\/aeronoticias.com.pe\/noticiero\/#website","url":"https:\/\/aeronoticias.com.pe\/noticiero\/","name":"Aeronoticias.com.pe","description":"Noticias de tranporte aereo, turismo, hoteles, gastronomia, actualidad, internacional","potentialAction":[{"@type":"SearchAction","target":{"@type":"EntryPoint","urlTemplate":"https:\/\/aeronoticias.com.pe\/noticiero\/?s={search_term_string}"},"query-input":{"@type":"PropertyValueSpecification","valueRequired":true,"valueName":"search_term_string"}}],"inLanguage":"es"},{"@type":"Person","@id":"https:\/\/aeronoticias.com.pe\/noticiero\/#\/schema\/person\/fc1e5d578f4b62ba1cf7ac2bba1170a0","name":"Redacci\u00f3n Aeronoticias","url":"https:\/\/aeronoticias.com.pe\/noticiero\/author\/piloto\/"}]}},"_links":{"self":[{"href":"https:\/\/aeronoticias.com.pe\/noticiero\/wp-json\/wp\/v2\/posts\/13715","targetHints":{"allow":["GET"]}}],"collection":[{"href":"https:\/\/aeronoticias.com.pe\/noticiero\/wp-json\/wp\/v2\/posts"}],"about":[{"href":"https:\/\/aeronoticias.com.pe\/noticiero\/wp-json\/wp\/v2\/types\/post"}],"author":[{"embeddable":true,"href":"https:\/\/aeronoticias.com.pe\/noticiero\/wp-json\/wp\/v2\/users\/1"}],"replies":[{"embeddable":true,"href":"https:\/\/aeronoticias.com.pe\/noticiero\/wp-json\/wp\/v2\/comments?post=13715"}],"version-history":[{"count":0,"href":"https:\/\/aeronoticias.com.pe\/noticiero\/wp-json\/wp\/v2\/posts\/13715\/revisions"}],"wp:attachment":[{"href":"https:\/\/aeronoticias.com.pe\/noticiero\/wp-json\/wp\/v2\/media?parent=13715"}],"wp:term":[{"taxonomy":"category","embeddable":true,"href":"https:\/\/aeronoticias.com.pe\/noticiero\/wp-json\/wp\/v2\/categories?post=13715"},{"taxonomy":"post_tag","embeddable":true,"href":"https:\/\/aeronoticias.com.pe\/noticiero\/wp-json\/wp\/v2\/tags?post=13715"}],"curies":[{"name":"wp","href":"https:\/\/api.w.org\/{rel}","templated":true}]}}