{"id":13716,"date":"2010-11-05T16:56:22","date_gmt":"2010-11-05T16:56:22","guid":{"rendered":"http:\/\/desarrollo.mcvicious.com\/aero2020\/2010\/11\/05\/vuelos-transfronterizos-entre-peru-y-ecuador-aumentara-la-llegada-de-turistas\/"},"modified":"2010-11-05T16:56:22","modified_gmt":"2010-11-05T16:56:22","slug":"vuelos-transfronterizos-entre-peru-y-ecuador-aumentara-la-llegada-de-turistas","status":"publish","type":"post","link":"https:\/\/aeronoticias.com.pe\/noticiero\/turismo\/13\/vuelos-transfronterizos-entre-peru-y-ecuador-aumentara-la-llegada-de-turistas\/","title":{"rendered":"Vuelos transfronterizos entre Per\u00fa y Ecuador aumentar\u00e1 la llegada de turistas"},"content":{"rendered":"<div>\n<div style=\"text-align: justify\"><strong>(Aeronoticias).- <\/strong>Gracias a los convenios \u00a0de integraci\u00f3n transfronterizos suscritos entre Per\u00fa y Ecuador, el n\u00famero de turistas ecuatorianos que ingresen a nuestro pa\u00eds anualmente aumentar\u00eda a 240 mil en dos a\u00f1os, seg\u00fan afirm\u00f3 el embajador de Ecuador en Lima, Diego Ribadeneira.<\/div>\n<div style=\"text-align: justify\"><\/div>\n<\/div>\n<div>\n<div style=\"text-align: justify\">\u201cAnualmente son unos 160 mil turistas peruanos que van a Ecuador y unos 120 mil ecuatorianos que ingresan a Per\u00fa. Sin embargo, con la mayor integraci\u00f3n que han emprendido ambos gobiernos, estas cifras se pueden duplicar tranquilamente en dos a\u00f1os\u201d, se\u00f1al\u00f3 a la agencia Andina.<\/div>\n<div style=\"text-align: justify\"><\/div>\n<\/div>\n<div>\n<div style=\"text-align: justify\">Estas declaraciones las realiz\u00f3 luego que el embajador participar\u00e1 del primer vuelo que realiz\u00f3 la aerol\u00ednea Star Per\u00fa entre las ciudades de Chiclayo (Per\u00fa) \u2013 Cuenca (Ecuador). Agreg\u00f3 que la apertura de estas rutas es una muestra m\u00e1s de la integraci\u00f3n de los pueblos y que adem\u00e1s, impulsar\u00e1 las alianzas comerciales y tur\u00edsticas, especialmente en la parte norte de Per\u00fa y sur de Ecuador.<\/div>\n<div style=\"text-align: justify\"><\/div>\n<\/div>\n<div>\n<div style=\"text-align: justify\">\u201cEsta es la cosecha de la paz entre Per\u00fa y Ecuador, los presidentes Alan Garc\u00eda y Rafael Correa, respectivamente, est\u00e1n trabajando intensamente en la integraci\u00f3n bilateral y, en ese sentido, tuvieron reuniones bilaterales y con sus ministros de Estado por cuarto a\u00f1o consecutivo\u201d, afirm\u00f3.<\/div>\n<div style=\"text-align: justify\"><\/div>\n<div style=\"text-align: justify\">\n<div style=\"text-align: center\"><img decoding=\"async\" src=\"images\/stories\/10\/07\/120710\/saereo.jpg\" border=\"0\" alt=\"Vuelos transfronterizos entre Per\u00fa y Ecuador aumentar\u00e1 la llegada de turistas \" title=\"Vuelos transfronterizos entre Per\u00fa y Ecuador aumentar\u00e1 la llegada de turistas \" \/><\/div>\n<\/div>\n<div style=\"text-align: justify\"><\/div>\n<\/div>\n<div>\n<div style=\"text-align: justify\"><strong>M\u00e1s informaci\u00f3n<\/strong><\/div>\n<div style=\"text-align: justify\"><\/div>\n<\/div>\n<div style=\"text-align: justify\">\u00a0El embajador a\u00f1adi\u00f3 que estos vuelos permitir\u00e1n a los ecuatorianos conocer las paradis\u00edacas playas del norte peruano, mientras que los peruanos visitar\u00e1n con mayor frecuencia Guayaquil y las islas Gal\u00e1pagos en el Ecuador.<\/div>\n<div><\/div>\n","protected":false},"excerpt":{"rendered":"<p>(Aeronoticias).- Gracias a los convenios \u00a0de integraci\u00f3n transfronterizos suscritos entre Per\u00fa y Ecuador, el n\u00famero de turistas ecuatorianos que ingresen a nuestro pa\u00eds anualmente aumentar\u00eda a 240 mil en dos a\u00f1os, seg\u00fan afirm\u00f3 el embajador de Ecuador en Lima, Diego Ribadeneira. \u201cAnualmente son unos 160 mil turistas peruanos que van a Ecuador y unos 120 [&hellip;]<\/p>\n","protected":false},"author":1,"featured_media":0,"comment_status":"open","ping_status":"open","sticky":false,"template":"","format":"standard","meta":{"tdm_status":"","tdm_grid_status":"","footnotes":""},"categories":[31],"tags":[],"class_list":{"0":"post-13716","1":"post","2":"type-post","3":"status-publish","4":"format-standard","6":"category-31"},"yoast_head":"<!-- This site is optimized with the Yoast SEO plugin v25.1 - https:\/\/yoast.com\/wordpress\/plugins\/seo\/ -->\n<title>Vuelos transfronterizos entre Per\u00fa y Ecuador aumentar\u00e1 la llegada de turistas<\/title>\n<meta name=\"description\" content=\"Portal de noticias del Per\u00fa sobre el transporte a\u00e9reo, aviaci\u00f3n, turismo, hoteleria, actualidad.\" \/>\n<meta name=\"robots\" content=\"index, follow, max-snippet:-1, max-image-preview:large, max-video-preview:-1\" \/>\n<link rel=\"canonical\" href=\"https:\/\/aeronoticias.com.pe\/noticiero\/turismo\/13\/vuelos-transfronterizos-entre-peru-y-ecuador-aumentara-la-llegada-de-turistas\/\" \/>\n<meta property=\"og:locale\" content=\"es_ES\" \/>\n<meta property=\"og:type\" content=\"article\" \/>\n<meta property=\"og:title\" content=\"Vuelos transfronterizos entre Per\u00fa y Ecuador aumentar\u00e1 la llegada de turistas\" \/>\n<meta property=\"og:description\" content=\"Portal de noticias del Per\u00fa sobre el transporte a\u00e9reo, aviaci\u00f3n, turismo, hoteleria, actualidad.\" \/>\n<meta property=\"og:url\" content=\"https:\/\/aeronoticias.com.pe\/noticiero\/turismo\/13\/vuelos-transfronterizos-entre-peru-y-ecuador-aumentara-la-llegada-de-turistas\/\" \/>\n<meta property=\"og:site_name\" content=\"Aeronoticias.com.pe\" \/>\n<meta property=\"article:publisher\" content=\"https:\/\/www.facebook.com\/Aeronoticias.com.pe\/\" \/>\n<meta property=\"article:published_time\" content=\"2010-11-05T16:56:22+00:00\" \/>\n<meta name=\"author\" content=\"Redacci\u00f3n Aeronoticias\" \/>\n<meta name=\"twitter:card\" content=\"summary_large_image\" \/>\n<meta name=\"twitter:creator\" content=\"@aeronoticias\" \/>\n<meta name=\"twitter:site\" content=\"@aeronoticias\" \/>\n<meta name=\"twitter:label1\" content=\"Escrito por\" \/>\n\t<meta name=\"twitter:data1\" content=\"Redacci\u00f3n Aeronoticias\" \/>\n\t<meta name=\"twitter:label2\" content=\"Tiempo de lectura\" \/>\n\t<meta name=\"twitter:data2\" content=\"1 minuto\" \/>\n<script type=\"application\/ld+json\" class=\"yoast-schema-graph\">{\"@context\":\"https:\/\/schema.org\",\"@graph\":[{\"@type\":\"WebPage\",\"@id\":\"https:\/\/aeronoticias.com.pe\/noticiero\/turismo\/13\/vuelos-transfronterizos-entre-peru-y-ecuador-aumentara-la-llegada-de-turistas\/\",\"url\":\"https:\/\/aeronoticias.com.pe\/noticiero\/turismo\/13\/vuelos-transfronterizos-entre-peru-y-ecuador-aumentara-la-llegada-de-turistas\/\",\"name\":\"Vuelos transfronterizos entre Per\u00fa y Ecuador aumentar\u00e1 la llegada de turistas\",\"isPartOf\":{\"@id\":\"https:\/\/aeronoticias.com.pe\/noticiero\/#website\"},\"datePublished\":\"2010-11-05T16:56:22+00:00\",\"author\":{\"@id\":\"https:\/\/aeronoticias.com.pe\/noticiero\/#\/schema\/person\/fc1e5d578f4b62ba1cf7ac2bba1170a0\"},\"description\":\"Portal de noticias del Per\u00fa sobre el transporte a\u00e9reo, aviaci\u00f3n, turismo, hoteleria, actualidad.\",\"breadcrumb\":{\"@id\":\"https:\/\/aeronoticias.com.pe\/noticiero\/turismo\/13\/vuelos-transfronterizos-entre-peru-y-ecuador-aumentara-la-llegada-de-turistas\/#breadcrumb\"},\"inLanguage\":\"es\",\"potentialAction\":[{\"@type\":\"ReadAction\",\"target\":[\"https:\/\/aeronoticias.com.pe\/noticiero\/turismo\/13\/vuelos-transfronterizos-entre-peru-y-ecuador-aumentara-la-llegada-de-turistas\/\"]}]},{\"@type\":\"BreadcrumbList\",\"@id\":\"https:\/\/aeronoticias.com.pe\/noticiero\/turismo\/13\/vuelos-transfronterizos-entre-peru-y-ecuador-aumentara-la-llegada-de-turistas\/#breadcrumb\",\"itemListElement\":[{\"@type\":\"ListItem\",\"position\":1,\"name\":\"Portada\",\"item\":\"https:\/\/aeronoticias.com.pe\/noticiero\/\"},{\"@type\":\"ListItem\",\"position\":2,\"name\":\"Vuelos transfronterizos entre Per\u00fa y Ecuador aumentar\u00e1 la llegada de turistas\"}]},{\"@type\":\"WebSite\",\"@id\":\"https:\/\/aeronoticias.com.pe\/noticiero\/#website\",\"url\":\"https:\/\/aeronoticias.com.pe\/noticiero\/\",\"name\":\"Aeronoticias.com.pe\",\"description\":\"Noticias de tranporte aereo, turismo, hoteles, gastronomia, actualidad, internacional\",\"potentialAction\":[{\"@type\":\"SearchAction\",\"target\":{\"@type\":\"EntryPoint\",\"urlTemplate\":\"https:\/\/aeronoticias.com.pe\/noticiero\/?s={search_term_string}\"},\"query-input\":{\"@type\":\"PropertyValueSpecification\",\"valueRequired\":true,\"valueName\":\"search_term_string\"}}],\"inLanguage\":\"es\"},{\"@type\":\"Person\",\"@id\":\"https:\/\/aeronoticias.com.pe\/noticiero\/#\/schema\/person\/fc1e5d578f4b62ba1cf7ac2bba1170a0\",\"name\":\"Redacci\u00f3n Aeronoticias\",\"url\":\"https:\/\/aeronoticias.com.pe\/noticiero\/author\/piloto\/\"}]}<\/script>\n<!-- \/ Yoast SEO plugin. -->","yoast_head_json":{"title":"Vuelos transfronterizos entre Per\u00fa y Ecuador aumentar\u00e1 la llegada de turistas","description":"Portal de noticias del Per\u00fa sobre el transporte a\u00e9reo, aviaci\u00f3n, turismo, hoteleria, actualidad.","robots":{"index":"index","follow":"follow","max-snippet":"max-snippet:-1","max-image-preview":"max-image-preview:large","max-video-preview":"max-video-preview:-1"},"canonical":"https:\/\/aeronoticias.com.pe\/noticiero\/turismo\/13\/vuelos-transfronterizos-entre-peru-y-ecuador-aumentara-la-llegada-de-turistas\/","og_locale":"es_ES","og_type":"article","og_title":"Vuelos transfronterizos entre Per\u00fa y Ecuador aumentar\u00e1 la llegada de turistas","og_description":"Portal de noticias del Per\u00fa sobre el transporte a\u00e9reo, aviaci\u00f3n, turismo, hoteleria, actualidad.","og_url":"https:\/\/aeronoticias.com.pe\/noticiero\/turismo\/13\/vuelos-transfronterizos-entre-peru-y-ecuador-aumentara-la-llegada-de-turistas\/","og_site_name":"Aeronoticias.com.pe","article_publisher":"https:\/\/www.facebook.com\/Aeronoticias.com.pe\/","article_published_time":"2010-11-05T16:56:22+00:00","author":"Redacci\u00f3n Aeronoticias","twitter_card":"summary_large_image","twitter_creator":"@aeronoticias","twitter_site":"@aeronoticias","twitter_misc":{"Escrito por":"Redacci\u00f3n Aeronoticias","Tiempo de lectura":"1 minuto"},"schema":{"@context":"https:\/\/schema.org","@graph":[{"@type":"WebPage","@id":"https:\/\/aeronoticias.com.pe\/noticiero\/turismo\/13\/vuelos-transfronterizos-entre-peru-y-ecuador-aumentara-la-llegada-de-turistas\/","url":"https:\/\/aeronoticias.com.pe\/noticiero\/turismo\/13\/vuelos-transfronterizos-entre-peru-y-ecuador-aumentara-la-llegada-de-turistas\/","name":"Vuelos transfronterizos entre Per\u00fa y Ecuador aumentar\u00e1 la llegada de turistas","isPartOf":{"@id":"https:\/\/aeronoticias.com.pe\/noticiero\/#website"},"datePublished":"2010-11-05T16:56:22+00:00","author":{"@id":"https:\/\/aeronoticias.com.pe\/noticiero\/#\/schema\/person\/fc1e5d578f4b62ba1cf7ac2bba1170a0"},"description":"Portal de noticias del Per\u00fa sobre el transporte a\u00e9reo, aviaci\u00f3n, turismo, hoteleria, actualidad.","breadcrumb":{"@id":"https:\/\/aeronoticias.com.pe\/noticiero\/turismo\/13\/vuelos-transfronterizos-entre-peru-y-ecuador-aumentara-la-llegada-de-turistas\/#breadcrumb"},"inLanguage":"es","potentialAction":[{"@type":"ReadAction","target":["https:\/\/aeronoticias.com.pe\/noticiero\/turismo\/13\/vuelos-transfronterizos-entre-peru-y-ecuador-aumentara-la-llegada-de-turistas\/"]}]},{"@type":"BreadcrumbList","@id":"https:\/\/aeronoticias.com.pe\/noticiero\/turismo\/13\/vuelos-transfronterizos-entre-peru-y-ecuador-aumentara-la-llegada-de-turistas\/#breadcrumb","itemListElement":[{"@type":"ListItem","position":1,"name":"Portada","item":"https:\/\/aeronoticias.com.pe\/noticiero\/"},{"@type":"ListItem","position":2,"name":"Vuelos transfronterizos entre Per\u00fa y Ecuador aumentar\u00e1 la llegada de turistas"}]},{"@type":"WebSite","@id":"https:\/\/aeronoticias.com.pe\/noticiero\/#website","url":"https:\/\/aeronoticias.com.pe\/noticiero\/","name":"Aeronoticias.com.pe","description":"Noticias de tranporte aereo, turismo, hoteles, gastronomia, actualidad, internacional","potentialAction":[{"@type":"SearchAction","target":{"@type":"EntryPoint","urlTemplate":"https:\/\/aeronoticias.com.pe\/noticiero\/?s={search_term_string}"},"query-input":{"@type":"PropertyValueSpecification","valueRequired":true,"valueName":"search_term_string"}}],"inLanguage":"es"},{"@type":"Person","@id":"https:\/\/aeronoticias.com.pe\/noticiero\/#\/schema\/person\/fc1e5d578f4b62ba1cf7ac2bba1170a0","name":"Redacci\u00f3n Aeronoticias","url":"https:\/\/aeronoticias.com.pe\/noticiero\/author\/piloto\/"}]}},"_links":{"self":[{"href":"https:\/\/aeronoticias.com.pe\/noticiero\/wp-json\/wp\/v2\/posts\/13716","targetHints":{"allow":["GET"]}}],"collection":[{"href":"https:\/\/aeronoticias.com.pe\/noticiero\/wp-json\/wp\/v2\/posts"}],"about":[{"href":"https:\/\/aeronoticias.com.pe\/noticiero\/wp-json\/wp\/v2\/types\/post"}],"author":[{"embeddable":true,"href":"https:\/\/aeronoticias.com.pe\/noticiero\/wp-json\/wp\/v2\/users\/1"}],"replies":[{"embeddable":true,"href":"https:\/\/aeronoticias.com.pe\/noticiero\/wp-json\/wp\/v2\/comments?post=13716"}],"version-history":[{"count":0,"href":"https:\/\/aeronoticias.com.pe\/noticiero\/wp-json\/wp\/v2\/posts\/13716\/revisions"}],"wp:attachment":[{"href":"https:\/\/aeronoticias.com.pe\/noticiero\/wp-json\/wp\/v2\/media?parent=13716"}],"wp:term":[{"taxonomy":"category","embeddable":true,"href":"https:\/\/aeronoticias.com.pe\/noticiero\/wp-json\/wp\/v2\/categories?post=13716"},{"taxonomy":"post_tag","embeddable":true,"href":"https:\/\/aeronoticias.com.pe\/noticiero\/wp-json\/wp\/v2\/tags?post=13716"}],"curies":[{"name":"wp","href":"https:\/\/api.w.org\/{rel}","templated":true}]}}