{"id":14313,"date":"2010-12-08T16:56:52","date_gmt":"2010-12-08T16:56:52","guid":{"rendered":"http:\/\/desarrollo.mcvicious.com\/aero2020\/2010\/12\/08\/aeropuertos-de-paris-cerrados-por-intensas-nevadas\/"},"modified":"2010-12-08T16:56:52","modified_gmt":"2010-12-08T16:56:52","slug":"aeropuertos-de-paris-cerrados-por-intensas-nevadas","status":"publish","type":"post","link":"https:\/\/aeronoticias.com.pe\/noticiero\/internacionales\/aeropuertos-de-paris-cerrados-por-intensas-nevadas\/","title":{"rendered":"Aeropuertos de Par\u00eds cerrados por intensas nevadas"},"content":{"rendered":"<div>\n<div style=\"text-align: justify\"><strong>(Aeronoticias).- <\/strong>Los dos aeropuertos de Par\u00eds, en Francia, as\u00ed como una de sus principales atracciones tur\u00edsticas, la Torre Eiffel, cerraron a causa de las intensas nevadas que cayeron en el continente europeo.<\/div>\n<div style=\"text-align: justify\"><\/div>\n<\/div>\n<div>\n<div style=\"text-align: justify\">Los pasajeros que cuenten con vuelos en los aeropuertos de Rossy-Charles de Gaulle y Orly deben prever retrasos, seg\u00fan inform\u00f3 Aeropuertos de Par\u00eds.Asimismo los visitantes que quieran entrar al monumento m\u00e1s emblem\u00e1tico de Par\u00eds, la Torre Eiffel, deber\u00e1n esperar a otra ocasi\u00f3n, seg\u00fan dijo la sociedad que lo gestiona.<\/div>\n<div style=\"text-align: justify\"><\/p>\n<div style=\"text-align: center\"><img decoding=\"async\" src=\"images\/stories\/10\/12\/081210\/nieve.jpg\" border=\"0\" alt=\"Aeropuertos de Par\u00eds cerrados por intensas nevadas\" title=\"Aeropuertos de Par\u00eds cerrados por intensas nevadas\" \/><\/div>\n<p><\/div>\n<\/div>\n<div>\n<div style=\"text-align: justify\">El tr\u00e1nsito vehicular tambi\u00e9n se ha visto afectado. Las autopistas est\u00e1n colapsadas por lo que las autoridades locales prohibieron que camiones y autobuses transiten por ellas.<\/div>\n<div style=\"text-align: justify\"><\/div>\n<\/div>\n<div style=\"text-align: justify\">Las fuertes nevadas iniciaron al mediod\u00eda de este mi\u00e9rcoles en Par\u00eds y, de acuerdo con los servicios meteorol\u00f3gicos locales, continuar\u00e1n a lo largo del d\u00eda.<\/div>\n<div><\/div>\n","protected":false},"excerpt":{"rendered":"<p>(Aeronoticias).- Los dos aeropuertos de Par\u00eds, en Francia, as\u00ed como una de sus principales atracciones tur\u00edsticas, la Torre Eiffel, cerraron a causa de las intensas nevadas que cayeron en el continente europeo. Los pasajeros que cuenten con vuelos en los aeropuertos de Rossy-Charles de Gaulle y Orly deben prever retrasos, seg\u00fan inform\u00f3 Aeropuertos de Par\u00eds.Asimismo [&hellip;]<\/p>\n","protected":false},"author":1,"featured_media":0,"comment_status":"open","ping_status":"open","sticky":false,"template":"","format":"standard","meta":{"tdm_status":"","tdm_grid_status":"","footnotes":""},"categories":[34],"tags":[],"class_list":{"0":"post-14313","1":"post","2":"type-post","3":"status-publish","4":"format-standard","6":"category-internacionales"},"yoast_head":"<!-- This site is optimized with the Yoast SEO plugin v25.1 - https:\/\/yoast.com\/wordpress\/plugins\/seo\/ -->\n<title>Aeropuertos de Par\u00eds cerrados por intensas nevadas<\/title>\n<meta name=\"description\" content=\"Portal de noticias del Per\u00fa sobre el transporte a\u00e9reo, aviaci\u00f3n, turismo, hoteleria, actualidad.\" \/>\n<meta name=\"robots\" content=\"index, follow, max-snippet:-1, max-image-preview:large, max-video-preview:-1\" \/>\n<link rel=\"canonical\" href=\"https:\/\/aeronoticias.com.pe\/noticiero\/internacionales\/aeropuertos-de-paris-cerrados-por-intensas-nevadas\/\" \/>\n<meta property=\"og:locale\" content=\"es_ES\" \/>\n<meta property=\"og:type\" content=\"article\" \/>\n<meta property=\"og:title\" content=\"Aeropuertos de Par\u00eds cerrados por intensas nevadas\" \/>\n<meta property=\"og:description\" content=\"Portal de noticias del Per\u00fa sobre el transporte a\u00e9reo, aviaci\u00f3n, turismo, hoteleria, actualidad.\" \/>\n<meta property=\"og:url\" content=\"https:\/\/aeronoticias.com.pe\/noticiero\/internacionales\/aeropuertos-de-paris-cerrados-por-intensas-nevadas\/\" \/>\n<meta property=\"og:site_name\" content=\"Aeronoticias.com.pe\" \/>\n<meta property=\"article:publisher\" content=\"https:\/\/www.facebook.com\/Aeronoticias.com.pe\/\" \/>\n<meta property=\"article:published_time\" content=\"2010-12-08T16:56:52+00:00\" \/>\n<meta name=\"author\" content=\"Redacci\u00f3n Aeronoticias\" \/>\n<meta name=\"twitter:card\" content=\"summary_large_image\" \/>\n<meta name=\"twitter:creator\" content=\"@aeronoticias\" \/>\n<meta name=\"twitter:site\" content=\"@aeronoticias\" \/>\n<meta name=\"twitter:label1\" content=\"Escrito por\" \/>\n\t<meta name=\"twitter:data1\" content=\"Redacci\u00f3n Aeronoticias\" \/>\n\t<meta name=\"twitter:label2\" content=\"Tiempo de lectura\" \/>\n\t<meta name=\"twitter:data2\" content=\"1 minuto\" \/>\n<script type=\"application\/ld+json\" class=\"yoast-schema-graph\">{\"@context\":\"https:\/\/schema.org\",\"@graph\":[{\"@type\":\"WebPage\",\"@id\":\"https:\/\/aeronoticias.com.pe\/noticiero\/internacionales\/aeropuertos-de-paris-cerrados-por-intensas-nevadas\/\",\"url\":\"https:\/\/aeronoticias.com.pe\/noticiero\/internacionales\/aeropuertos-de-paris-cerrados-por-intensas-nevadas\/\",\"name\":\"Aeropuertos de Par\u00eds cerrados por intensas nevadas\",\"isPartOf\":{\"@id\":\"https:\/\/aeronoticias.com.pe\/noticiero\/#website\"},\"datePublished\":\"2010-12-08T16:56:52+00:00\",\"author\":{\"@id\":\"https:\/\/aeronoticias.com.pe\/noticiero\/#\/schema\/person\/fc1e5d578f4b62ba1cf7ac2bba1170a0\"},\"description\":\"Portal de noticias del Per\u00fa sobre el transporte a\u00e9reo, aviaci\u00f3n, turismo, hoteleria, actualidad.\",\"breadcrumb\":{\"@id\":\"https:\/\/aeronoticias.com.pe\/noticiero\/internacionales\/aeropuertos-de-paris-cerrados-por-intensas-nevadas\/#breadcrumb\"},\"inLanguage\":\"es\",\"potentialAction\":[{\"@type\":\"ReadAction\",\"target\":[\"https:\/\/aeronoticias.com.pe\/noticiero\/internacionales\/aeropuertos-de-paris-cerrados-por-intensas-nevadas\/\"]}]},{\"@type\":\"BreadcrumbList\",\"@id\":\"https:\/\/aeronoticias.com.pe\/noticiero\/internacionales\/aeropuertos-de-paris-cerrados-por-intensas-nevadas\/#breadcrumb\",\"itemListElement\":[{\"@type\":\"ListItem\",\"position\":1,\"name\":\"Portada\",\"item\":\"https:\/\/aeronoticias.com.pe\/noticiero\/\"},{\"@type\":\"ListItem\",\"position\":2,\"name\":\"Aeropuertos de Par\u00eds cerrados por intensas nevadas\"}]},{\"@type\":\"WebSite\",\"@id\":\"https:\/\/aeronoticias.com.pe\/noticiero\/#website\",\"url\":\"https:\/\/aeronoticias.com.pe\/noticiero\/\",\"name\":\"Aeronoticias.com.pe\",\"description\":\"Noticias de tranporte aereo, turismo, hoteles, gastronomia, actualidad, internacional\",\"potentialAction\":[{\"@type\":\"SearchAction\",\"target\":{\"@type\":\"EntryPoint\",\"urlTemplate\":\"https:\/\/aeronoticias.com.pe\/noticiero\/?s={search_term_string}\"},\"query-input\":{\"@type\":\"PropertyValueSpecification\",\"valueRequired\":true,\"valueName\":\"search_term_string\"}}],\"inLanguage\":\"es\"},{\"@type\":\"Person\",\"@id\":\"https:\/\/aeronoticias.com.pe\/noticiero\/#\/schema\/person\/fc1e5d578f4b62ba1cf7ac2bba1170a0\",\"name\":\"Redacci\u00f3n Aeronoticias\",\"url\":\"https:\/\/aeronoticias.com.pe\/noticiero\/author\/piloto\/\"}]}<\/script>\n<!-- \/ Yoast SEO plugin. -->","yoast_head_json":{"title":"Aeropuertos de Par\u00eds cerrados por intensas nevadas","description":"Portal de noticias del Per\u00fa sobre el transporte a\u00e9reo, aviaci\u00f3n, turismo, hoteleria, actualidad.","robots":{"index":"index","follow":"follow","max-snippet":"max-snippet:-1","max-image-preview":"max-image-preview:large","max-video-preview":"max-video-preview:-1"},"canonical":"https:\/\/aeronoticias.com.pe\/noticiero\/internacionales\/aeropuertos-de-paris-cerrados-por-intensas-nevadas\/","og_locale":"es_ES","og_type":"article","og_title":"Aeropuertos de Par\u00eds cerrados por intensas nevadas","og_description":"Portal de noticias del Per\u00fa sobre el transporte a\u00e9reo, aviaci\u00f3n, turismo, hoteleria, actualidad.","og_url":"https:\/\/aeronoticias.com.pe\/noticiero\/internacionales\/aeropuertos-de-paris-cerrados-por-intensas-nevadas\/","og_site_name":"Aeronoticias.com.pe","article_publisher":"https:\/\/www.facebook.com\/Aeronoticias.com.pe\/","article_published_time":"2010-12-08T16:56:52+00:00","author":"Redacci\u00f3n Aeronoticias","twitter_card":"summary_large_image","twitter_creator":"@aeronoticias","twitter_site":"@aeronoticias","twitter_misc":{"Escrito por":"Redacci\u00f3n Aeronoticias","Tiempo de lectura":"1 minuto"},"schema":{"@context":"https:\/\/schema.org","@graph":[{"@type":"WebPage","@id":"https:\/\/aeronoticias.com.pe\/noticiero\/internacionales\/aeropuertos-de-paris-cerrados-por-intensas-nevadas\/","url":"https:\/\/aeronoticias.com.pe\/noticiero\/internacionales\/aeropuertos-de-paris-cerrados-por-intensas-nevadas\/","name":"Aeropuertos de Par\u00eds cerrados por intensas nevadas","isPartOf":{"@id":"https:\/\/aeronoticias.com.pe\/noticiero\/#website"},"datePublished":"2010-12-08T16:56:52+00:00","author":{"@id":"https:\/\/aeronoticias.com.pe\/noticiero\/#\/schema\/person\/fc1e5d578f4b62ba1cf7ac2bba1170a0"},"description":"Portal de noticias del Per\u00fa sobre el transporte a\u00e9reo, aviaci\u00f3n, turismo, hoteleria, actualidad.","breadcrumb":{"@id":"https:\/\/aeronoticias.com.pe\/noticiero\/internacionales\/aeropuertos-de-paris-cerrados-por-intensas-nevadas\/#breadcrumb"},"inLanguage":"es","potentialAction":[{"@type":"ReadAction","target":["https:\/\/aeronoticias.com.pe\/noticiero\/internacionales\/aeropuertos-de-paris-cerrados-por-intensas-nevadas\/"]}]},{"@type":"BreadcrumbList","@id":"https:\/\/aeronoticias.com.pe\/noticiero\/internacionales\/aeropuertos-de-paris-cerrados-por-intensas-nevadas\/#breadcrumb","itemListElement":[{"@type":"ListItem","position":1,"name":"Portada","item":"https:\/\/aeronoticias.com.pe\/noticiero\/"},{"@type":"ListItem","position":2,"name":"Aeropuertos de Par\u00eds cerrados por intensas nevadas"}]},{"@type":"WebSite","@id":"https:\/\/aeronoticias.com.pe\/noticiero\/#website","url":"https:\/\/aeronoticias.com.pe\/noticiero\/","name":"Aeronoticias.com.pe","description":"Noticias de tranporte aereo, turismo, hoteles, gastronomia, actualidad, internacional","potentialAction":[{"@type":"SearchAction","target":{"@type":"EntryPoint","urlTemplate":"https:\/\/aeronoticias.com.pe\/noticiero\/?s={search_term_string}"},"query-input":{"@type":"PropertyValueSpecification","valueRequired":true,"valueName":"search_term_string"}}],"inLanguage":"es"},{"@type":"Person","@id":"https:\/\/aeronoticias.com.pe\/noticiero\/#\/schema\/person\/fc1e5d578f4b62ba1cf7ac2bba1170a0","name":"Redacci\u00f3n Aeronoticias","url":"https:\/\/aeronoticias.com.pe\/noticiero\/author\/piloto\/"}]}},"_links":{"self":[{"href":"https:\/\/aeronoticias.com.pe\/noticiero\/wp-json\/wp\/v2\/posts\/14313","targetHints":{"allow":["GET"]}}],"collection":[{"href":"https:\/\/aeronoticias.com.pe\/noticiero\/wp-json\/wp\/v2\/posts"}],"about":[{"href":"https:\/\/aeronoticias.com.pe\/noticiero\/wp-json\/wp\/v2\/types\/post"}],"author":[{"embeddable":true,"href":"https:\/\/aeronoticias.com.pe\/noticiero\/wp-json\/wp\/v2\/users\/1"}],"replies":[{"embeddable":true,"href":"https:\/\/aeronoticias.com.pe\/noticiero\/wp-json\/wp\/v2\/comments?post=14313"}],"version-history":[{"count":0,"href":"https:\/\/aeronoticias.com.pe\/noticiero\/wp-json\/wp\/v2\/posts\/14313\/revisions"}],"wp:attachment":[{"href":"https:\/\/aeronoticias.com.pe\/noticiero\/wp-json\/wp\/v2\/media?parent=14313"}],"wp:term":[{"taxonomy":"category","embeddable":true,"href":"https:\/\/aeronoticias.com.pe\/noticiero\/wp-json\/wp\/v2\/categories?post=14313"},{"taxonomy":"post_tag","embeddable":true,"href":"https:\/\/aeronoticias.com.pe\/noticiero\/wp-json\/wp\/v2\/tags?post=14313"}],"curies":[{"name":"wp","href":"https:\/\/api.w.org\/{rel}","templated":true}]}}