{"id":15066,"date":"2011-01-21T22:16:11","date_gmt":"2011-01-21T22:16:11","guid":{"rendered":"http:\/\/desarrollo.mcvicious.com\/aero2020\/2011\/01\/21\/mistura-durara-11-dias-y-se-abrira-sus-puertas-el-8-de-setiembre\/"},"modified":"2011-01-21T22:16:11","modified_gmt":"2011-01-21T22:16:11","slug":"mistura-durara-11-dias-y-se-abrira-sus-puertas-el-8-de-setiembre","status":"publish","type":"post","link":"https:\/\/aeronoticias.com.pe\/noticiero\/turismo\/13\/mistura-durara-11-dias-y-se-abrira-sus-puertas-el-8-de-setiembre\/","title":{"rendered":"Mistura durar\u00e1 11 d\u00edas y se abrir\u00e1 sus puertas el 8 de setiembre"},"content":{"rendered":"<div>\n<div style=\"text-align: justify\"><strong>(Aeronoticias).-<\/strong> La reconocida Feria Gastron\u00f3mica Internacional de Lima, Mistura, ser\u00e1 inaugurada el 8 de setiembre en el parque de la Exposici\u00f3n y durar\u00e1 11 d\u00edas, cinco m\u00e1s que el a\u00f1o pasado, seg\u00fan anunci\u00f3 la Sociedad Peruana de Gastronom\u00eda (Apega).<\/div>\n<div style=\"text-align: justify\"><\/div>\n<\/div>\n<div>\n<div style=\"text-align: justify\">Si bien la inauguraci\u00f3n ser\u00e1 el jueves 8, fecha en la que se recibir\u00e1n a invitados especiales, el p\u00fablico podr\u00e1 ingresar del viernes 9 al domingo 18, tiempo durante el cual se espera recibir a alrededor de 300 mil personas.<\/div>\n<div style=\"text-align: justify\"><\/div>\n<\/div>\n<div>\n<div style=\"text-align: justify\">La organizaci\u00f3n de la feria estar\u00e1 a cargo de un comit\u00e9 conformado por Mitsuharu Tsumura (gerente de Contenidos), Pedro C\u00f3rdova (gerente de Operaciones), Gast\u00f3n Acurio (gerente de Nuevos Proyectos y Relaciones Internacionales) y Mariano Valderrama (presidente de Apega).<\/div>\n<div style=\"text-align: justify\"><\/p>\n<div style=\"text-align: center\"><img decoding=\"async\" src=\"images\/stories\/10\/03\/150310\/mistura.jpg\" border=\"0\" alt=\"Mistura durar\u00e1 11 d\u00edas y se abrir\u00e1 sus puertas el 8 de setiembre\" title=\"Mistura durar\u00e1 11 d\u00edas y se abrir\u00e1 sus puertas el 8 de setiembre\" \/><\/div>\n<p><\/div>\n<\/div>\n<div>\n<div style=\"text-align: justify\"><strong>M\u00e1s informaci\u00f3n\u00a0<\/strong><\/div>\n<div style=\"text-align: justify\"><\/div>\n<\/div>\n<div style=\"text-align: justify\">Cabe mencionar que la segunda reuni\u00f3n del Consejo Asesor Internacional del Basque Culinary Center, que preside el prestigioso chef espa\u00f1ol Ferr\u00e1n Adri\u00e1, se desarrollar\u00e1 en Lima y coincidir\u00e1 con algunos d\u00edas de la feria, tal como lo indic\u00f3 la Agencia Andina.<\/div>\n<div style=\"text-align: justify\"><\/div>\n","protected":false},"excerpt":{"rendered":"<p>(Aeronoticias).- La reconocida Feria Gastron\u00f3mica Internacional de Lima, Mistura, ser\u00e1 inaugurada el 8 de setiembre en el parque de la Exposici\u00f3n y durar\u00e1 11 d\u00edas, cinco m\u00e1s que el a\u00f1o pasado, seg\u00fan anunci\u00f3 la Sociedad Peruana de Gastronom\u00eda (Apega). Si bien la inauguraci\u00f3n ser\u00e1 el jueves 8, fecha en la que se recibir\u00e1n a invitados [&hellip;]<\/p>\n","protected":false},"author":1,"featured_media":0,"comment_status":"open","ping_status":"open","sticky":false,"template":"","format":"standard","meta":{"tdm_status":"","tdm_grid_status":"","footnotes":""},"categories":[31],"tags":[],"class_list":{"0":"post-15066","1":"post","2":"type-post","3":"status-publish","4":"format-standard","6":"category-31"},"yoast_head":"<!-- This site is optimized with the Yoast SEO plugin v25.1 - https:\/\/yoast.com\/wordpress\/plugins\/seo\/ -->\n<title>Mistura durar\u00e1 11 d\u00edas y se abrir\u00e1 sus puertas el 8 de setiembre<\/title>\n<meta name=\"description\" content=\"Portal de noticias del Per\u00fa sobre el transporte a\u00e9reo, aviaci\u00f3n, turismo, hoteleria, actualidad.\" \/>\n<meta name=\"robots\" content=\"index, follow, max-snippet:-1, max-image-preview:large, max-video-preview:-1\" \/>\n<link rel=\"canonical\" href=\"https:\/\/aeronoticias.com.pe\/noticiero\/turismo\/13\/mistura-durara-11-dias-y-se-abrira-sus-puertas-el-8-de-setiembre\/\" \/>\n<meta property=\"og:locale\" content=\"es_ES\" \/>\n<meta property=\"og:type\" content=\"article\" \/>\n<meta property=\"og:title\" content=\"Mistura durar\u00e1 11 d\u00edas y se abrir\u00e1 sus puertas el 8 de setiembre\" \/>\n<meta property=\"og:description\" content=\"Portal de noticias del Per\u00fa sobre el transporte a\u00e9reo, aviaci\u00f3n, turismo, hoteleria, actualidad.\" \/>\n<meta property=\"og:url\" content=\"https:\/\/aeronoticias.com.pe\/noticiero\/turismo\/13\/mistura-durara-11-dias-y-se-abrira-sus-puertas-el-8-de-setiembre\/\" \/>\n<meta property=\"og:site_name\" content=\"Aeronoticias.com.pe\" \/>\n<meta property=\"article:publisher\" content=\"https:\/\/www.facebook.com\/Aeronoticias.com.pe\/\" \/>\n<meta property=\"article:published_time\" content=\"2011-01-21T22:16:11+00:00\" \/>\n<meta name=\"author\" content=\"Redacci\u00f3n Aeronoticias\" \/>\n<meta name=\"twitter:card\" content=\"summary_large_image\" \/>\n<meta name=\"twitter:creator\" content=\"@aeronoticias\" \/>\n<meta name=\"twitter:site\" content=\"@aeronoticias\" \/>\n<meta name=\"twitter:label1\" content=\"Escrito por\" \/>\n\t<meta name=\"twitter:data1\" content=\"Redacci\u00f3n Aeronoticias\" \/>\n\t<meta name=\"twitter:label2\" content=\"Tiempo de lectura\" \/>\n\t<meta name=\"twitter:data2\" content=\"1 minuto\" \/>\n<script type=\"application\/ld+json\" class=\"yoast-schema-graph\">{\"@context\":\"https:\/\/schema.org\",\"@graph\":[{\"@type\":\"WebPage\",\"@id\":\"https:\/\/aeronoticias.com.pe\/noticiero\/turismo\/13\/mistura-durara-11-dias-y-se-abrira-sus-puertas-el-8-de-setiembre\/\",\"url\":\"https:\/\/aeronoticias.com.pe\/noticiero\/turismo\/13\/mistura-durara-11-dias-y-se-abrira-sus-puertas-el-8-de-setiembre\/\",\"name\":\"Mistura durar\u00e1 11 d\u00edas y se abrir\u00e1 sus puertas el 8 de setiembre\",\"isPartOf\":{\"@id\":\"https:\/\/aeronoticias.com.pe\/noticiero\/#website\"},\"datePublished\":\"2011-01-21T22:16:11+00:00\",\"author\":{\"@id\":\"https:\/\/aeronoticias.com.pe\/noticiero\/#\/schema\/person\/fc1e5d578f4b62ba1cf7ac2bba1170a0\"},\"description\":\"Portal de noticias del Per\u00fa sobre el transporte a\u00e9reo, aviaci\u00f3n, turismo, hoteleria, actualidad.\",\"breadcrumb\":{\"@id\":\"https:\/\/aeronoticias.com.pe\/noticiero\/turismo\/13\/mistura-durara-11-dias-y-se-abrira-sus-puertas-el-8-de-setiembre\/#breadcrumb\"},\"inLanguage\":\"es\",\"potentialAction\":[{\"@type\":\"ReadAction\",\"target\":[\"https:\/\/aeronoticias.com.pe\/noticiero\/turismo\/13\/mistura-durara-11-dias-y-se-abrira-sus-puertas-el-8-de-setiembre\/\"]}]},{\"@type\":\"BreadcrumbList\",\"@id\":\"https:\/\/aeronoticias.com.pe\/noticiero\/turismo\/13\/mistura-durara-11-dias-y-se-abrira-sus-puertas-el-8-de-setiembre\/#breadcrumb\",\"itemListElement\":[{\"@type\":\"ListItem\",\"position\":1,\"name\":\"Portada\",\"item\":\"https:\/\/aeronoticias.com.pe\/noticiero\/\"},{\"@type\":\"ListItem\",\"position\":2,\"name\":\"Mistura durar\u00e1 11 d\u00edas y se abrir\u00e1 sus puertas el 8 de setiembre\"}]},{\"@type\":\"WebSite\",\"@id\":\"https:\/\/aeronoticias.com.pe\/noticiero\/#website\",\"url\":\"https:\/\/aeronoticias.com.pe\/noticiero\/\",\"name\":\"Aeronoticias.com.pe\",\"description\":\"Noticias de tranporte aereo, turismo, hoteles, gastronomia, actualidad, internacional\",\"potentialAction\":[{\"@type\":\"SearchAction\",\"target\":{\"@type\":\"EntryPoint\",\"urlTemplate\":\"https:\/\/aeronoticias.com.pe\/noticiero\/?s={search_term_string}\"},\"query-input\":{\"@type\":\"PropertyValueSpecification\",\"valueRequired\":true,\"valueName\":\"search_term_string\"}}],\"inLanguage\":\"es\"},{\"@type\":\"Person\",\"@id\":\"https:\/\/aeronoticias.com.pe\/noticiero\/#\/schema\/person\/fc1e5d578f4b62ba1cf7ac2bba1170a0\",\"name\":\"Redacci\u00f3n Aeronoticias\",\"url\":\"https:\/\/aeronoticias.com.pe\/noticiero\/author\/piloto\/\"}]}<\/script>\n<!-- \/ Yoast SEO plugin. -->","yoast_head_json":{"title":"Mistura durar\u00e1 11 d\u00edas y se abrir\u00e1 sus puertas el 8 de setiembre","description":"Portal de noticias del Per\u00fa sobre el transporte a\u00e9reo, aviaci\u00f3n, turismo, hoteleria, actualidad.","robots":{"index":"index","follow":"follow","max-snippet":"max-snippet:-1","max-image-preview":"max-image-preview:large","max-video-preview":"max-video-preview:-1"},"canonical":"https:\/\/aeronoticias.com.pe\/noticiero\/turismo\/13\/mistura-durara-11-dias-y-se-abrira-sus-puertas-el-8-de-setiembre\/","og_locale":"es_ES","og_type":"article","og_title":"Mistura durar\u00e1 11 d\u00edas y se abrir\u00e1 sus puertas el 8 de setiembre","og_description":"Portal de noticias del Per\u00fa sobre el transporte a\u00e9reo, aviaci\u00f3n, turismo, hoteleria, actualidad.","og_url":"https:\/\/aeronoticias.com.pe\/noticiero\/turismo\/13\/mistura-durara-11-dias-y-se-abrira-sus-puertas-el-8-de-setiembre\/","og_site_name":"Aeronoticias.com.pe","article_publisher":"https:\/\/www.facebook.com\/Aeronoticias.com.pe\/","article_published_time":"2011-01-21T22:16:11+00:00","author":"Redacci\u00f3n Aeronoticias","twitter_card":"summary_large_image","twitter_creator":"@aeronoticias","twitter_site":"@aeronoticias","twitter_misc":{"Escrito por":"Redacci\u00f3n Aeronoticias","Tiempo de lectura":"1 minuto"},"schema":{"@context":"https:\/\/schema.org","@graph":[{"@type":"WebPage","@id":"https:\/\/aeronoticias.com.pe\/noticiero\/turismo\/13\/mistura-durara-11-dias-y-se-abrira-sus-puertas-el-8-de-setiembre\/","url":"https:\/\/aeronoticias.com.pe\/noticiero\/turismo\/13\/mistura-durara-11-dias-y-se-abrira-sus-puertas-el-8-de-setiembre\/","name":"Mistura durar\u00e1 11 d\u00edas y se abrir\u00e1 sus puertas el 8 de setiembre","isPartOf":{"@id":"https:\/\/aeronoticias.com.pe\/noticiero\/#website"},"datePublished":"2011-01-21T22:16:11+00:00","author":{"@id":"https:\/\/aeronoticias.com.pe\/noticiero\/#\/schema\/person\/fc1e5d578f4b62ba1cf7ac2bba1170a0"},"description":"Portal de noticias del Per\u00fa sobre el transporte a\u00e9reo, aviaci\u00f3n, turismo, hoteleria, actualidad.","breadcrumb":{"@id":"https:\/\/aeronoticias.com.pe\/noticiero\/turismo\/13\/mistura-durara-11-dias-y-se-abrira-sus-puertas-el-8-de-setiembre\/#breadcrumb"},"inLanguage":"es","potentialAction":[{"@type":"ReadAction","target":["https:\/\/aeronoticias.com.pe\/noticiero\/turismo\/13\/mistura-durara-11-dias-y-se-abrira-sus-puertas-el-8-de-setiembre\/"]}]},{"@type":"BreadcrumbList","@id":"https:\/\/aeronoticias.com.pe\/noticiero\/turismo\/13\/mistura-durara-11-dias-y-se-abrira-sus-puertas-el-8-de-setiembre\/#breadcrumb","itemListElement":[{"@type":"ListItem","position":1,"name":"Portada","item":"https:\/\/aeronoticias.com.pe\/noticiero\/"},{"@type":"ListItem","position":2,"name":"Mistura durar\u00e1 11 d\u00edas y se abrir\u00e1 sus puertas el 8 de setiembre"}]},{"@type":"WebSite","@id":"https:\/\/aeronoticias.com.pe\/noticiero\/#website","url":"https:\/\/aeronoticias.com.pe\/noticiero\/","name":"Aeronoticias.com.pe","description":"Noticias de tranporte aereo, turismo, hoteles, gastronomia, actualidad, internacional","potentialAction":[{"@type":"SearchAction","target":{"@type":"EntryPoint","urlTemplate":"https:\/\/aeronoticias.com.pe\/noticiero\/?s={search_term_string}"},"query-input":{"@type":"PropertyValueSpecification","valueRequired":true,"valueName":"search_term_string"}}],"inLanguage":"es"},{"@type":"Person","@id":"https:\/\/aeronoticias.com.pe\/noticiero\/#\/schema\/person\/fc1e5d578f4b62ba1cf7ac2bba1170a0","name":"Redacci\u00f3n Aeronoticias","url":"https:\/\/aeronoticias.com.pe\/noticiero\/author\/piloto\/"}]}},"_links":{"self":[{"href":"https:\/\/aeronoticias.com.pe\/noticiero\/wp-json\/wp\/v2\/posts\/15066","targetHints":{"allow":["GET"]}}],"collection":[{"href":"https:\/\/aeronoticias.com.pe\/noticiero\/wp-json\/wp\/v2\/posts"}],"about":[{"href":"https:\/\/aeronoticias.com.pe\/noticiero\/wp-json\/wp\/v2\/types\/post"}],"author":[{"embeddable":true,"href":"https:\/\/aeronoticias.com.pe\/noticiero\/wp-json\/wp\/v2\/users\/1"}],"replies":[{"embeddable":true,"href":"https:\/\/aeronoticias.com.pe\/noticiero\/wp-json\/wp\/v2\/comments?post=15066"}],"version-history":[{"count":0,"href":"https:\/\/aeronoticias.com.pe\/noticiero\/wp-json\/wp\/v2\/posts\/15066\/revisions"}],"wp:attachment":[{"href":"https:\/\/aeronoticias.com.pe\/noticiero\/wp-json\/wp\/v2\/media?parent=15066"}],"wp:term":[{"taxonomy":"category","embeddable":true,"href":"https:\/\/aeronoticias.com.pe\/noticiero\/wp-json\/wp\/v2\/categories?post=15066"},{"taxonomy":"post_tag","embeddable":true,"href":"https:\/\/aeronoticias.com.pe\/noticiero\/wp-json\/wp\/v2\/tags?post=15066"}],"curies":[{"name":"wp","href":"https:\/\/api.w.org\/{rel}","templated":true}]}}