{"id":15123,"date":"2011-01-25T14:40:38","date_gmt":"2011-01-25T14:40:38","guid":{"rendered":"http:\/\/desarrollo.mcvicious.com\/aero2020\/2011\/01\/25\/presidente-ruso-dimitry-medvedev-responsabilizo-a-autoridades-del-aeropuerto-por-atentado-terrorista\/"},"modified":"2011-01-25T14:40:38","modified_gmt":"2011-01-25T14:40:38","slug":"presidente-ruso-dimitry-medvedev-responsabilizo-a-autoridades-del-aeropuerto-por-atentado-terrorista","status":"publish","type":"post","link":"https:\/\/aeronoticias.com.pe\/noticiero\/internacionales\/presidente-ruso-dimitry-medvedev-responsabilizo-a-autoridades-del-aeropuerto-por-atentado-terrorista\/","title":{"rendered":"Presidente ruso responsabiliz\u00f3 a autoridades del aeropuerto por atentado terrorista"},"content":{"rendered":"<div align=\"justify\"><strong>(Aeronoticias).-<\/strong> El presidente de Rusia, Dimitry Medvedev, orden\u00f3 hoy controles de seguridad m\u00e1s estrictos en todos los centros de transporte y que funcionarios gubernamentales rindan cuentas por las fallas de seguridad, luego del ataque terrorista que dej\u00f3 35 muertos en el aeropuerto de Mosc\u00fa.<\/p>\n<p>Dimitry Medvedev expres\u00f3 que funcionarios en el aeropuerto de Domodedovo son en parte responsables de las fallas de seguridad que permitieron el ataque, que adem\u00e1s dej\u00f3 180 muertos. Calific\u00f3 el estado de la seguridad en el aeropuerto como \u201csimplemente, un estado de anarqu\u00eda\u201d.<\/p><\/div>\n<div align=\"justify\">\u00a0<\/div>\n<div>\n<div style=\"text-align: center\"><img decoding=\"async\" src=\"images\/stories\/11\/01\/250111\/demitry_medvedev.jpg\" border=\"0\" alt=\"Presidente ruso responsabiliz\u00f3 a autoridades del aeropuerto por atentado terrorista\" title=\"Presidente ruso responsabiliz\u00f3 a autoridades del aeropuerto por atentado terrorista\" \/><\/div>\n<div style=\"text-align: justify\"><\/div>\n<div style=\"text-align: justify\">La administraci\u00f3n del aeropuerto indic\u00f3 que el control de las personas en el sector de arribos, donde se produjo la explosi\u00f3n, est\u00e1 a cargo de la polic\u00eda de transportes.<\/div>\n<div style=\"text-align: justify\"><\/div>\n<div style=\"text-align: justify\">Las acusaciones mutuas pudieran socavar la confianza en la seguridad en Rusia en momentos en que Medvedev se prepara para una importante comparecencia en el Foro Econ\u00f3mico Mundial en Davos, Suiza, para atraer a inversionistas al pa\u00eds.<\/div>\n<div style=\"text-align: justify\"><\/div>\n<div style=\"text-align: justify\">Dos brit\u00e1nicos, un alem\u00e1n y un b\u00falgaro estaban entre los muertos en la explosi\u00f3n en el aeropuerto de Domodedovo, de acuerdo con el Ministerio de Emergencias. Otras 110 personas, incluyendo nueve extranjeros, estaban hospitalizadas con heridas, se\u00f1al\u00f3 el ministerio.<\/div>\n<div style=\"text-align: justify\"><\/div>\n<div style=\"text-align: justify\">Nadie se atribuy\u00f3 responsabilidad por el ataque, aunque extremistas isl\u00e1micos de la regi\u00f3n de Chechenia han sido responsabilizados por ataques previos en Mosc\u00fa, incluyendo un doble ataque suicida en el metro en marzo del 2010 que caus\u00f3 40 muertes. Si el ataque del lunes fue por extremistas chechenios, indicar\u00eda una nueva estrategia, porque acciones previas ni incluyeron \u00e1reas donde ciudadanos extranjeros pod\u00edan resultar v\u00edctimas, se\u00f1ala elcomercio.com.pe<\/div>\n<\/div>\n<div align=\"justify\">\u00a0<\/div>\n<div align=\"justify\">Luego del atentado, el presidente ruso aplaz\u00f3 su viaje a Davos, donde el d\u00eda de ma\u00f1ana iba a ser el principal orador. El Kremlin dijo que a\u00fan planea ir, pero que el itinerario no ha sido finalizado.<\/p>\n<\/div>\n","protected":false},"excerpt":{"rendered":"<p>(Aeronoticias).- El presidente de Rusia, Dimitry Medvedev, orden\u00f3 hoy controles de seguridad m\u00e1s estrictos en todos los centros de transporte y que funcionarios gubernamentales rindan cuentas por las fallas de seguridad, luego del ataque terrorista que dej\u00f3 35 muertos en el aeropuerto de Mosc\u00fa. Dimitry Medvedev expres\u00f3 que funcionarios en el aeropuerto de Domodedovo son [&hellip;]<\/p>\n","protected":false},"author":1,"featured_media":0,"comment_status":"open","ping_status":"open","sticky":false,"template":"","format":"standard","meta":{"tdm_status":"","tdm_grid_status":"","footnotes":""},"categories":[34],"tags":[],"class_list":{"0":"post-15123","1":"post","2":"type-post","3":"status-publish","4":"format-standard","6":"category-internacionales"},"yoast_head":"<!-- This site is optimized with the Yoast SEO plugin v25.1 - https:\/\/yoast.com\/wordpress\/plugins\/seo\/ -->\n<title>Presidente ruso responsabiliz\u00f3 a autoridades del aeropuerto por atentado terrorista<\/title>\n<meta name=\"description\" content=\"Portal de noticias del Per\u00fa sobre el transporte a\u00e9reo, aviaci\u00f3n, turismo, hoteleria, actualidad.\" \/>\n<meta name=\"robots\" content=\"index, follow, max-snippet:-1, max-image-preview:large, max-video-preview:-1\" \/>\n<link rel=\"canonical\" href=\"https:\/\/aeronoticias.com.pe\/noticiero\/internacionales\/presidente-ruso-dimitry-medvedev-responsabilizo-a-autoridades-del-aeropuerto-por-atentado-terrorista\/\" \/>\n<meta property=\"og:locale\" content=\"es_ES\" \/>\n<meta property=\"og:type\" content=\"article\" \/>\n<meta property=\"og:title\" content=\"Presidente ruso responsabiliz\u00f3 a autoridades del aeropuerto por atentado terrorista\" \/>\n<meta property=\"og:description\" content=\"Portal de noticias del Per\u00fa sobre el transporte a\u00e9reo, aviaci\u00f3n, turismo, hoteleria, actualidad.\" \/>\n<meta property=\"og:url\" content=\"https:\/\/aeronoticias.com.pe\/noticiero\/internacionales\/presidente-ruso-dimitry-medvedev-responsabilizo-a-autoridades-del-aeropuerto-por-atentado-terrorista\/\" \/>\n<meta property=\"og:site_name\" content=\"Aeronoticias.com.pe\" \/>\n<meta property=\"article:publisher\" content=\"https:\/\/www.facebook.com\/Aeronoticias.com.pe\/\" \/>\n<meta property=\"article:published_time\" content=\"2011-01-25T14:40:38+00:00\" \/>\n<meta name=\"author\" content=\"Redacci\u00f3n Aeronoticias\" \/>\n<meta name=\"twitter:card\" content=\"summary_large_image\" \/>\n<meta name=\"twitter:creator\" content=\"@aeronoticias\" \/>\n<meta name=\"twitter:site\" content=\"@aeronoticias\" \/>\n<meta name=\"twitter:label1\" content=\"Escrito por\" \/>\n\t<meta name=\"twitter:data1\" content=\"Redacci\u00f3n Aeronoticias\" \/>\n\t<meta name=\"twitter:label2\" content=\"Tiempo de lectura\" \/>\n\t<meta name=\"twitter:data2\" content=\"2 minutos\" \/>\n<script type=\"application\/ld+json\" class=\"yoast-schema-graph\">{\"@context\":\"https:\/\/schema.org\",\"@graph\":[{\"@type\":\"WebPage\",\"@id\":\"https:\/\/aeronoticias.com.pe\/noticiero\/internacionales\/presidente-ruso-dimitry-medvedev-responsabilizo-a-autoridades-del-aeropuerto-por-atentado-terrorista\/\",\"url\":\"https:\/\/aeronoticias.com.pe\/noticiero\/internacionales\/presidente-ruso-dimitry-medvedev-responsabilizo-a-autoridades-del-aeropuerto-por-atentado-terrorista\/\",\"name\":\"Presidente ruso responsabiliz\u00f3 a autoridades del aeropuerto por atentado terrorista\",\"isPartOf\":{\"@id\":\"https:\/\/aeronoticias.com.pe\/noticiero\/#website\"},\"datePublished\":\"2011-01-25T14:40:38+00:00\",\"author\":{\"@id\":\"https:\/\/aeronoticias.com.pe\/noticiero\/#\/schema\/person\/fc1e5d578f4b62ba1cf7ac2bba1170a0\"},\"description\":\"Portal de noticias del Per\u00fa sobre el transporte a\u00e9reo, aviaci\u00f3n, turismo, hoteleria, actualidad.\",\"breadcrumb\":{\"@id\":\"https:\/\/aeronoticias.com.pe\/noticiero\/internacionales\/presidente-ruso-dimitry-medvedev-responsabilizo-a-autoridades-del-aeropuerto-por-atentado-terrorista\/#breadcrumb\"},\"inLanguage\":\"es\",\"potentialAction\":[{\"@type\":\"ReadAction\",\"target\":[\"https:\/\/aeronoticias.com.pe\/noticiero\/internacionales\/presidente-ruso-dimitry-medvedev-responsabilizo-a-autoridades-del-aeropuerto-por-atentado-terrorista\/\"]}]},{\"@type\":\"BreadcrumbList\",\"@id\":\"https:\/\/aeronoticias.com.pe\/noticiero\/internacionales\/presidente-ruso-dimitry-medvedev-responsabilizo-a-autoridades-del-aeropuerto-por-atentado-terrorista\/#breadcrumb\",\"itemListElement\":[{\"@type\":\"ListItem\",\"position\":1,\"name\":\"Portada\",\"item\":\"https:\/\/aeronoticias.com.pe\/noticiero\/\"},{\"@type\":\"ListItem\",\"position\":2,\"name\":\"Presidente ruso responsabiliz\u00f3 a autoridades del aeropuerto por atentado terrorista\"}]},{\"@type\":\"WebSite\",\"@id\":\"https:\/\/aeronoticias.com.pe\/noticiero\/#website\",\"url\":\"https:\/\/aeronoticias.com.pe\/noticiero\/\",\"name\":\"Aeronoticias.com.pe\",\"description\":\"Noticias de tranporte aereo, turismo, hoteles, gastronomia, actualidad, internacional\",\"potentialAction\":[{\"@type\":\"SearchAction\",\"target\":{\"@type\":\"EntryPoint\",\"urlTemplate\":\"https:\/\/aeronoticias.com.pe\/noticiero\/?s={search_term_string}\"},\"query-input\":{\"@type\":\"PropertyValueSpecification\",\"valueRequired\":true,\"valueName\":\"search_term_string\"}}],\"inLanguage\":\"es\"},{\"@type\":\"Person\",\"@id\":\"https:\/\/aeronoticias.com.pe\/noticiero\/#\/schema\/person\/fc1e5d578f4b62ba1cf7ac2bba1170a0\",\"name\":\"Redacci\u00f3n Aeronoticias\",\"url\":\"https:\/\/aeronoticias.com.pe\/noticiero\/author\/piloto\/\"}]}<\/script>\n<!-- \/ Yoast SEO plugin. -->","yoast_head_json":{"title":"Presidente ruso responsabiliz\u00f3 a autoridades del aeropuerto por atentado terrorista","description":"Portal de noticias del Per\u00fa sobre el transporte a\u00e9reo, aviaci\u00f3n, turismo, hoteleria, actualidad.","robots":{"index":"index","follow":"follow","max-snippet":"max-snippet:-1","max-image-preview":"max-image-preview:large","max-video-preview":"max-video-preview:-1"},"canonical":"https:\/\/aeronoticias.com.pe\/noticiero\/internacionales\/presidente-ruso-dimitry-medvedev-responsabilizo-a-autoridades-del-aeropuerto-por-atentado-terrorista\/","og_locale":"es_ES","og_type":"article","og_title":"Presidente ruso responsabiliz\u00f3 a autoridades del aeropuerto por atentado terrorista","og_description":"Portal de noticias del Per\u00fa sobre el transporte a\u00e9reo, aviaci\u00f3n, turismo, hoteleria, actualidad.","og_url":"https:\/\/aeronoticias.com.pe\/noticiero\/internacionales\/presidente-ruso-dimitry-medvedev-responsabilizo-a-autoridades-del-aeropuerto-por-atentado-terrorista\/","og_site_name":"Aeronoticias.com.pe","article_publisher":"https:\/\/www.facebook.com\/Aeronoticias.com.pe\/","article_published_time":"2011-01-25T14:40:38+00:00","author":"Redacci\u00f3n Aeronoticias","twitter_card":"summary_large_image","twitter_creator":"@aeronoticias","twitter_site":"@aeronoticias","twitter_misc":{"Escrito por":"Redacci\u00f3n Aeronoticias","Tiempo de lectura":"2 minutos"},"schema":{"@context":"https:\/\/schema.org","@graph":[{"@type":"WebPage","@id":"https:\/\/aeronoticias.com.pe\/noticiero\/internacionales\/presidente-ruso-dimitry-medvedev-responsabilizo-a-autoridades-del-aeropuerto-por-atentado-terrorista\/","url":"https:\/\/aeronoticias.com.pe\/noticiero\/internacionales\/presidente-ruso-dimitry-medvedev-responsabilizo-a-autoridades-del-aeropuerto-por-atentado-terrorista\/","name":"Presidente ruso responsabiliz\u00f3 a autoridades del aeropuerto por atentado terrorista","isPartOf":{"@id":"https:\/\/aeronoticias.com.pe\/noticiero\/#website"},"datePublished":"2011-01-25T14:40:38+00:00","author":{"@id":"https:\/\/aeronoticias.com.pe\/noticiero\/#\/schema\/person\/fc1e5d578f4b62ba1cf7ac2bba1170a0"},"description":"Portal de noticias del Per\u00fa sobre el transporte a\u00e9reo, aviaci\u00f3n, turismo, hoteleria, actualidad.","breadcrumb":{"@id":"https:\/\/aeronoticias.com.pe\/noticiero\/internacionales\/presidente-ruso-dimitry-medvedev-responsabilizo-a-autoridades-del-aeropuerto-por-atentado-terrorista\/#breadcrumb"},"inLanguage":"es","potentialAction":[{"@type":"ReadAction","target":["https:\/\/aeronoticias.com.pe\/noticiero\/internacionales\/presidente-ruso-dimitry-medvedev-responsabilizo-a-autoridades-del-aeropuerto-por-atentado-terrorista\/"]}]},{"@type":"BreadcrumbList","@id":"https:\/\/aeronoticias.com.pe\/noticiero\/internacionales\/presidente-ruso-dimitry-medvedev-responsabilizo-a-autoridades-del-aeropuerto-por-atentado-terrorista\/#breadcrumb","itemListElement":[{"@type":"ListItem","position":1,"name":"Portada","item":"https:\/\/aeronoticias.com.pe\/noticiero\/"},{"@type":"ListItem","position":2,"name":"Presidente ruso responsabiliz\u00f3 a autoridades del aeropuerto por atentado terrorista"}]},{"@type":"WebSite","@id":"https:\/\/aeronoticias.com.pe\/noticiero\/#website","url":"https:\/\/aeronoticias.com.pe\/noticiero\/","name":"Aeronoticias.com.pe","description":"Noticias de tranporte aereo, turismo, hoteles, gastronomia, actualidad, internacional","potentialAction":[{"@type":"SearchAction","target":{"@type":"EntryPoint","urlTemplate":"https:\/\/aeronoticias.com.pe\/noticiero\/?s={search_term_string}"},"query-input":{"@type":"PropertyValueSpecification","valueRequired":true,"valueName":"search_term_string"}}],"inLanguage":"es"},{"@type":"Person","@id":"https:\/\/aeronoticias.com.pe\/noticiero\/#\/schema\/person\/fc1e5d578f4b62ba1cf7ac2bba1170a0","name":"Redacci\u00f3n Aeronoticias","url":"https:\/\/aeronoticias.com.pe\/noticiero\/author\/piloto\/"}]}},"_links":{"self":[{"href":"https:\/\/aeronoticias.com.pe\/noticiero\/wp-json\/wp\/v2\/posts\/15123","targetHints":{"allow":["GET"]}}],"collection":[{"href":"https:\/\/aeronoticias.com.pe\/noticiero\/wp-json\/wp\/v2\/posts"}],"about":[{"href":"https:\/\/aeronoticias.com.pe\/noticiero\/wp-json\/wp\/v2\/types\/post"}],"author":[{"embeddable":true,"href":"https:\/\/aeronoticias.com.pe\/noticiero\/wp-json\/wp\/v2\/users\/1"}],"replies":[{"embeddable":true,"href":"https:\/\/aeronoticias.com.pe\/noticiero\/wp-json\/wp\/v2\/comments?post=15123"}],"version-history":[{"count":0,"href":"https:\/\/aeronoticias.com.pe\/noticiero\/wp-json\/wp\/v2\/posts\/15123\/revisions"}],"wp:attachment":[{"href":"https:\/\/aeronoticias.com.pe\/noticiero\/wp-json\/wp\/v2\/media?parent=15123"}],"wp:term":[{"taxonomy":"category","embeddable":true,"href":"https:\/\/aeronoticias.com.pe\/noticiero\/wp-json\/wp\/v2\/categories?post=15123"},{"taxonomy":"post_tag","embeddable":true,"href":"https:\/\/aeronoticias.com.pe\/noticiero\/wp-json\/wp\/v2\/tags?post=15123"}],"curies":[{"name":"wp","href":"https:\/\/api.w.org\/{rel}","templated":true}]}}