{"id":15127,"date":"2011-01-25T16:23:13","date_gmt":"2011-01-25T16:23:13","guid":{"rendered":"http:\/\/desarrollo.mcvicious.com\/aero2020\/2011\/01\/25\/cypress-hill-tego-calderon-y-calle-13-presentaran-festival-de-musica-urbana-en-lima\/"},"modified":"2011-01-25T16:23:13","modified_gmt":"2011-01-25T16:23:13","slug":"cypress-hill-tego-calderon-y-calle-13-presentaran-festival-de-musica-urbana-en-lima","status":"publish","type":"post","link":"https:\/\/aeronoticias.com.pe\/noticiero\/espectaculos\/cypress-hill-tego-calderon-y-calle-13-presentaran-festival-de-musica-urbana-en-lima\/","title":{"rendered":"Cypress Hill, Tego Calder\u00f3n y Calle 13 presentar\u00e1n festival de m\u00fasica urbana en Lima"},"content":{"rendered":"<div align=\"justify\"><strong>(Aeronoticias)<\/strong> Los cantantes de hip hop y reggaet\u00f3n Cypress Hill, Tego Calder\u00f3n y Calle 13, llegar\u00e1n a Lima para presentar en un importante festival de m\u00fasica urbana, el cual se llevar\u00e1 a cabo el 31 de marzo en la explanada del estadio Monumental. <\/p>\n<p>Cypress Hill llegar\u00e1 por primera vez a Lima y en ese primer encuentro con sus seguidores en el Per\u00fa, la agrupaci\u00f3n trae bajo el brazo su m\u00e1s reciente producci\u00f3n musical Rise up, disco que cuenta con la colaboraci\u00f3n de los cantantes latinos internacionales Marc Anthony y Pitbull.<\/p>\n<\/div>\n<div align=\"justify\">\n<div style=\"text-align: center\"><img loading=\"lazy\" decoding=\"async\" src=\"images\/stories\/11\/01\/250111\/festiurbano.jpg\" border=\"0\" alt=\"Cypress Hill, Tego Calder\u00f3n y Calle 13 presentar\u00e1n festival de m\u00fasica urbana en Lima \" title=\"Cypress Hill, Tego Calder\u00f3n y Calle 13 presentar\u00e1n festival de m\u00fasica urbana en Lima \" width=\"400\" height=\"270\" \/><\/div>\n<\/div>\n<div align=\"justify\">\u00a0<\/div>\n<div align=\"justify\">Adem\u00e1s, el regreso a Lima de Tego Calder\u00f3n y Calle 13, los cuales\u00a0 presentar\u00e1n su nuevo \u00e1lbum \u00abEntren los que quieran\u00bb, donde la peruana Susana Baca participa con un tema.<\/div>\n","protected":false},"excerpt":{"rendered":"<p>(Aeronoticias) Los cantantes de hip hop y reggaet\u00f3n Cypress Hill, Tego Calder\u00f3n y Calle 13, llegar\u00e1n a Lima para presentar en un importante festival de m\u00fasica urbana, el cual se llevar\u00e1 a cabo el 31 de marzo en la explanada del estadio Monumental. Cypress Hill llegar\u00e1 por primera vez a Lima y en ese primer [&hellip;]<\/p>\n","protected":false},"author":1,"featured_media":0,"comment_status":"open","ping_status":"open","sticky":false,"template":"","format":"standard","meta":{"tdm_status":"","tdm_grid_status":"","footnotes":""},"categories":[41],"tags":[],"class_list":{"0":"post-15127","1":"post","2":"type-post","3":"status-publish","4":"format-standard","6":"category-espectaculos"},"yoast_head":"<!-- This site is optimized with the Yoast SEO plugin v25.1 - https:\/\/yoast.com\/wordpress\/plugins\/seo\/ -->\n<title>Cypress Hill, Tego Calder\u00f3n y Calle 13 presentar\u00e1n festival de m\u00fasica urbana en Lima<\/title>\n<meta name=\"description\" content=\"Portal de noticias del Per\u00fa sobre el transporte a\u00e9reo, aviaci\u00f3n, turismo, hoteleria, actualidad.\" \/>\n<meta name=\"robots\" content=\"index, follow, max-snippet:-1, max-image-preview:large, max-video-preview:-1\" \/>\n<link rel=\"canonical\" href=\"https:\/\/aeronoticias.com.pe\/noticiero\/espectaculos\/cypress-hill-tego-calderon-y-calle-13-presentaran-festival-de-musica-urbana-en-lima\/\" \/>\n<meta property=\"og:locale\" content=\"es_ES\" \/>\n<meta property=\"og:type\" content=\"article\" \/>\n<meta property=\"og:title\" content=\"Cypress Hill, Tego Calder\u00f3n y Calle 13 presentar\u00e1n festival de m\u00fasica urbana en Lima\" \/>\n<meta property=\"og:description\" content=\"Portal de noticias del Per\u00fa sobre el transporte a\u00e9reo, aviaci\u00f3n, turismo, hoteleria, actualidad.\" \/>\n<meta property=\"og:url\" content=\"https:\/\/aeronoticias.com.pe\/noticiero\/espectaculos\/cypress-hill-tego-calderon-y-calle-13-presentaran-festival-de-musica-urbana-en-lima\/\" \/>\n<meta property=\"og:site_name\" content=\"Aeronoticias.com.pe\" \/>\n<meta property=\"article:publisher\" content=\"https:\/\/www.facebook.com\/Aeronoticias.com.pe\/\" \/>\n<meta property=\"article:published_time\" content=\"2011-01-25T16:23:13+00:00\" \/>\n<meta name=\"author\" content=\"Redacci\u00f3n Aeronoticias\" \/>\n<meta name=\"twitter:card\" content=\"summary_large_image\" \/>\n<meta name=\"twitter:creator\" content=\"@aeronoticias\" \/>\n<meta name=\"twitter:site\" content=\"@aeronoticias\" \/>\n<meta name=\"twitter:label1\" content=\"Escrito por\" \/>\n\t<meta name=\"twitter:data1\" content=\"Redacci\u00f3n Aeronoticias\" \/>\n\t<meta name=\"twitter:label2\" content=\"Tiempo de lectura\" \/>\n\t<meta name=\"twitter:data2\" content=\"1 minuto\" \/>\n<script type=\"application\/ld+json\" class=\"yoast-schema-graph\">{\"@context\":\"https:\/\/schema.org\",\"@graph\":[{\"@type\":\"WebPage\",\"@id\":\"https:\/\/aeronoticias.com.pe\/noticiero\/espectaculos\/cypress-hill-tego-calderon-y-calle-13-presentaran-festival-de-musica-urbana-en-lima\/\",\"url\":\"https:\/\/aeronoticias.com.pe\/noticiero\/espectaculos\/cypress-hill-tego-calderon-y-calle-13-presentaran-festival-de-musica-urbana-en-lima\/\",\"name\":\"Cypress Hill, Tego Calder\u00f3n y Calle 13 presentar\u00e1n festival de m\u00fasica urbana en Lima\",\"isPartOf\":{\"@id\":\"https:\/\/aeronoticias.com.pe\/noticiero\/#website\"},\"datePublished\":\"2011-01-25T16:23:13+00:00\",\"author\":{\"@id\":\"https:\/\/aeronoticias.com.pe\/noticiero\/#\/schema\/person\/fc1e5d578f4b62ba1cf7ac2bba1170a0\"},\"description\":\"Portal de noticias del Per\u00fa sobre el transporte a\u00e9reo, aviaci\u00f3n, turismo, hoteleria, actualidad.\",\"breadcrumb\":{\"@id\":\"https:\/\/aeronoticias.com.pe\/noticiero\/espectaculos\/cypress-hill-tego-calderon-y-calle-13-presentaran-festival-de-musica-urbana-en-lima\/#breadcrumb\"},\"inLanguage\":\"es\",\"potentialAction\":[{\"@type\":\"ReadAction\",\"target\":[\"https:\/\/aeronoticias.com.pe\/noticiero\/espectaculos\/cypress-hill-tego-calderon-y-calle-13-presentaran-festival-de-musica-urbana-en-lima\/\"]}]},{\"@type\":\"BreadcrumbList\",\"@id\":\"https:\/\/aeronoticias.com.pe\/noticiero\/espectaculos\/cypress-hill-tego-calderon-y-calle-13-presentaran-festival-de-musica-urbana-en-lima\/#breadcrumb\",\"itemListElement\":[{\"@type\":\"ListItem\",\"position\":1,\"name\":\"Portada\",\"item\":\"https:\/\/aeronoticias.com.pe\/noticiero\/\"},{\"@type\":\"ListItem\",\"position\":2,\"name\":\"Cypress Hill, Tego Calder\u00f3n y Calle 13 presentar\u00e1n festival de m\u00fasica urbana en Lima\"}]},{\"@type\":\"WebSite\",\"@id\":\"https:\/\/aeronoticias.com.pe\/noticiero\/#website\",\"url\":\"https:\/\/aeronoticias.com.pe\/noticiero\/\",\"name\":\"Aeronoticias.com.pe\",\"description\":\"Noticias de tranporte aereo, turismo, hoteles, gastronomia, actualidad, internacional\",\"potentialAction\":[{\"@type\":\"SearchAction\",\"target\":{\"@type\":\"EntryPoint\",\"urlTemplate\":\"https:\/\/aeronoticias.com.pe\/noticiero\/?s={search_term_string}\"},\"query-input\":{\"@type\":\"PropertyValueSpecification\",\"valueRequired\":true,\"valueName\":\"search_term_string\"}}],\"inLanguage\":\"es\"},{\"@type\":\"Person\",\"@id\":\"https:\/\/aeronoticias.com.pe\/noticiero\/#\/schema\/person\/fc1e5d578f4b62ba1cf7ac2bba1170a0\",\"name\":\"Redacci\u00f3n Aeronoticias\",\"url\":\"https:\/\/aeronoticias.com.pe\/noticiero\/author\/piloto\/\"}]}<\/script>\n<!-- \/ Yoast SEO plugin. -->","yoast_head_json":{"title":"Cypress Hill, Tego Calder\u00f3n y Calle 13 presentar\u00e1n festival de m\u00fasica urbana en Lima","description":"Portal de noticias del Per\u00fa sobre el transporte a\u00e9reo, aviaci\u00f3n, turismo, hoteleria, actualidad.","robots":{"index":"index","follow":"follow","max-snippet":"max-snippet:-1","max-image-preview":"max-image-preview:large","max-video-preview":"max-video-preview:-1"},"canonical":"https:\/\/aeronoticias.com.pe\/noticiero\/espectaculos\/cypress-hill-tego-calderon-y-calle-13-presentaran-festival-de-musica-urbana-en-lima\/","og_locale":"es_ES","og_type":"article","og_title":"Cypress Hill, Tego Calder\u00f3n y Calle 13 presentar\u00e1n festival de m\u00fasica urbana en Lima","og_description":"Portal de noticias del Per\u00fa sobre el transporte a\u00e9reo, aviaci\u00f3n, turismo, hoteleria, actualidad.","og_url":"https:\/\/aeronoticias.com.pe\/noticiero\/espectaculos\/cypress-hill-tego-calderon-y-calle-13-presentaran-festival-de-musica-urbana-en-lima\/","og_site_name":"Aeronoticias.com.pe","article_publisher":"https:\/\/www.facebook.com\/Aeronoticias.com.pe\/","article_published_time":"2011-01-25T16:23:13+00:00","author":"Redacci\u00f3n Aeronoticias","twitter_card":"summary_large_image","twitter_creator":"@aeronoticias","twitter_site":"@aeronoticias","twitter_misc":{"Escrito por":"Redacci\u00f3n Aeronoticias","Tiempo de lectura":"1 minuto"},"schema":{"@context":"https:\/\/schema.org","@graph":[{"@type":"WebPage","@id":"https:\/\/aeronoticias.com.pe\/noticiero\/espectaculos\/cypress-hill-tego-calderon-y-calle-13-presentaran-festival-de-musica-urbana-en-lima\/","url":"https:\/\/aeronoticias.com.pe\/noticiero\/espectaculos\/cypress-hill-tego-calderon-y-calle-13-presentaran-festival-de-musica-urbana-en-lima\/","name":"Cypress Hill, Tego Calder\u00f3n y Calle 13 presentar\u00e1n festival de m\u00fasica urbana en Lima","isPartOf":{"@id":"https:\/\/aeronoticias.com.pe\/noticiero\/#website"},"datePublished":"2011-01-25T16:23:13+00:00","author":{"@id":"https:\/\/aeronoticias.com.pe\/noticiero\/#\/schema\/person\/fc1e5d578f4b62ba1cf7ac2bba1170a0"},"description":"Portal de noticias del Per\u00fa sobre el transporte a\u00e9reo, aviaci\u00f3n, turismo, hoteleria, actualidad.","breadcrumb":{"@id":"https:\/\/aeronoticias.com.pe\/noticiero\/espectaculos\/cypress-hill-tego-calderon-y-calle-13-presentaran-festival-de-musica-urbana-en-lima\/#breadcrumb"},"inLanguage":"es","potentialAction":[{"@type":"ReadAction","target":["https:\/\/aeronoticias.com.pe\/noticiero\/espectaculos\/cypress-hill-tego-calderon-y-calle-13-presentaran-festival-de-musica-urbana-en-lima\/"]}]},{"@type":"BreadcrumbList","@id":"https:\/\/aeronoticias.com.pe\/noticiero\/espectaculos\/cypress-hill-tego-calderon-y-calle-13-presentaran-festival-de-musica-urbana-en-lima\/#breadcrumb","itemListElement":[{"@type":"ListItem","position":1,"name":"Portada","item":"https:\/\/aeronoticias.com.pe\/noticiero\/"},{"@type":"ListItem","position":2,"name":"Cypress Hill, Tego Calder\u00f3n y Calle 13 presentar\u00e1n festival de m\u00fasica urbana en Lima"}]},{"@type":"WebSite","@id":"https:\/\/aeronoticias.com.pe\/noticiero\/#website","url":"https:\/\/aeronoticias.com.pe\/noticiero\/","name":"Aeronoticias.com.pe","description":"Noticias de tranporte aereo, turismo, hoteles, gastronomia, actualidad, internacional","potentialAction":[{"@type":"SearchAction","target":{"@type":"EntryPoint","urlTemplate":"https:\/\/aeronoticias.com.pe\/noticiero\/?s={search_term_string}"},"query-input":{"@type":"PropertyValueSpecification","valueRequired":true,"valueName":"search_term_string"}}],"inLanguage":"es"},{"@type":"Person","@id":"https:\/\/aeronoticias.com.pe\/noticiero\/#\/schema\/person\/fc1e5d578f4b62ba1cf7ac2bba1170a0","name":"Redacci\u00f3n Aeronoticias","url":"https:\/\/aeronoticias.com.pe\/noticiero\/author\/piloto\/"}]}},"_links":{"self":[{"href":"https:\/\/aeronoticias.com.pe\/noticiero\/wp-json\/wp\/v2\/posts\/15127","targetHints":{"allow":["GET"]}}],"collection":[{"href":"https:\/\/aeronoticias.com.pe\/noticiero\/wp-json\/wp\/v2\/posts"}],"about":[{"href":"https:\/\/aeronoticias.com.pe\/noticiero\/wp-json\/wp\/v2\/types\/post"}],"author":[{"embeddable":true,"href":"https:\/\/aeronoticias.com.pe\/noticiero\/wp-json\/wp\/v2\/users\/1"}],"replies":[{"embeddable":true,"href":"https:\/\/aeronoticias.com.pe\/noticiero\/wp-json\/wp\/v2\/comments?post=15127"}],"version-history":[{"count":0,"href":"https:\/\/aeronoticias.com.pe\/noticiero\/wp-json\/wp\/v2\/posts\/15127\/revisions"}],"wp:attachment":[{"href":"https:\/\/aeronoticias.com.pe\/noticiero\/wp-json\/wp\/v2\/media?parent=15127"}],"wp:term":[{"taxonomy":"category","embeddable":true,"href":"https:\/\/aeronoticias.com.pe\/noticiero\/wp-json\/wp\/v2\/categories?post=15127"},{"taxonomy":"post_tag","embeddable":true,"href":"https:\/\/aeronoticias.com.pe\/noticiero\/wp-json\/wp\/v2\/tags?post=15127"}],"curies":[{"name":"wp","href":"https:\/\/api.w.org\/{rel}","templated":true}]}}