{"id":15129,"date":"2011-01-25T17:49:56","date_gmt":"2011-01-25T17:49:56","guid":{"rendered":"http:\/\/desarrollo.mcvicious.com\/aero2020\/2011\/01\/25\/en-abril-abren-tramo-de-costa-verde-que-aligerara-transito\/"},"modified":"2011-01-25T17:49:56","modified_gmt":"2011-01-25T17:49:56","slug":"en-abril-abren-tramo-de-costa-verde-que-aligerara-transito","status":"publish","type":"post","link":"https:\/\/aeronoticias.com.pe\/noticiero\/nacionales\/en-abril-abren-tramo-de-costa-verde-que-aligerara-transito\/","title":{"rendered":"En abril abren tramo de Costa Verde que aligerar\u00e1 tr\u00e1nsito"},"content":{"rendered":"<p>&nbsp;<\/p>\n<div style=\"text-align: justify\"><strong>(Aeronoticias).-<\/strong> A fines de abril pr\u00f3ximo ser\u00e1 inaugurado un nuevo tramo de casi un kil\u00f3metro y medio en la Costa Verde, que permitir\u00e1 aligerar el tr\u00e1nsito vehicular en direcci\u00f3n de San Isidro hacia Miraflores, inform\u00f3 el alcalde de este \u00faltimo distrito, Jorge Mu\u00f1oz Wells.<\/div>\n<div style=\"text-align: justify\"><\/div>\n<div style=\"text-align: justify\">Esa nueva v\u00eda, cuyas obras presentan un avance que supera el 60 por ciento, comprende cuatro carriles en una pista de 10 metros de ancho y servir\u00e1 como una alternativa que unir\u00e1 los distritos antes mencionados, en el sector cercano al cuartel San Mart\u00edn y al circuito de playas.<\/div>\n<p>&nbsp;<\/p>\n<p style=\"text-align: center\" align=\"justify\"><img decoding=\"async\" src=\"images\/stories\/11\/01\/250111\/costa-verde.jpg\" border=\"0\" alt=\"costa verde\" title=\"costa verde\" \/><\/p>\n<p align=\"justify\">\u201cLa v\u00eda que est\u00e1 ejecut\u00e1ndose resolver\u00e1 el tema de los atolladeros que se generan all\u00ed. Con ello, tendr\u00edamos, por un lado, una v\u00eda que subir\u00e1 a la zona del Museo de la Memoria, y por el otro, esta nueva pista de regreso de San Isidro a Miraflores, que antes no exist\u00eda\u201d, coment\u00f3. Esta obra demand\u00f3 una inversi\u00f3n de cinco millones de soles transferidos por el Ministerio de Vivienda, indic\u00f3 el burgomaestre, al precisar que su comuna destin\u00f3 por su parte un mill\u00f3n de soles adicional y el municipio de San Isidro, otros 700 mil soles.<\/p>\n<p align=\"justify\">Mencion\u00f3 que habilitar esta v\u00eda de retorno permitir\u00e1 tener en la zona carriles de subida y de bajada para el tr\u00e1nsito vehicular, lo que a su vez ayudar\u00e1 mucho a la reducci\u00f3n de los tiempos de desplazamiento y, por tanto, brindar\u00e1 una mejor calidad de vida a la poblaci\u00f3n.<\/p>\n<p>\u201cEsa zona de la Costa Verde, a la altura del \u00f3valo Los Delfines, es un lugar tortuoso para quienes se desplazan, sobre todo en horas punta\u201d, remarc\u00f3 el funcionario edilicio en di\u00e1logo con Andina. M\u00e1s adelante, el alcalde de Miraflores subray\u00f3 que su comuna ha iniciado un mapeo de diferentes calles que tienen la capa asf\u00e1ltica deteriorada y que merecen inmediata restauraci\u00f3n. Entre ellas figuran 28 de Julio, Jos\u00e9 Pardo, Ignacio Merino, y Roque y Bologna.<\/p>\n","protected":false},"excerpt":{"rendered":"<p>&nbsp; (Aeronoticias).- A fines de abril pr\u00f3ximo ser\u00e1 inaugurado un nuevo tramo de casi un kil\u00f3metro y medio en la Costa Verde, que permitir\u00e1 aligerar el tr\u00e1nsito vehicular en direcci\u00f3n de San Isidro hacia Miraflores, inform\u00f3 el alcalde de este \u00faltimo distrito, Jorge Mu\u00f1oz Wells. Esa nueva v\u00eda, cuyas obras presentan un avance que supera [&hellip;]<\/p>\n","protected":false},"author":1,"featured_media":0,"comment_status":"open","ping_status":"open","sticky":false,"template":"","format":"standard","meta":{"tdm_status":"","tdm_grid_status":"","footnotes":""},"categories":[38],"tags":[],"class_list":{"0":"post-15129","1":"post","2":"type-post","3":"status-publish","4":"format-standard","6":"category-nacionales"},"yoast_head":"<!-- This site is optimized with the Yoast SEO plugin v25.1 - https:\/\/yoast.com\/wordpress\/plugins\/seo\/ -->\n<title>En abril abren tramo de Costa Verde que aligerar\u00e1 tr\u00e1nsito<\/title>\n<meta name=\"description\" content=\"Portal de noticias del Per\u00fa sobre el transporte a\u00e9reo, aviaci\u00f3n, turismo, hoteleria, actualidad.\" \/>\n<meta name=\"robots\" content=\"index, follow, max-snippet:-1, max-image-preview:large, max-video-preview:-1\" \/>\n<link rel=\"canonical\" href=\"https:\/\/aeronoticias.com.pe\/noticiero\/nacionales\/en-abril-abren-tramo-de-costa-verde-que-aligerara-transito\/\" \/>\n<meta property=\"og:locale\" content=\"es_ES\" \/>\n<meta property=\"og:type\" content=\"article\" \/>\n<meta property=\"og:title\" content=\"En abril abren tramo de Costa Verde que aligerar\u00e1 tr\u00e1nsito\" \/>\n<meta property=\"og:description\" content=\"Portal de noticias del Per\u00fa sobre el transporte a\u00e9reo, aviaci\u00f3n, turismo, hoteleria, actualidad.\" \/>\n<meta property=\"og:url\" content=\"https:\/\/aeronoticias.com.pe\/noticiero\/nacionales\/en-abril-abren-tramo-de-costa-verde-que-aligerara-transito\/\" \/>\n<meta property=\"og:site_name\" content=\"Aeronoticias.com.pe\" \/>\n<meta property=\"article:publisher\" content=\"https:\/\/www.facebook.com\/Aeronoticias.com.pe\/\" \/>\n<meta property=\"article:published_time\" content=\"2011-01-25T17:49:56+00:00\" \/>\n<meta name=\"author\" content=\"Redacci\u00f3n Aeronoticias\" \/>\n<meta name=\"twitter:card\" content=\"summary_large_image\" \/>\n<meta name=\"twitter:creator\" content=\"@aeronoticias\" \/>\n<meta name=\"twitter:site\" content=\"@aeronoticias\" \/>\n<meta name=\"twitter:label1\" content=\"Escrito por\" \/>\n\t<meta name=\"twitter:data1\" content=\"Redacci\u00f3n Aeronoticias\" \/>\n\t<meta name=\"twitter:label2\" content=\"Tiempo de lectura\" \/>\n\t<meta name=\"twitter:data2\" content=\"2 minutos\" \/>\n<script type=\"application\/ld+json\" class=\"yoast-schema-graph\">{\"@context\":\"https:\/\/schema.org\",\"@graph\":[{\"@type\":\"WebPage\",\"@id\":\"https:\/\/aeronoticias.com.pe\/noticiero\/nacionales\/en-abril-abren-tramo-de-costa-verde-que-aligerara-transito\/\",\"url\":\"https:\/\/aeronoticias.com.pe\/noticiero\/nacionales\/en-abril-abren-tramo-de-costa-verde-que-aligerara-transito\/\",\"name\":\"En abril abren tramo de Costa Verde que aligerar\u00e1 tr\u00e1nsito\",\"isPartOf\":{\"@id\":\"https:\/\/aeronoticias.com.pe\/noticiero\/#website\"},\"datePublished\":\"2011-01-25T17:49:56+00:00\",\"author\":{\"@id\":\"https:\/\/aeronoticias.com.pe\/noticiero\/#\/schema\/person\/fc1e5d578f4b62ba1cf7ac2bba1170a0\"},\"description\":\"Portal de noticias del Per\u00fa sobre el transporte a\u00e9reo, aviaci\u00f3n, turismo, hoteleria, actualidad.\",\"breadcrumb\":{\"@id\":\"https:\/\/aeronoticias.com.pe\/noticiero\/nacionales\/en-abril-abren-tramo-de-costa-verde-que-aligerara-transito\/#breadcrumb\"},\"inLanguage\":\"es\",\"potentialAction\":[{\"@type\":\"ReadAction\",\"target\":[\"https:\/\/aeronoticias.com.pe\/noticiero\/nacionales\/en-abril-abren-tramo-de-costa-verde-que-aligerara-transito\/\"]}]},{\"@type\":\"BreadcrumbList\",\"@id\":\"https:\/\/aeronoticias.com.pe\/noticiero\/nacionales\/en-abril-abren-tramo-de-costa-verde-que-aligerara-transito\/#breadcrumb\",\"itemListElement\":[{\"@type\":\"ListItem\",\"position\":1,\"name\":\"Portada\",\"item\":\"https:\/\/aeronoticias.com.pe\/noticiero\/\"},{\"@type\":\"ListItem\",\"position\":2,\"name\":\"En abril abren tramo de Costa Verde que aligerar\u00e1 tr\u00e1nsito\"}]},{\"@type\":\"WebSite\",\"@id\":\"https:\/\/aeronoticias.com.pe\/noticiero\/#website\",\"url\":\"https:\/\/aeronoticias.com.pe\/noticiero\/\",\"name\":\"Aeronoticias.com.pe\",\"description\":\"Noticias de tranporte aereo, turismo, hoteles, gastronomia, actualidad, internacional\",\"potentialAction\":[{\"@type\":\"SearchAction\",\"target\":{\"@type\":\"EntryPoint\",\"urlTemplate\":\"https:\/\/aeronoticias.com.pe\/noticiero\/?s={search_term_string}\"},\"query-input\":{\"@type\":\"PropertyValueSpecification\",\"valueRequired\":true,\"valueName\":\"search_term_string\"}}],\"inLanguage\":\"es\"},{\"@type\":\"Person\",\"@id\":\"https:\/\/aeronoticias.com.pe\/noticiero\/#\/schema\/person\/fc1e5d578f4b62ba1cf7ac2bba1170a0\",\"name\":\"Redacci\u00f3n Aeronoticias\",\"url\":\"https:\/\/aeronoticias.com.pe\/noticiero\/author\/piloto\/\"}]}<\/script>\n<!-- \/ Yoast SEO plugin. -->","yoast_head_json":{"title":"En abril abren tramo de Costa Verde que aligerar\u00e1 tr\u00e1nsito","description":"Portal de noticias del Per\u00fa sobre el transporte a\u00e9reo, aviaci\u00f3n, turismo, hoteleria, actualidad.","robots":{"index":"index","follow":"follow","max-snippet":"max-snippet:-1","max-image-preview":"max-image-preview:large","max-video-preview":"max-video-preview:-1"},"canonical":"https:\/\/aeronoticias.com.pe\/noticiero\/nacionales\/en-abril-abren-tramo-de-costa-verde-que-aligerara-transito\/","og_locale":"es_ES","og_type":"article","og_title":"En abril abren tramo de Costa Verde que aligerar\u00e1 tr\u00e1nsito","og_description":"Portal de noticias del Per\u00fa sobre el transporte a\u00e9reo, aviaci\u00f3n, turismo, hoteleria, actualidad.","og_url":"https:\/\/aeronoticias.com.pe\/noticiero\/nacionales\/en-abril-abren-tramo-de-costa-verde-que-aligerara-transito\/","og_site_name":"Aeronoticias.com.pe","article_publisher":"https:\/\/www.facebook.com\/Aeronoticias.com.pe\/","article_published_time":"2011-01-25T17:49:56+00:00","author":"Redacci\u00f3n Aeronoticias","twitter_card":"summary_large_image","twitter_creator":"@aeronoticias","twitter_site":"@aeronoticias","twitter_misc":{"Escrito por":"Redacci\u00f3n Aeronoticias","Tiempo de lectura":"2 minutos"},"schema":{"@context":"https:\/\/schema.org","@graph":[{"@type":"WebPage","@id":"https:\/\/aeronoticias.com.pe\/noticiero\/nacionales\/en-abril-abren-tramo-de-costa-verde-que-aligerara-transito\/","url":"https:\/\/aeronoticias.com.pe\/noticiero\/nacionales\/en-abril-abren-tramo-de-costa-verde-que-aligerara-transito\/","name":"En abril abren tramo de Costa Verde que aligerar\u00e1 tr\u00e1nsito","isPartOf":{"@id":"https:\/\/aeronoticias.com.pe\/noticiero\/#website"},"datePublished":"2011-01-25T17:49:56+00:00","author":{"@id":"https:\/\/aeronoticias.com.pe\/noticiero\/#\/schema\/person\/fc1e5d578f4b62ba1cf7ac2bba1170a0"},"description":"Portal de noticias del Per\u00fa sobre el transporte a\u00e9reo, aviaci\u00f3n, turismo, hoteleria, actualidad.","breadcrumb":{"@id":"https:\/\/aeronoticias.com.pe\/noticiero\/nacionales\/en-abril-abren-tramo-de-costa-verde-que-aligerara-transito\/#breadcrumb"},"inLanguage":"es","potentialAction":[{"@type":"ReadAction","target":["https:\/\/aeronoticias.com.pe\/noticiero\/nacionales\/en-abril-abren-tramo-de-costa-verde-que-aligerara-transito\/"]}]},{"@type":"BreadcrumbList","@id":"https:\/\/aeronoticias.com.pe\/noticiero\/nacionales\/en-abril-abren-tramo-de-costa-verde-que-aligerara-transito\/#breadcrumb","itemListElement":[{"@type":"ListItem","position":1,"name":"Portada","item":"https:\/\/aeronoticias.com.pe\/noticiero\/"},{"@type":"ListItem","position":2,"name":"En abril abren tramo de Costa Verde que aligerar\u00e1 tr\u00e1nsito"}]},{"@type":"WebSite","@id":"https:\/\/aeronoticias.com.pe\/noticiero\/#website","url":"https:\/\/aeronoticias.com.pe\/noticiero\/","name":"Aeronoticias.com.pe","description":"Noticias de tranporte aereo, turismo, hoteles, gastronomia, actualidad, internacional","potentialAction":[{"@type":"SearchAction","target":{"@type":"EntryPoint","urlTemplate":"https:\/\/aeronoticias.com.pe\/noticiero\/?s={search_term_string}"},"query-input":{"@type":"PropertyValueSpecification","valueRequired":true,"valueName":"search_term_string"}}],"inLanguage":"es"},{"@type":"Person","@id":"https:\/\/aeronoticias.com.pe\/noticiero\/#\/schema\/person\/fc1e5d578f4b62ba1cf7ac2bba1170a0","name":"Redacci\u00f3n Aeronoticias","url":"https:\/\/aeronoticias.com.pe\/noticiero\/author\/piloto\/"}]}},"_links":{"self":[{"href":"https:\/\/aeronoticias.com.pe\/noticiero\/wp-json\/wp\/v2\/posts\/15129","targetHints":{"allow":["GET"]}}],"collection":[{"href":"https:\/\/aeronoticias.com.pe\/noticiero\/wp-json\/wp\/v2\/posts"}],"about":[{"href":"https:\/\/aeronoticias.com.pe\/noticiero\/wp-json\/wp\/v2\/types\/post"}],"author":[{"embeddable":true,"href":"https:\/\/aeronoticias.com.pe\/noticiero\/wp-json\/wp\/v2\/users\/1"}],"replies":[{"embeddable":true,"href":"https:\/\/aeronoticias.com.pe\/noticiero\/wp-json\/wp\/v2\/comments?post=15129"}],"version-history":[{"count":0,"href":"https:\/\/aeronoticias.com.pe\/noticiero\/wp-json\/wp\/v2\/posts\/15129\/revisions"}],"wp:attachment":[{"href":"https:\/\/aeronoticias.com.pe\/noticiero\/wp-json\/wp\/v2\/media?parent=15129"}],"wp:term":[{"taxonomy":"category","embeddable":true,"href":"https:\/\/aeronoticias.com.pe\/noticiero\/wp-json\/wp\/v2\/categories?post=15129"},{"taxonomy":"post_tag","embeddable":true,"href":"https:\/\/aeronoticias.com.pe\/noticiero\/wp-json\/wp\/v2\/tags?post=15129"}],"curies":[{"name":"wp","href":"https:\/\/api.w.org\/{rel}","templated":true}]}}