{"id":15131,"date":"2011-01-25T19:52:22","date_gmt":"2011-01-25T19:52:22","guid":{"rendered":"http:\/\/desarrollo.mcvicious.com\/aero2020\/2011\/01\/25\/este-domingo-comienza-la-fiesta-de-la-virgen-de-la-candelaria-en-puno\/"},"modified":"2011-01-25T19:52:22","modified_gmt":"2011-01-25T19:52:22","slug":"este-domingo-comienza-la-fiesta-de-la-virgen-de-la-candelaria-en-puno","status":"publish","type":"post","link":"https:\/\/aeronoticias.com.pe\/noticiero\/turismo\/13\/este-domingo-comienza-la-fiesta-de-la-virgen-de-la-candelaria-en-puno\/","title":{"rendered":"Este domingo comienza la Fiesta de la Virgen de la Candelaria en Puno"},"content":{"rendered":"<div align=\"justify\"><strong>(Aeronoticias).-\u00a0<\/strong>Este domingo 30 de enero participar\u00e1n m\u00e1s de 70 agrupaciones folcl\u00f3ricas en el 47\u00ba concurso de danzas aut\u00f3ctonas, certamen con el que se da comienzo a la fiesta pune\u00f1a de la Virgen de la Candelaria, que este a\u00f1o espera reunir a unos 80,00 turistas nacionales y extranjeros. <\/p>\n<p>El administrador de la Federaci\u00f3n Regional del Folclore y Cultura de Puno, Hugo Bustamente, indic\u00f3 que el concurso de danzas se iniciar\u00e1 a las 07:00 horas en el estadio Enrique Torres Bel\u00f3n de la ciudad altipl\u00e1nica.<\/p><\/div>\n<div align=\"justify\">\u00a0<\/div>\n<div>\n<div style=\"text-align: center\"><img decoding=\"async\" src=\"images\/stories\/11\/01\/250111\/virgen_candelaria_2011.jpg\" border=\"0\" alt=\"Este domingo comienza la Fiesta de la Virgen de la Candelaria en Puno\" title=\"Este domingo comienza la Fiesta de la Virgen de la Candelaria en Puno\" \/><\/div>\n<div style=\"text-align: justify\"><\/div>\n<div style=\"text-align: justify\">Durante m\u00e1s de nueve horas las agrupaciones, integradas por 120 bailarines y m\u00fasicos, presentar\u00e1n su coreograf\u00eda y vistosos vestuarios propios de sus terru\u00f1os. Habr\u00e1n comparsas en los g\u00e9neros de carnavales, pastoriles, agr\u00edcolas y sicuris.<\/div>\n<div style=\"text-align: justify\"><\/div>\n<div style=\"text-align: justify\">La agrupaci\u00f3n que sea la ganadora participar\u00e1 el pr\u00f3ximo a\u00f1o en el concurso de trajes de luces de la Festividad de la Virgen de la Candelaria 2012, inform\u00f3.<\/div>\n<div style=\"text-align: justify\"><\/div>\n<div style=\"text-align: justify\">Bustamanete se\u00f1al\u00f3, \u201cLa tarea es ardua para el jurado calificador que deber\u00e1 tener en cuenta el vestuario, la m\u00fasica y el desarrollo de la coreograf\u00eda de cada comparsa\u201d, seg\u00fan cita Andina.<\/div>\n<\/div>\n<div align=\"justify\">Por \u00faltimo afirm\u00f3, que al concluir el concurso, las agrupaciones participar\u00e1n en un colorido pasacalle.<\/p>\n<\/div>\n","protected":false},"excerpt":{"rendered":"<p>(Aeronoticias).-\u00a0Este domingo 30 de enero participar\u00e1n m\u00e1s de 70 agrupaciones folcl\u00f3ricas en el 47\u00ba concurso de danzas aut\u00f3ctonas, certamen con el que se da comienzo a la fiesta pune\u00f1a de la Virgen de la Candelaria, que este a\u00f1o espera reunir a unos 80,00 turistas nacionales y extranjeros. El administrador de la Federaci\u00f3n Regional del Folclore [&hellip;]<\/p>\n","protected":false},"author":1,"featured_media":0,"comment_status":"open","ping_status":"open","sticky":false,"template":"","format":"standard","meta":{"tdm_status":"","tdm_grid_status":"","footnotes":""},"categories":[31],"tags":[],"class_list":{"0":"post-15131","1":"post","2":"type-post","3":"status-publish","4":"format-standard","6":"category-31"},"yoast_head":"<!-- This site is optimized with the Yoast SEO plugin v25.1 - https:\/\/yoast.com\/wordpress\/plugins\/seo\/ -->\n<title>Este domingo comienza la Fiesta de la Virgen de la Candelaria en Puno<\/title>\n<meta name=\"description\" content=\"Portal de noticias del Per\u00fa sobre el transporte a\u00e9reo, aviaci\u00f3n, turismo, hoteleria, actualidad.\" \/>\n<meta name=\"robots\" content=\"index, follow, max-snippet:-1, max-image-preview:large, max-video-preview:-1\" \/>\n<link rel=\"canonical\" href=\"https:\/\/aeronoticias.com.pe\/noticiero\/turismo\/13\/este-domingo-comienza-la-fiesta-de-la-virgen-de-la-candelaria-en-puno\/\" \/>\n<meta property=\"og:locale\" content=\"es_ES\" \/>\n<meta property=\"og:type\" content=\"article\" \/>\n<meta property=\"og:title\" content=\"Este domingo comienza la Fiesta de la Virgen de la Candelaria en Puno\" \/>\n<meta property=\"og:description\" content=\"Portal de noticias del Per\u00fa sobre el transporte a\u00e9reo, aviaci\u00f3n, turismo, hoteleria, actualidad.\" \/>\n<meta property=\"og:url\" content=\"https:\/\/aeronoticias.com.pe\/noticiero\/turismo\/13\/este-domingo-comienza-la-fiesta-de-la-virgen-de-la-candelaria-en-puno\/\" \/>\n<meta property=\"og:site_name\" content=\"Aeronoticias.com.pe\" \/>\n<meta property=\"article:publisher\" content=\"https:\/\/www.facebook.com\/Aeronoticias.com.pe\/\" \/>\n<meta property=\"article:published_time\" content=\"2011-01-25T19:52:22+00:00\" \/>\n<meta name=\"author\" content=\"Redacci\u00f3n Aeronoticias\" \/>\n<meta name=\"twitter:card\" content=\"summary_large_image\" \/>\n<meta name=\"twitter:creator\" content=\"@aeronoticias\" \/>\n<meta name=\"twitter:site\" content=\"@aeronoticias\" \/>\n<meta name=\"twitter:label1\" content=\"Escrito por\" \/>\n\t<meta name=\"twitter:data1\" content=\"Redacci\u00f3n Aeronoticias\" \/>\n\t<meta name=\"twitter:label2\" content=\"Tiempo de lectura\" \/>\n\t<meta name=\"twitter:data2\" content=\"1 minuto\" \/>\n<script type=\"application\/ld+json\" class=\"yoast-schema-graph\">{\"@context\":\"https:\/\/schema.org\",\"@graph\":[{\"@type\":\"WebPage\",\"@id\":\"https:\/\/aeronoticias.com.pe\/noticiero\/turismo\/13\/este-domingo-comienza-la-fiesta-de-la-virgen-de-la-candelaria-en-puno\/\",\"url\":\"https:\/\/aeronoticias.com.pe\/noticiero\/turismo\/13\/este-domingo-comienza-la-fiesta-de-la-virgen-de-la-candelaria-en-puno\/\",\"name\":\"Este domingo comienza la Fiesta de la Virgen de la Candelaria en Puno\",\"isPartOf\":{\"@id\":\"https:\/\/aeronoticias.com.pe\/noticiero\/#website\"},\"datePublished\":\"2011-01-25T19:52:22+00:00\",\"author\":{\"@id\":\"https:\/\/aeronoticias.com.pe\/noticiero\/#\/schema\/person\/fc1e5d578f4b62ba1cf7ac2bba1170a0\"},\"description\":\"Portal de noticias del Per\u00fa sobre el transporte a\u00e9reo, aviaci\u00f3n, turismo, hoteleria, actualidad.\",\"breadcrumb\":{\"@id\":\"https:\/\/aeronoticias.com.pe\/noticiero\/turismo\/13\/este-domingo-comienza-la-fiesta-de-la-virgen-de-la-candelaria-en-puno\/#breadcrumb\"},\"inLanguage\":\"es\",\"potentialAction\":[{\"@type\":\"ReadAction\",\"target\":[\"https:\/\/aeronoticias.com.pe\/noticiero\/turismo\/13\/este-domingo-comienza-la-fiesta-de-la-virgen-de-la-candelaria-en-puno\/\"]}]},{\"@type\":\"BreadcrumbList\",\"@id\":\"https:\/\/aeronoticias.com.pe\/noticiero\/turismo\/13\/este-domingo-comienza-la-fiesta-de-la-virgen-de-la-candelaria-en-puno\/#breadcrumb\",\"itemListElement\":[{\"@type\":\"ListItem\",\"position\":1,\"name\":\"Portada\",\"item\":\"https:\/\/aeronoticias.com.pe\/noticiero\/\"},{\"@type\":\"ListItem\",\"position\":2,\"name\":\"Este domingo comienza la Fiesta de la Virgen de la Candelaria en Puno\"}]},{\"@type\":\"WebSite\",\"@id\":\"https:\/\/aeronoticias.com.pe\/noticiero\/#website\",\"url\":\"https:\/\/aeronoticias.com.pe\/noticiero\/\",\"name\":\"Aeronoticias.com.pe\",\"description\":\"Noticias de tranporte aereo, turismo, hoteles, gastronomia, actualidad, internacional\",\"potentialAction\":[{\"@type\":\"SearchAction\",\"target\":{\"@type\":\"EntryPoint\",\"urlTemplate\":\"https:\/\/aeronoticias.com.pe\/noticiero\/?s={search_term_string}\"},\"query-input\":{\"@type\":\"PropertyValueSpecification\",\"valueRequired\":true,\"valueName\":\"search_term_string\"}}],\"inLanguage\":\"es\"},{\"@type\":\"Person\",\"@id\":\"https:\/\/aeronoticias.com.pe\/noticiero\/#\/schema\/person\/fc1e5d578f4b62ba1cf7ac2bba1170a0\",\"name\":\"Redacci\u00f3n Aeronoticias\",\"url\":\"https:\/\/aeronoticias.com.pe\/noticiero\/author\/piloto\/\"}]}<\/script>\n<!-- \/ Yoast SEO plugin. -->","yoast_head_json":{"title":"Este domingo comienza la Fiesta de la Virgen de la Candelaria en Puno","description":"Portal de noticias del Per\u00fa sobre el transporte a\u00e9reo, aviaci\u00f3n, turismo, hoteleria, actualidad.","robots":{"index":"index","follow":"follow","max-snippet":"max-snippet:-1","max-image-preview":"max-image-preview:large","max-video-preview":"max-video-preview:-1"},"canonical":"https:\/\/aeronoticias.com.pe\/noticiero\/turismo\/13\/este-domingo-comienza-la-fiesta-de-la-virgen-de-la-candelaria-en-puno\/","og_locale":"es_ES","og_type":"article","og_title":"Este domingo comienza la Fiesta de la Virgen de la Candelaria en Puno","og_description":"Portal de noticias del Per\u00fa sobre el transporte a\u00e9reo, aviaci\u00f3n, turismo, hoteleria, actualidad.","og_url":"https:\/\/aeronoticias.com.pe\/noticiero\/turismo\/13\/este-domingo-comienza-la-fiesta-de-la-virgen-de-la-candelaria-en-puno\/","og_site_name":"Aeronoticias.com.pe","article_publisher":"https:\/\/www.facebook.com\/Aeronoticias.com.pe\/","article_published_time":"2011-01-25T19:52:22+00:00","author":"Redacci\u00f3n Aeronoticias","twitter_card":"summary_large_image","twitter_creator":"@aeronoticias","twitter_site":"@aeronoticias","twitter_misc":{"Escrito por":"Redacci\u00f3n Aeronoticias","Tiempo de lectura":"1 minuto"},"schema":{"@context":"https:\/\/schema.org","@graph":[{"@type":"WebPage","@id":"https:\/\/aeronoticias.com.pe\/noticiero\/turismo\/13\/este-domingo-comienza-la-fiesta-de-la-virgen-de-la-candelaria-en-puno\/","url":"https:\/\/aeronoticias.com.pe\/noticiero\/turismo\/13\/este-domingo-comienza-la-fiesta-de-la-virgen-de-la-candelaria-en-puno\/","name":"Este domingo comienza la Fiesta de la Virgen de la Candelaria en Puno","isPartOf":{"@id":"https:\/\/aeronoticias.com.pe\/noticiero\/#website"},"datePublished":"2011-01-25T19:52:22+00:00","author":{"@id":"https:\/\/aeronoticias.com.pe\/noticiero\/#\/schema\/person\/fc1e5d578f4b62ba1cf7ac2bba1170a0"},"description":"Portal de noticias del Per\u00fa sobre el transporte a\u00e9reo, aviaci\u00f3n, turismo, hoteleria, actualidad.","breadcrumb":{"@id":"https:\/\/aeronoticias.com.pe\/noticiero\/turismo\/13\/este-domingo-comienza-la-fiesta-de-la-virgen-de-la-candelaria-en-puno\/#breadcrumb"},"inLanguage":"es","potentialAction":[{"@type":"ReadAction","target":["https:\/\/aeronoticias.com.pe\/noticiero\/turismo\/13\/este-domingo-comienza-la-fiesta-de-la-virgen-de-la-candelaria-en-puno\/"]}]},{"@type":"BreadcrumbList","@id":"https:\/\/aeronoticias.com.pe\/noticiero\/turismo\/13\/este-domingo-comienza-la-fiesta-de-la-virgen-de-la-candelaria-en-puno\/#breadcrumb","itemListElement":[{"@type":"ListItem","position":1,"name":"Portada","item":"https:\/\/aeronoticias.com.pe\/noticiero\/"},{"@type":"ListItem","position":2,"name":"Este domingo comienza la Fiesta de la Virgen de la Candelaria en Puno"}]},{"@type":"WebSite","@id":"https:\/\/aeronoticias.com.pe\/noticiero\/#website","url":"https:\/\/aeronoticias.com.pe\/noticiero\/","name":"Aeronoticias.com.pe","description":"Noticias de tranporte aereo, turismo, hoteles, gastronomia, actualidad, internacional","potentialAction":[{"@type":"SearchAction","target":{"@type":"EntryPoint","urlTemplate":"https:\/\/aeronoticias.com.pe\/noticiero\/?s={search_term_string}"},"query-input":{"@type":"PropertyValueSpecification","valueRequired":true,"valueName":"search_term_string"}}],"inLanguage":"es"},{"@type":"Person","@id":"https:\/\/aeronoticias.com.pe\/noticiero\/#\/schema\/person\/fc1e5d578f4b62ba1cf7ac2bba1170a0","name":"Redacci\u00f3n Aeronoticias","url":"https:\/\/aeronoticias.com.pe\/noticiero\/author\/piloto\/"}]}},"_links":{"self":[{"href":"https:\/\/aeronoticias.com.pe\/noticiero\/wp-json\/wp\/v2\/posts\/15131","targetHints":{"allow":["GET"]}}],"collection":[{"href":"https:\/\/aeronoticias.com.pe\/noticiero\/wp-json\/wp\/v2\/posts"}],"about":[{"href":"https:\/\/aeronoticias.com.pe\/noticiero\/wp-json\/wp\/v2\/types\/post"}],"author":[{"embeddable":true,"href":"https:\/\/aeronoticias.com.pe\/noticiero\/wp-json\/wp\/v2\/users\/1"}],"replies":[{"embeddable":true,"href":"https:\/\/aeronoticias.com.pe\/noticiero\/wp-json\/wp\/v2\/comments?post=15131"}],"version-history":[{"count":0,"href":"https:\/\/aeronoticias.com.pe\/noticiero\/wp-json\/wp\/v2\/posts\/15131\/revisions"}],"wp:attachment":[{"href":"https:\/\/aeronoticias.com.pe\/noticiero\/wp-json\/wp\/v2\/media?parent=15131"}],"wp:term":[{"taxonomy":"category","embeddable":true,"href":"https:\/\/aeronoticias.com.pe\/noticiero\/wp-json\/wp\/v2\/categories?post=15131"},{"taxonomy":"post_tag","embeddable":true,"href":"https:\/\/aeronoticias.com.pe\/noticiero\/wp-json\/wp\/v2\/tags?post=15131"}],"curies":[{"name":"wp","href":"https:\/\/api.w.org\/{rel}","templated":true}]}}