{"id":15132,"date":"2011-01-25T19:39:24","date_gmt":"2011-01-25T19:39:24","guid":{"rendered":"http:\/\/desarrollo.mcvicious.com\/aero2020\/2011\/01\/25\/peru-y-uruguay-suscribieron-acuerdos-bilaterales\/"},"modified":"2011-01-25T19:39:24","modified_gmt":"2011-01-25T19:39:24","slug":"peru-y-uruguay-suscribieron-acuerdos-bilaterales","status":"publish","type":"post","link":"https:\/\/aeronoticias.com.pe\/noticiero\/nacionales\/peru-y-uruguay-suscribieron-acuerdos-bilaterales\/","title":{"rendered":"Per\u00fa y Uruguay suscribieron acuerdos bilaterales"},"content":{"rendered":"<div>\n<div style=\"text-align: justify\"><strong>(Aeronoticias).-<\/strong> Los presidentes de Per\u00fa y Uruguay, Alan Garc\u00eda y Jos\u00e9 Mujica, respectivamente, firmaron hoy en Palacio de Gobierno diversos convenios que estrechan la relaci\u00f3n bilateral entre ambos pa\u00edses.<\/div>\n<div style=\"text-align: justify\"><\/div>\n<\/div>\n<div>\n<div style=\"text-align: justify\">Uno de los acuerdos suscritos \u00a0fue el Convenio de Cooperaci\u00f3n Interinstitucional entre la Autoridad Portuaria Nacional de Per\u00fa y la Administraci\u00f3n Nacional de Puertos de Uruguay, con el fin de lograr mejoras aeroportuarias, as\u00ed como unir oficialmente a los puertos de Montevideo y del Callao como puertos hermanos.<\/div>\n<div style=\"text-align: justify\"><\/div>\n<\/div>\n<div>\n<div style=\"text-align: justify\">Asimismo se suscribi\u00f3 el Memor\u00e1ndum de Entendimiento sobre Cooperaci\u00f3n de Salud entre el Ministerio de Salud de Per\u00fa y el Ministerio de Salud P\u00fablica de Uruguay que busca el intercambio de informaci\u00f3n e investigaci\u00f3n conjunta, tal como lo confirm\u00f3 la Agencia Andina.<\/div>\n<div style=\"text-align: justify\"><\/div>\n<div style=\"text-align: center\"><img decoding=\"async\" src=\"images\/stories\/11\/01\/250111\/garciaymujica.jpg\" border=\"0\" alt=\"Per\u00fa y Uruguay suscribieron acuerdos bilaterales\" title=\"Per\u00fa y Uruguay suscribieron acuerdos bilaterales\" \/><\/div>\n<div style=\"text-align: justify\"><\/div>\n<\/div>\n<div>\n<div style=\"text-align: justify\"><strong>M\u00e1s informaci\u00f3n<\/strong><\/div>\n<div style=\"text-align: justify\"><\/div>\n<div style=\"text-align: justify\">Por su parte, los cancilleres de Per\u00fa, Jos\u00e9 Antonio Garc\u00eda Belaunde; y su par uruguayo, Luis Almagro, suscribieron el Acuerdo Marco de Cooperaci\u00f3n sobre Asuntos Migratorios, que faculta el establecimiento de mecanismos de cooperaci\u00f3n bilateral en las diversas \u00e1reas de migraci\u00f3n laboral, programas de interculturalidad, combate a la trata de personas y mecanismos para la regularizaci\u00f3n de migrantes.<\/div>\n<\/div>\n<div style=\"text-align: justify\"><\/div>\n","protected":false},"excerpt":{"rendered":"<p>(Aeronoticias).- Los presidentes de Per\u00fa y Uruguay, Alan Garc\u00eda y Jos\u00e9 Mujica, respectivamente, firmaron hoy en Palacio de Gobierno diversos convenios que estrechan la relaci\u00f3n bilateral entre ambos pa\u00edses. Uno de los acuerdos suscritos \u00a0fue el Convenio de Cooperaci\u00f3n Interinstitucional entre la Autoridad Portuaria Nacional de Per\u00fa y la Administraci\u00f3n Nacional de Puertos de Uruguay, [&hellip;]<\/p>\n","protected":false},"author":1,"featured_media":0,"comment_status":"open","ping_status":"open","sticky":false,"template":"","format":"standard","meta":{"tdm_status":"","tdm_grid_status":"","footnotes":""},"categories":[38],"tags":[],"class_list":{"0":"post-15132","1":"post","2":"type-post","3":"status-publish","4":"format-standard","6":"category-nacionales"},"yoast_head":"<!-- This site is optimized with the Yoast SEO plugin v25.1 - https:\/\/yoast.com\/wordpress\/plugins\/seo\/ -->\n<title>Per\u00fa y Uruguay suscribieron acuerdos bilaterales<\/title>\n<meta name=\"description\" content=\"Portal de noticias del Per\u00fa sobre el transporte a\u00e9reo, aviaci\u00f3n, turismo, hoteleria, actualidad.\" \/>\n<meta name=\"robots\" content=\"index, follow, max-snippet:-1, max-image-preview:large, max-video-preview:-1\" \/>\n<link rel=\"canonical\" href=\"https:\/\/aeronoticias.com.pe\/noticiero\/nacionales\/peru-y-uruguay-suscribieron-acuerdos-bilaterales\/\" \/>\n<meta property=\"og:locale\" content=\"es_ES\" \/>\n<meta property=\"og:type\" content=\"article\" \/>\n<meta property=\"og:title\" content=\"Per\u00fa y Uruguay suscribieron acuerdos bilaterales\" \/>\n<meta property=\"og:description\" content=\"Portal de noticias del Per\u00fa sobre el transporte a\u00e9reo, aviaci\u00f3n, turismo, hoteleria, actualidad.\" \/>\n<meta property=\"og:url\" content=\"https:\/\/aeronoticias.com.pe\/noticiero\/nacionales\/peru-y-uruguay-suscribieron-acuerdos-bilaterales\/\" \/>\n<meta property=\"og:site_name\" content=\"Aeronoticias.com.pe\" \/>\n<meta property=\"article:publisher\" content=\"https:\/\/www.facebook.com\/Aeronoticias.com.pe\/\" \/>\n<meta property=\"article:published_time\" content=\"2011-01-25T19:39:24+00:00\" \/>\n<meta name=\"author\" content=\"Redacci\u00f3n Aeronoticias\" \/>\n<meta name=\"twitter:card\" content=\"summary_large_image\" \/>\n<meta name=\"twitter:creator\" content=\"@aeronoticias\" \/>\n<meta name=\"twitter:site\" content=\"@aeronoticias\" \/>\n<meta name=\"twitter:label1\" content=\"Escrito por\" \/>\n\t<meta name=\"twitter:data1\" content=\"Redacci\u00f3n Aeronoticias\" \/>\n\t<meta name=\"twitter:label2\" content=\"Tiempo de lectura\" \/>\n\t<meta name=\"twitter:data2\" content=\"1 minuto\" \/>\n<script type=\"application\/ld+json\" class=\"yoast-schema-graph\">{\"@context\":\"https:\/\/schema.org\",\"@graph\":[{\"@type\":\"WebPage\",\"@id\":\"https:\/\/aeronoticias.com.pe\/noticiero\/nacionales\/peru-y-uruguay-suscribieron-acuerdos-bilaterales\/\",\"url\":\"https:\/\/aeronoticias.com.pe\/noticiero\/nacionales\/peru-y-uruguay-suscribieron-acuerdos-bilaterales\/\",\"name\":\"Per\u00fa y Uruguay suscribieron acuerdos bilaterales\",\"isPartOf\":{\"@id\":\"https:\/\/aeronoticias.com.pe\/noticiero\/#website\"},\"datePublished\":\"2011-01-25T19:39:24+00:00\",\"author\":{\"@id\":\"https:\/\/aeronoticias.com.pe\/noticiero\/#\/schema\/person\/fc1e5d578f4b62ba1cf7ac2bba1170a0\"},\"description\":\"Portal de noticias del Per\u00fa sobre el transporte a\u00e9reo, aviaci\u00f3n, turismo, hoteleria, actualidad.\",\"breadcrumb\":{\"@id\":\"https:\/\/aeronoticias.com.pe\/noticiero\/nacionales\/peru-y-uruguay-suscribieron-acuerdos-bilaterales\/#breadcrumb\"},\"inLanguage\":\"es\",\"potentialAction\":[{\"@type\":\"ReadAction\",\"target\":[\"https:\/\/aeronoticias.com.pe\/noticiero\/nacionales\/peru-y-uruguay-suscribieron-acuerdos-bilaterales\/\"]}]},{\"@type\":\"BreadcrumbList\",\"@id\":\"https:\/\/aeronoticias.com.pe\/noticiero\/nacionales\/peru-y-uruguay-suscribieron-acuerdos-bilaterales\/#breadcrumb\",\"itemListElement\":[{\"@type\":\"ListItem\",\"position\":1,\"name\":\"Portada\",\"item\":\"https:\/\/aeronoticias.com.pe\/noticiero\/\"},{\"@type\":\"ListItem\",\"position\":2,\"name\":\"Per\u00fa y Uruguay suscribieron acuerdos bilaterales\"}]},{\"@type\":\"WebSite\",\"@id\":\"https:\/\/aeronoticias.com.pe\/noticiero\/#website\",\"url\":\"https:\/\/aeronoticias.com.pe\/noticiero\/\",\"name\":\"Aeronoticias.com.pe\",\"description\":\"Noticias de tranporte aereo, turismo, hoteles, gastronomia, actualidad, internacional\",\"potentialAction\":[{\"@type\":\"SearchAction\",\"target\":{\"@type\":\"EntryPoint\",\"urlTemplate\":\"https:\/\/aeronoticias.com.pe\/noticiero\/?s={search_term_string}\"},\"query-input\":{\"@type\":\"PropertyValueSpecification\",\"valueRequired\":true,\"valueName\":\"search_term_string\"}}],\"inLanguage\":\"es\"},{\"@type\":\"Person\",\"@id\":\"https:\/\/aeronoticias.com.pe\/noticiero\/#\/schema\/person\/fc1e5d578f4b62ba1cf7ac2bba1170a0\",\"name\":\"Redacci\u00f3n Aeronoticias\",\"url\":\"https:\/\/aeronoticias.com.pe\/noticiero\/author\/piloto\/\"}]}<\/script>\n<!-- \/ Yoast SEO plugin. -->","yoast_head_json":{"title":"Per\u00fa y Uruguay suscribieron acuerdos bilaterales","description":"Portal de noticias del Per\u00fa sobre el transporte a\u00e9reo, aviaci\u00f3n, turismo, hoteleria, actualidad.","robots":{"index":"index","follow":"follow","max-snippet":"max-snippet:-1","max-image-preview":"max-image-preview:large","max-video-preview":"max-video-preview:-1"},"canonical":"https:\/\/aeronoticias.com.pe\/noticiero\/nacionales\/peru-y-uruguay-suscribieron-acuerdos-bilaterales\/","og_locale":"es_ES","og_type":"article","og_title":"Per\u00fa y Uruguay suscribieron acuerdos bilaterales","og_description":"Portal de noticias del Per\u00fa sobre el transporte a\u00e9reo, aviaci\u00f3n, turismo, hoteleria, actualidad.","og_url":"https:\/\/aeronoticias.com.pe\/noticiero\/nacionales\/peru-y-uruguay-suscribieron-acuerdos-bilaterales\/","og_site_name":"Aeronoticias.com.pe","article_publisher":"https:\/\/www.facebook.com\/Aeronoticias.com.pe\/","article_published_time":"2011-01-25T19:39:24+00:00","author":"Redacci\u00f3n Aeronoticias","twitter_card":"summary_large_image","twitter_creator":"@aeronoticias","twitter_site":"@aeronoticias","twitter_misc":{"Escrito por":"Redacci\u00f3n Aeronoticias","Tiempo de lectura":"1 minuto"},"schema":{"@context":"https:\/\/schema.org","@graph":[{"@type":"WebPage","@id":"https:\/\/aeronoticias.com.pe\/noticiero\/nacionales\/peru-y-uruguay-suscribieron-acuerdos-bilaterales\/","url":"https:\/\/aeronoticias.com.pe\/noticiero\/nacionales\/peru-y-uruguay-suscribieron-acuerdos-bilaterales\/","name":"Per\u00fa y Uruguay suscribieron acuerdos bilaterales","isPartOf":{"@id":"https:\/\/aeronoticias.com.pe\/noticiero\/#website"},"datePublished":"2011-01-25T19:39:24+00:00","author":{"@id":"https:\/\/aeronoticias.com.pe\/noticiero\/#\/schema\/person\/fc1e5d578f4b62ba1cf7ac2bba1170a0"},"description":"Portal de noticias del Per\u00fa sobre el transporte a\u00e9reo, aviaci\u00f3n, turismo, hoteleria, actualidad.","breadcrumb":{"@id":"https:\/\/aeronoticias.com.pe\/noticiero\/nacionales\/peru-y-uruguay-suscribieron-acuerdos-bilaterales\/#breadcrumb"},"inLanguage":"es","potentialAction":[{"@type":"ReadAction","target":["https:\/\/aeronoticias.com.pe\/noticiero\/nacionales\/peru-y-uruguay-suscribieron-acuerdos-bilaterales\/"]}]},{"@type":"BreadcrumbList","@id":"https:\/\/aeronoticias.com.pe\/noticiero\/nacionales\/peru-y-uruguay-suscribieron-acuerdos-bilaterales\/#breadcrumb","itemListElement":[{"@type":"ListItem","position":1,"name":"Portada","item":"https:\/\/aeronoticias.com.pe\/noticiero\/"},{"@type":"ListItem","position":2,"name":"Per\u00fa y Uruguay suscribieron acuerdos bilaterales"}]},{"@type":"WebSite","@id":"https:\/\/aeronoticias.com.pe\/noticiero\/#website","url":"https:\/\/aeronoticias.com.pe\/noticiero\/","name":"Aeronoticias.com.pe","description":"Noticias de tranporte aereo, turismo, hoteles, gastronomia, actualidad, internacional","potentialAction":[{"@type":"SearchAction","target":{"@type":"EntryPoint","urlTemplate":"https:\/\/aeronoticias.com.pe\/noticiero\/?s={search_term_string}"},"query-input":{"@type":"PropertyValueSpecification","valueRequired":true,"valueName":"search_term_string"}}],"inLanguage":"es"},{"@type":"Person","@id":"https:\/\/aeronoticias.com.pe\/noticiero\/#\/schema\/person\/fc1e5d578f4b62ba1cf7ac2bba1170a0","name":"Redacci\u00f3n Aeronoticias","url":"https:\/\/aeronoticias.com.pe\/noticiero\/author\/piloto\/"}]}},"_links":{"self":[{"href":"https:\/\/aeronoticias.com.pe\/noticiero\/wp-json\/wp\/v2\/posts\/15132","targetHints":{"allow":["GET"]}}],"collection":[{"href":"https:\/\/aeronoticias.com.pe\/noticiero\/wp-json\/wp\/v2\/posts"}],"about":[{"href":"https:\/\/aeronoticias.com.pe\/noticiero\/wp-json\/wp\/v2\/types\/post"}],"author":[{"embeddable":true,"href":"https:\/\/aeronoticias.com.pe\/noticiero\/wp-json\/wp\/v2\/users\/1"}],"replies":[{"embeddable":true,"href":"https:\/\/aeronoticias.com.pe\/noticiero\/wp-json\/wp\/v2\/comments?post=15132"}],"version-history":[{"count":0,"href":"https:\/\/aeronoticias.com.pe\/noticiero\/wp-json\/wp\/v2\/posts\/15132\/revisions"}],"wp:attachment":[{"href":"https:\/\/aeronoticias.com.pe\/noticiero\/wp-json\/wp\/v2\/media?parent=15132"}],"wp:term":[{"taxonomy":"category","embeddable":true,"href":"https:\/\/aeronoticias.com.pe\/noticiero\/wp-json\/wp\/v2\/categories?post=15132"},{"taxonomy":"post_tag","embeddable":true,"href":"https:\/\/aeronoticias.com.pe\/noticiero\/wp-json\/wp\/v2\/tags?post=15132"}],"curies":[{"name":"wp","href":"https:\/\/api.w.org\/{rel}","templated":true}]}}