{"id":15133,"date":"2011-01-25T20:12:00","date_gmt":"2011-01-25T20:12:00","guid":{"rendered":"http:\/\/desarrollo.mcvicious.com\/aero2020\/2011\/01\/25\/ave-casi-origina-accidente-aereo-en-colombia\/"},"modified":"2011-01-25T20:12:00","modified_gmt":"2011-01-25T20:12:00","slug":"ave-casi-origina-accidente-aereo-en-colombia","status":"publish","type":"post","link":"https:\/\/aeronoticias.com.pe\/noticiero\/internacionales\/ave-casi-origina-accidente-aereo-en-colombia\/","title":{"rendered":"Ave casi origina accidente a\u00e9reo en Colombia"},"content":{"rendered":"<div>\n<div style=\"text-align: justify\"><strong>(Aeronoticias).-<\/strong> Un ave estuvo a punto de causar un accidente a\u00e9reo en Colombia tras estrellarse contra uno de los motores de un avi\u00f3n de la aerol\u00ednea Avianca, el cual tuvo que regresar hasta el aeropuerto de Barranquilla, desde donde hab\u00eda partido.<\/div>\n<div style=\"text-align: justify\"><\/div>\n<\/div>\n<div>\n<div style=\"text-align: justify\">La aeronave, un Airbus A320, parti\u00f3 con m\u00e1s de 100 pasajeros con destino a Bogot\u00e1, hacia las 11:50 de la ma\u00f1ana y al despegar en el aeropuerto Ernesto Cortissoz fue impactado por un ave que golpe\u00f3 contra una de las turbinas.<\/div>\n<div style=\"text-align: justify\"><\/div>\n<\/div>\n<div style=\"text-align: justify\">Ra\u00fal Rivera, administrador del aeropuerto, explic\u00f3 que el piloto tuvo que hacer una \u00abpericia\u00bb para mantener el control de la aeronave y que esta situaci\u00f3n provoc\u00f3 que el aeropuerto estuviese cerrado por varios minutos, pero se\u00f1al\u00f3 que la operaci\u00f3n fue reanudada r\u00e1pidamente y que el avi\u00f3n entr\u00f3 a reparaci\u00f3n. \u00a0<\/p>\n<div style=\"text-align: center\"><img decoding=\"async\" src=\"images\/stories\/11\/01\/250111\/ave.jpg\" border=\"0\" alt=\"Ave casi origina accidente a\u00e9reo en Colombia\" title=\"Ave casi origina accidente a\u00e9reo en Colombia\" \/><\/div>\n<p><\/div>\n<div>\n<div style=\"text-align: justify\"><strong>M\u00e1s informaci\u00f3n<\/strong><\/div>\n<div style=\"text-align: justify\"><\/div>\n<\/div>\n<div style=\"text-align: justify\">Los pasajeros permanecieron un par de horas en el Ernesto Cortissoz a la espera de ser trasbordados para poder viajar a Bogot\u00e1.<\/div>\n<div><\/div>\n","protected":false},"excerpt":{"rendered":"<p>(Aeronoticias).- Un ave estuvo a punto de causar un accidente a\u00e9reo en Colombia tras estrellarse contra uno de los motores de un avi\u00f3n de la aerol\u00ednea Avianca, el cual tuvo que regresar hasta el aeropuerto de Barranquilla, desde donde hab\u00eda partido. La aeronave, un Airbus A320, parti\u00f3 con m\u00e1s de 100 pasajeros con destino a [&hellip;]<\/p>\n","protected":false},"author":1,"featured_media":0,"comment_status":"open","ping_status":"open","sticky":false,"template":"","format":"standard","meta":{"tdm_status":"","tdm_grid_status":"","footnotes":""},"categories":[34],"tags":[],"class_list":{"0":"post-15133","1":"post","2":"type-post","3":"status-publish","4":"format-standard","6":"category-internacionales"},"yoast_head":"<!-- This site is optimized with the Yoast SEO plugin v25.1 - https:\/\/yoast.com\/wordpress\/plugins\/seo\/ -->\n<title>Ave casi origina accidente a\u00e9reo en Colombia<\/title>\n<meta name=\"description\" content=\"Portal de noticias del Per\u00fa sobre el transporte a\u00e9reo, aviaci\u00f3n, turismo, hoteleria, actualidad.\" \/>\n<meta name=\"robots\" content=\"index, follow, max-snippet:-1, max-image-preview:large, max-video-preview:-1\" \/>\n<link rel=\"canonical\" href=\"https:\/\/aeronoticias.com.pe\/noticiero\/internacionales\/ave-casi-origina-accidente-aereo-en-colombia\/\" \/>\n<meta property=\"og:locale\" content=\"es_ES\" \/>\n<meta property=\"og:type\" content=\"article\" \/>\n<meta property=\"og:title\" content=\"Ave casi origina accidente a\u00e9reo en Colombia\" \/>\n<meta property=\"og:description\" content=\"Portal de noticias del Per\u00fa sobre el transporte a\u00e9reo, aviaci\u00f3n, turismo, hoteleria, actualidad.\" \/>\n<meta property=\"og:url\" content=\"https:\/\/aeronoticias.com.pe\/noticiero\/internacionales\/ave-casi-origina-accidente-aereo-en-colombia\/\" \/>\n<meta property=\"og:site_name\" content=\"Aeronoticias.com.pe\" \/>\n<meta property=\"article:publisher\" content=\"https:\/\/www.facebook.com\/Aeronoticias.com.pe\/\" \/>\n<meta property=\"article:published_time\" content=\"2011-01-25T20:12:00+00:00\" \/>\n<meta name=\"author\" content=\"Redacci\u00f3n Aeronoticias\" \/>\n<meta name=\"twitter:card\" content=\"summary_large_image\" \/>\n<meta name=\"twitter:creator\" content=\"@aeronoticias\" \/>\n<meta name=\"twitter:site\" content=\"@aeronoticias\" \/>\n<meta name=\"twitter:label1\" content=\"Escrito por\" \/>\n\t<meta name=\"twitter:data1\" content=\"Redacci\u00f3n Aeronoticias\" \/>\n\t<meta name=\"twitter:label2\" content=\"Tiempo de lectura\" \/>\n\t<meta name=\"twitter:data2\" content=\"1 minuto\" \/>\n<script type=\"application\/ld+json\" class=\"yoast-schema-graph\">{\"@context\":\"https:\/\/schema.org\",\"@graph\":[{\"@type\":\"WebPage\",\"@id\":\"https:\/\/aeronoticias.com.pe\/noticiero\/internacionales\/ave-casi-origina-accidente-aereo-en-colombia\/\",\"url\":\"https:\/\/aeronoticias.com.pe\/noticiero\/internacionales\/ave-casi-origina-accidente-aereo-en-colombia\/\",\"name\":\"Ave casi origina accidente a\u00e9reo en Colombia\",\"isPartOf\":{\"@id\":\"https:\/\/aeronoticias.com.pe\/noticiero\/#website\"},\"datePublished\":\"2011-01-25T20:12:00+00:00\",\"author\":{\"@id\":\"https:\/\/aeronoticias.com.pe\/noticiero\/#\/schema\/person\/fc1e5d578f4b62ba1cf7ac2bba1170a0\"},\"description\":\"Portal de noticias del Per\u00fa sobre el transporte a\u00e9reo, aviaci\u00f3n, turismo, hoteleria, actualidad.\",\"breadcrumb\":{\"@id\":\"https:\/\/aeronoticias.com.pe\/noticiero\/internacionales\/ave-casi-origina-accidente-aereo-en-colombia\/#breadcrumb\"},\"inLanguage\":\"es\",\"potentialAction\":[{\"@type\":\"ReadAction\",\"target\":[\"https:\/\/aeronoticias.com.pe\/noticiero\/internacionales\/ave-casi-origina-accidente-aereo-en-colombia\/\"]}]},{\"@type\":\"BreadcrumbList\",\"@id\":\"https:\/\/aeronoticias.com.pe\/noticiero\/internacionales\/ave-casi-origina-accidente-aereo-en-colombia\/#breadcrumb\",\"itemListElement\":[{\"@type\":\"ListItem\",\"position\":1,\"name\":\"Portada\",\"item\":\"https:\/\/aeronoticias.com.pe\/noticiero\/\"},{\"@type\":\"ListItem\",\"position\":2,\"name\":\"Ave casi origina accidente a\u00e9reo en Colombia\"}]},{\"@type\":\"WebSite\",\"@id\":\"https:\/\/aeronoticias.com.pe\/noticiero\/#website\",\"url\":\"https:\/\/aeronoticias.com.pe\/noticiero\/\",\"name\":\"Aeronoticias.com.pe\",\"description\":\"Noticias de tranporte aereo, turismo, hoteles, gastronomia, actualidad, internacional\",\"potentialAction\":[{\"@type\":\"SearchAction\",\"target\":{\"@type\":\"EntryPoint\",\"urlTemplate\":\"https:\/\/aeronoticias.com.pe\/noticiero\/?s={search_term_string}\"},\"query-input\":{\"@type\":\"PropertyValueSpecification\",\"valueRequired\":true,\"valueName\":\"search_term_string\"}}],\"inLanguage\":\"es\"},{\"@type\":\"Person\",\"@id\":\"https:\/\/aeronoticias.com.pe\/noticiero\/#\/schema\/person\/fc1e5d578f4b62ba1cf7ac2bba1170a0\",\"name\":\"Redacci\u00f3n Aeronoticias\",\"url\":\"https:\/\/aeronoticias.com.pe\/noticiero\/author\/piloto\/\"}]}<\/script>\n<!-- \/ Yoast SEO plugin. -->","yoast_head_json":{"title":"Ave casi origina accidente a\u00e9reo en Colombia","description":"Portal de noticias del Per\u00fa sobre el transporte a\u00e9reo, aviaci\u00f3n, turismo, hoteleria, actualidad.","robots":{"index":"index","follow":"follow","max-snippet":"max-snippet:-1","max-image-preview":"max-image-preview:large","max-video-preview":"max-video-preview:-1"},"canonical":"https:\/\/aeronoticias.com.pe\/noticiero\/internacionales\/ave-casi-origina-accidente-aereo-en-colombia\/","og_locale":"es_ES","og_type":"article","og_title":"Ave casi origina accidente a\u00e9reo en Colombia","og_description":"Portal de noticias del Per\u00fa sobre el transporte a\u00e9reo, aviaci\u00f3n, turismo, hoteleria, actualidad.","og_url":"https:\/\/aeronoticias.com.pe\/noticiero\/internacionales\/ave-casi-origina-accidente-aereo-en-colombia\/","og_site_name":"Aeronoticias.com.pe","article_publisher":"https:\/\/www.facebook.com\/Aeronoticias.com.pe\/","article_published_time":"2011-01-25T20:12:00+00:00","author":"Redacci\u00f3n Aeronoticias","twitter_card":"summary_large_image","twitter_creator":"@aeronoticias","twitter_site":"@aeronoticias","twitter_misc":{"Escrito por":"Redacci\u00f3n Aeronoticias","Tiempo de lectura":"1 minuto"},"schema":{"@context":"https:\/\/schema.org","@graph":[{"@type":"WebPage","@id":"https:\/\/aeronoticias.com.pe\/noticiero\/internacionales\/ave-casi-origina-accidente-aereo-en-colombia\/","url":"https:\/\/aeronoticias.com.pe\/noticiero\/internacionales\/ave-casi-origina-accidente-aereo-en-colombia\/","name":"Ave casi origina accidente a\u00e9reo en Colombia","isPartOf":{"@id":"https:\/\/aeronoticias.com.pe\/noticiero\/#website"},"datePublished":"2011-01-25T20:12:00+00:00","author":{"@id":"https:\/\/aeronoticias.com.pe\/noticiero\/#\/schema\/person\/fc1e5d578f4b62ba1cf7ac2bba1170a0"},"description":"Portal de noticias del Per\u00fa sobre el transporte a\u00e9reo, aviaci\u00f3n, turismo, hoteleria, actualidad.","breadcrumb":{"@id":"https:\/\/aeronoticias.com.pe\/noticiero\/internacionales\/ave-casi-origina-accidente-aereo-en-colombia\/#breadcrumb"},"inLanguage":"es","potentialAction":[{"@type":"ReadAction","target":["https:\/\/aeronoticias.com.pe\/noticiero\/internacionales\/ave-casi-origina-accidente-aereo-en-colombia\/"]}]},{"@type":"BreadcrumbList","@id":"https:\/\/aeronoticias.com.pe\/noticiero\/internacionales\/ave-casi-origina-accidente-aereo-en-colombia\/#breadcrumb","itemListElement":[{"@type":"ListItem","position":1,"name":"Portada","item":"https:\/\/aeronoticias.com.pe\/noticiero\/"},{"@type":"ListItem","position":2,"name":"Ave casi origina accidente a\u00e9reo en Colombia"}]},{"@type":"WebSite","@id":"https:\/\/aeronoticias.com.pe\/noticiero\/#website","url":"https:\/\/aeronoticias.com.pe\/noticiero\/","name":"Aeronoticias.com.pe","description":"Noticias de tranporte aereo, turismo, hoteles, gastronomia, actualidad, internacional","potentialAction":[{"@type":"SearchAction","target":{"@type":"EntryPoint","urlTemplate":"https:\/\/aeronoticias.com.pe\/noticiero\/?s={search_term_string}"},"query-input":{"@type":"PropertyValueSpecification","valueRequired":true,"valueName":"search_term_string"}}],"inLanguage":"es"},{"@type":"Person","@id":"https:\/\/aeronoticias.com.pe\/noticiero\/#\/schema\/person\/fc1e5d578f4b62ba1cf7ac2bba1170a0","name":"Redacci\u00f3n Aeronoticias","url":"https:\/\/aeronoticias.com.pe\/noticiero\/author\/piloto\/"}]}},"_links":{"self":[{"href":"https:\/\/aeronoticias.com.pe\/noticiero\/wp-json\/wp\/v2\/posts\/15133","targetHints":{"allow":["GET"]}}],"collection":[{"href":"https:\/\/aeronoticias.com.pe\/noticiero\/wp-json\/wp\/v2\/posts"}],"about":[{"href":"https:\/\/aeronoticias.com.pe\/noticiero\/wp-json\/wp\/v2\/types\/post"}],"author":[{"embeddable":true,"href":"https:\/\/aeronoticias.com.pe\/noticiero\/wp-json\/wp\/v2\/users\/1"}],"replies":[{"embeddable":true,"href":"https:\/\/aeronoticias.com.pe\/noticiero\/wp-json\/wp\/v2\/comments?post=15133"}],"version-history":[{"count":0,"href":"https:\/\/aeronoticias.com.pe\/noticiero\/wp-json\/wp\/v2\/posts\/15133\/revisions"}],"wp:attachment":[{"href":"https:\/\/aeronoticias.com.pe\/noticiero\/wp-json\/wp\/v2\/media?parent=15133"}],"wp:term":[{"taxonomy":"category","embeddable":true,"href":"https:\/\/aeronoticias.com.pe\/noticiero\/wp-json\/wp\/v2\/categories?post=15133"},{"taxonomy":"post_tag","embeddable":true,"href":"https:\/\/aeronoticias.com.pe\/noticiero\/wp-json\/wp\/v2\/tags?post=15133"}],"curies":[{"name":"wp","href":"https:\/\/api.w.org\/{rel}","templated":true}]}}