{"id":15137,"date":"2011-01-26T01:12:57","date_gmt":"2011-01-26T01:12:57","guid":{"rendered":"http:\/\/desarrollo.mcvicious.com\/aero2020\/2011\/01\/26\/emmanuel-adebayor-es-la-nueva-contratacion-del-real-madrid\/"},"modified":"2011-01-26T01:12:57","modified_gmt":"2011-01-26T01:12:57","slug":"emmanuel-adebayor-es-la-nueva-contratacion-del-real-madrid","status":"publish","type":"post","link":"https:\/\/aeronoticias.com.pe\/noticiero\/deportes\/emmanuel-adebayor-es-la-nueva-contratacion-del-real-madrid\/","title":{"rendered":"Emmanuel Adebayor es la nueva contrataci\u00f3n del Real Madrid"},"content":{"rendered":"<p align=\"justify\"><strong>(Aeronoticias).-<\/strong> Lleg\u00f3 el reemplazo de Gonzalo Higua\u00edn, quien sufre una lesi\u00f3n a la espalda que lo alejar\u00e1 de las canchas por lo menos unos 4 meses. <\/p>\n<p align=\"justify\">El Real Madrid fich\u00f3 al delantero togol\u00e9s del Manchester City Emmanuel Adebayor a pr\u00e9stamo hasta el final de la temporada 2010-2011, seg\u00fan anunciaron hoy los dos clubes de f\u00fatbol.<\/p>\n<p align=\"justify\">\u00a0<\/p>\n<div style=\"text-align: center\"><img decoding=\"async\" src=\"images\/stories\/11\/01\/250111\/emmanuel-adebayor.jpg\" border=\"0\" alt=\"Emmanuel Adebayor es la nueva contrataci\u00f3n del Real Madrid \" title=\"Emmanuel Adebayor es la nueva contrataci\u00f3n del Real Madrid \" \/><\/div>\n<p align=\"justify\">\u00a0<\/p>\n<p align=\"justify\">El delantero africano de 26 a\u00f1os, viajar\u00e1 el mi\u00e9rcoles a Espa\u00f1a para pasar la revisi\u00f3n m\u00e9dica. El Real Madrid tendr\u00e1 la opci\u00f3n de ficharlo de forma permanente al final de la temporada, y varios medios espa\u00f1oles se\u00f1alaron que el club blanco podr\u00eda pagar unas 18 millones de libras (casi 29 millones de d\u00f3lares) por \u00e9l.<\/p>\n<div align=\"justify\">El t\u00e9cnico del equipo merengue, el portugu\u00e9s Jos\u00e9 Mourinho,\u00a0 se encontrar\u00e1 m\u00e1s tranquilo, ya que contar\u00e1 con una opci\u00f3n m\u00e1s de gol en su equipo.<\/div>\n<p>\u00a0<\/p>\n","protected":false},"excerpt":{"rendered":"<p>(Aeronoticias).- Lleg\u00f3 el reemplazo de Gonzalo Higua\u00edn, quien sufre una lesi\u00f3n a la espalda que lo alejar\u00e1 de las canchas por lo menos unos 4 meses. El Real Madrid fich\u00f3 al delantero togol\u00e9s del Manchester City Emmanuel Adebayor a pr\u00e9stamo hasta el final de la temporada 2010-2011, seg\u00fan anunciaron hoy los dos clubes de f\u00fatbol. [&hellip;]<\/p>\n","protected":false},"author":1,"featured_media":0,"comment_status":"open","ping_status":"open","sticky":false,"template":"","format":"standard","meta":{"tdm_status":"","tdm_grid_status":"","footnotes":""},"categories":[40],"tags":[],"class_list":{"0":"post-15137","1":"post","2":"type-post","3":"status-publish","4":"format-standard","6":"category-deportes"},"yoast_head":"<!-- This site is optimized with the Yoast SEO plugin v25.1 - https:\/\/yoast.com\/wordpress\/plugins\/seo\/ -->\n<title>Emmanuel Adebayor es la nueva contrataci\u00f3n del Real Madrid<\/title>\n<meta name=\"description\" content=\"Portal de noticias del Per\u00fa sobre el transporte a\u00e9reo, aviaci\u00f3n, turismo, hoteleria, actualidad.\" \/>\n<meta name=\"robots\" content=\"index, follow, max-snippet:-1, max-image-preview:large, max-video-preview:-1\" \/>\n<link rel=\"canonical\" href=\"https:\/\/aeronoticias.com.pe\/noticiero\/deportes\/emmanuel-adebayor-es-la-nueva-contratacion-del-real-madrid\/\" \/>\n<meta property=\"og:locale\" content=\"es_ES\" \/>\n<meta property=\"og:type\" content=\"article\" \/>\n<meta property=\"og:title\" content=\"Emmanuel Adebayor es la nueva contrataci\u00f3n del Real Madrid\" \/>\n<meta property=\"og:description\" content=\"Portal de noticias del Per\u00fa sobre el transporte a\u00e9reo, aviaci\u00f3n, turismo, hoteleria, actualidad.\" \/>\n<meta property=\"og:url\" content=\"https:\/\/aeronoticias.com.pe\/noticiero\/deportes\/emmanuel-adebayor-es-la-nueva-contratacion-del-real-madrid\/\" \/>\n<meta property=\"og:site_name\" content=\"Aeronoticias.com.pe\" \/>\n<meta property=\"article:publisher\" content=\"https:\/\/www.facebook.com\/Aeronoticias.com.pe\/\" \/>\n<meta property=\"article:published_time\" content=\"2011-01-26T01:12:57+00:00\" \/>\n<meta name=\"author\" content=\"Redacci\u00f3n Aeronoticias\" \/>\n<meta name=\"twitter:card\" content=\"summary_large_image\" \/>\n<meta name=\"twitter:creator\" content=\"@aeronoticias\" \/>\n<meta name=\"twitter:site\" content=\"@aeronoticias\" \/>\n<meta name=\"twitter:label1\" content=\"Escrito por\" \/>\n\t<meta name=\"twitter:data1\" content=\"Redacci\u00f3n Aeronoticias\" \/>\n\t<meta name=\"twitter:label2\" content=\"Tiempo de lectura\" \/>\n\t<meta name=\"twitter:data2\" content=\"1 minuto\" \/>\n<script type=\"application\/ld+json\" class=\"yoast-schema-graph\">{\"@context\":\"https:\/\/schema.org\",\"@graph\":[{\"@type\":\"WebPage\",\"@id\":\"https:\/\/aeronoticias.com.pe\/noticiero\/deportes\/emmanuel-adebayor-es-la-nueva-contratacion-del-real-madrid\/\",\"url\":\"https:\/\/aeronoticias.com.pe\/noticiero\/deportes\/emmanuel-adebayor-es-la-nueva-contratacion-del-real-madrid\/\",\"name\":\"Emmanuel Adebayor es la nueva contrataci\u00f3n del Real Madrid\",\"isPartOf\":{\"@id\":\"https:\/\/aeronoticias.com.pe\/noticiero\/#website\"},\"datePublished\":\"2011-01-26T01:12:57+00:00\",\"author\":{\"@id\":\"https:\/\/aeronoticias.com.pe\/noticiero\/#\/schema\/person\/fc1e5d578f4b62ba1cf7ac2bba1170a0\"},\"description\":\"Portal de noticias del Per\u00fa sobre el transporte a\u00e9reo, aviaci\u00f3n, turismo, hoteleria, actualidad.\",\"breadcrumb\":{\"@id\":\"https:\/\/aeronoticias.com.pe\/noticiero\/deportes\/emmanuel-adebayor-es-la-nueva-contratacion-del-real-madrid\/#breadcrumb\"},\"inLanguage\":\"es\",\"potentialAction\":[{\"@type\":\"ReadAction\",\"target\":[\"https:\/\/aeronoticias.com.pe\/noticiero\/deportes\/emmanuel-adebayor-es-la-nueva-contratacion-del-real-madrid\/\"]}]},{\"@type\":\"BreadcrumbList\",\"@id\":\"https:\/\/aeronoticias.com.pe\/noticiero\/deportes\/emmanuel-adebayor-es-la-nueva-contratacion-del-real-madrid\/#breadcrumb\",\"itemListElement\":[{\"@type\":\"ListItem\",\"position\":1,\"name\":\"Portada\",\"item\":\"https:\/\/aeronoticias.com.pe\/noticiero\/\"},{\"@type\":\"ListItem\",\"position\":2,\"name\":\"Emmanuel Adebayor es la nueva contrataci\u00f3n del Real Madrid\"}]},{\"@type\":\"WebSite\",\"@id\":\"https:\/\/aeronoticias.com.pe\/noticiero\/#website\",\"url\":\"https:\/\/aeronoticias.com.pe\/noticiero\/\",\"name\":\"Aeronoticias.com.pe\",\"description\":\"Noticias de tranporte aereo, turismo, hoteles, gastronomia, actualidad, internacional\",\"potentialAction\":[{\"@type\":\"SearchAction\",\"target\":{\"@type\":\"EntryPoint\",\"urlTemplate\":\"https:\/\/aeronoticias.com.pe\/noticiero\/?s={search_term_string}\"},\"query-input\":{\"@type\":\"PropertyValueSpecification\",\"valueRequired\":true,\"valueName\":\"search_term_string\"}}],\"inLanguage\":\"es\"},{\"@type\":\"Person\",\"@id\":\"https:\/\/aeronoticias.com.pe\/noticiero\/#\/schema\/person\/fc1e5d578f4b62ba1cf7ac2bba1170a0\",\"name\":\"Redacci\u00f3n Aeronoticias\",\"url\":\"https:\/\/aeronoticias.com.pe\/noticiero\/author\/piloto\/\"}]}<\/script>\n<!-- \/ Yoast SEO plugin. -->","yoast_head_json":{"title":"Emmanuel Adebayor es la nueva contrataci\u00f3n del Real Madrid","description":"Portal de noticias del Per\u00fa sobre el transporte a\u00e9reo, aviaci\u00f3n, turismo, hoteleria, actualidad.","robots":{"index":"index","follow":"follow","max-snippet":"max-snippet:-1","max-image-preview":"max-image-preview:large","max-video-preview":"max-video-preview:-1"},"canonical":"https:\/\/aeronoticias.com.pe\/noticiero\/deportes\/emmanuel-adebayor-es-la-nueva-contratacion-del-real-madrid\/","og_locale":"es_ES","og_type":"article","og_title":"Emmanuel Adebayor es la nueva contrataci\u00f3n del Real Madrid","og_description":"Portal de noticias del Per\u00fa sobre el transporte a\u00e9reo, aviaci\u00f3n, turismo, hoteleria, actualidad.","og_url":"https:\/\/aeronoticias.com.pe\/noticiero\/deportes\/emmanuel-adebayor-es-la-nueva-contratacion-del-real-madrid\/","og_site_name":"Aeronoticias.com.pe","article_publisher":"https:\/\/www.facebook.com\/Aeronoticias.com.pe\/","article_published_time":"2011-01-26T01:12:57+00:00","author":"Redacci\u00f3n Aeronoticias","twitter_card":"summary_large_image","twitter_creator":"@aeronoticias","twitter_site":"@aeronoticias","twitter_misc":{"Escrito por":"Redacci\u00f3n Aeronoticias","Tiempo de lectura":"1 minuto"},"schema":{"@context":"https:\/\/schema.org","@graph":[{"@type":"WebPage","@id":"https:\/\/aeronoticias.com.pe\/noticiero\/deportes\/emmanuel-adebayor-es-la-nueva-contratacion-del-real-madrid\/","url":"https:\/\/aeronoticias.com.pe\/noticiero\/deportes\/emmanuel-adebayor-es-la-nueva-contratacion-del-real-madrid\/","name":"Emmanuel Adebayor es la nueva contrataci\u00f3n del Real Madrid","isPartOf":{"@id":"https:\/\/aeronoticias.com.pe\/noticiero\/#website"},"datePublished":"2011-01-26T01:12:57+00:00","author":{"@id":"https:\/\/aeronoticias.com.pe\/noticiero\/#\/schema\/person\/fc1e5d578f4b62ba1cf7ac2bba1170a0"},"description":"Portal de noticias del Per\u00fa sobre el transporte a\u00e9reo, aviaci\u00f3n, turismo, hoteleria, actualidad.","breadcrumb":{"@id":"https:\/\/aeronoticias.com.pe\/noticiero\/deportes\/emmanuel-adebayor-es-la-nueva-contratacion-del-real-madrid\/#breadcrumb"},"inLanguage":"es","potentialAction":[{"@type":"ReadAction","target":["https:\/\/aeronoticias.com.pe\/noticiero\/deportes\/emmanuel-adebayor-es-la-nueva-contratacion-del-real-madrid\/"]}]},{"@type":"BreadcrumbList","@id":"https:\/\/aeronoticias.com.pe\/noticiero\/deportes\/emmanuel-adebayor-es-la-nueva-contratacion-del-real-madrid\/#breadcrumb","itemListElement":[{"@type":"ListItem","position":1,"name":"Portada","item":"https:\/\/aeronoticias.com.pe\/noticiero\/"},{"@type":"ListItem","position":2,"name":"Emmanuel Adebayor es la nueva contrataci\u00f3n del Real Madrid"}]},{"@type":"WebSite","@id":"https:\/\/aeronoticias.com.pe\/noticiero\/#website","url":"https:\/\/aeronoticias.com.pe\/noticiero\/","name":"Aeronoticias.com.pe","description":"Noticias de tranporte aereo, turismo, hoteles, gastronomia, actualidad, internacional","potentialAction":[{"@type":"SearchAction","target":{"@type":"EntryPoint","urlTemplate":"https:\/\/aeronoticias.com.pe\/noticiero\/?s={search_term_string}"},"query-input":{"@type":"PropertyValueSpecification","valueRequired":true,"valueName":"search_term_string"}}],"inLanguage":"es"},{"@type":"Person","@id":"https:\/\/aeronoticias.com.pe\/noticiero\/#\/schema\/person\/fc1e5d578f4b62ba1cf7ac2bba1170a0","name":"Redacci\u00f3n Aeronoticias","url":"https:\/\/aeronoticias.com.pe\/noticiero\/author\/piloto\/"}]}},"_links":{"self":[{"href":"https:\/\/aeronoticias.com.pe\/noticiero\/wp-json\/wp\/v2\/posts\/15137","targetHints":{"allow":["GET"]}}],"collection":[{"href":"https:\/\/aeronoticias.com.pe\/noticiero\/wp-json\/wp\/v2\/posts"}],"about":[{"href":"https:\/\/aeronoticias.com.pe\/noticiero\/wp-json\/wp\/v2\/types\/post"}],"author":[{"embeddable":true,"href":"https:\/\/aeronoticias.com.pe\/noticiero\/wp-json\/wp\/v2\/users\/1"}],"replies":[{"embeddable":true,"href":"https:\/\/aeronoticias.com.pe\/noticiero\/wp-json\/wp\/v2\/comments?post=15137"}],"version-history":[{"count":0,"href":"https:\/\/aeronoticias.com.pe\/noticiero\/wp-json\/wp\/v2\/posts\/15137\/revisions"}],"wp:attachment":[{"href":"https:\/\/aeronoticias.com.pe\/noticiero\/wp-json\/wp\/v2\/media?parent=15137"}],"wp:term":[{"taxonomy":"category","embeddable":true,"href":"https:\/\/aeronoticias.com.pe\/noticiero\/wp-json\/wp\/v2\/categories?post=15137"},{"taxonomy":"post_tag","embeddable":true,"href":"https:\/\/aeronoticias.com.pe\/noticiero\/wp-json\/wp\/v2\/tags?post=15137"}],"curies":[{"name":"wp","href":"https:\/\/api.w.org\/{rel}","templated":true}]}}