{"id":15139,"date":"2011-01-26T12:55:41","date_gmt":"2011-01-26T12:55:41","guid":{"rendered":"http:\/\/desarrollo.mcvicious.com\/aero2020\/2011\/01\/26\/fallece-nina-que-sufrio-accidente-en-montana-rusa-del-mall-aventura-en-el-callao\/"},"modified":"2011-01-26T12:55:41","modified_gmt":"2011-01-26T12:55:41","slug":"fallece-nina-que-sufrio-accidente-en-montana-rusa-del-mall-aventura-en-el-callao","status":"publish","type":"post","link":"https:\/\/aeronoticias.com.pe\/noticiero\/49\/fallece-nina-que-sufrio-accidente-en-montana-rusa-del-mall-aventura-en-el-callao\/","title":{"rendered":"Fallece ni\u00f1a que sufri\u00f3 accidente en monta\u00f1a rusa del mall Aventura en el Callao"},"content":{"rendered":"<div>\n<div style=\"text-align: justify\"><strong>(Aeronoticias).-<\/strong> La menor de 14 a\u00f1os de edad, Sheyla Hinostroza Villafuerte falleci\u00f3 ayer en la noche, luego de sufrir un severo golpe en la cabeza cuando el vag\u00f3n de la monta\u00f1a rusa en el que se encontraba fren\u00f3 repentinamente.<\/div>\n<div style=\"text-align: justify\"><\/div>\n<\/div>\n<div style=\"text-align: justify\">La menor se encontraba acompa\u00f1ada de su hermano cuando ocurri\u00f3 el accidente. Sheyla fue llevada de emergencia a la cl\u00ednica San Gabriel, ubicada en el distrito de San Miguel donde falleci\u00f3.<\/div>\n<div style=\"text-align: justify\">\n<div style=\"text-align: center\"><img decoding=\"async\" src=\"images\/stories\/11\/01\/250111\/rusa.jpg\" border=\"0\" alt=\"rusa\" title=\"rusa\" \/><\/div>\n<p><\/div>\n<div align=\"justify\" style=\"text-align: justify\">Los restos de Sheyla Hinostroza fueron trasladados a las 2:30 de la madrugada a la Morgue Central para la necropsia de ley.<\/div>\n<div align=\"justify\" style=\"text-align: justify\"><\/div>\n<div align=\"justify\" style=\"text-align: justify\">La familia denunci\u00f3 que los empleados del Centro Comercial demoraron en la atenci\u00f3n de la menor.<\/div>\n<div style=\"text-align: justify\"><\/div>\n","protected":false},"excerpt":{"rendered":"<p>(Aeronoticias).- La menor de 14 a\u00f1os de edad, Sheyla Hinostroza Villafuerte falleci\u00f3 ayer en la noche, luego de sufrir un severo golpe en la cabeza cuando el vag\u00f3n de la monta\u00f1a rusa en el que se encontraba fren\u00f3 repentinamente. La menor se encontraba acompa\u00f1ada de su hermano cuando ocurri\u00f3 el accidente. Sheyla fue llevada de [&hellip;]<\/p>\n","protected":false},"author":1,"featured_media":0,"comment_status":"open","ping_status":"open","sticky":false,"template":"","format":"standard","meta":{"tdm_status":"","tdm_grid_status":"","footnotes":""},"categories":[39],"tags":[],"class_list":{"0":"post-15139","1":"post","2":"type-post","3":"status-publish","4":"format-standard","6":"category-39"},"yoast_head":"<!-- This site is optimized with the Yoast SEO plugin v25.1 - https:\/\/yoast.com\/wordpress\/plugins\/seo\/ -->\n<title>Fallece ni\u00f1a que sufri\u00f3 accidente en monta\u00f1a rusa del mall Aventura en el Callao<\/title>\n<meta name=\"description\" content=\"Portal de noticias del Per\u00fa sobre el transporte a\u00e9reo, aviaci\u00f3n, turismo, hoteleria, actualidad.\" \/>\n<meta name=\"robots\" content=\"index, follow, max-snippet:-1, max-image-preview:large, max-video-preview:-1\" \/>\n<link rel=\"canonical\" href=\"https:\/\/aeronoticias.com.pe\/noticiero\/49\/fallece-nina-que-sufrio-accidente-en-montana-rusa-del-mall-aventura-en-el-callao\/\" \/>\n<meta property=\"og:locale\" content=\"es_ES\" \/>\n<meta property=\"og:type\" content=\"article\" \/>\n<meta property=\"og:title\" content=\"Fallece ni\u00f1a que sufri\u00f3 accidente en monta\u00f1a rusa del mall Aventura en el Callao\" \/>\n<meta property=\"og:description\" content=\"Portal de noticias del Per\u00fa sobre el transporte a\u00e9reo, aviaci\u00f3n, turismo, hoteleria, actualidad.\" \/>\n<meta property=\"og:url\" content=\"https:\/\/aeronoticias.com.pe\/noticiero\/49\/fallece-nina-que-sufrio-accidente-en-montana-rusa-del-mall-aventura-en-el-callao\/\" \/>\n<meta property=\"og:site_name\" content=\"Aeronoticias.com.pe\" \/>\n<meta property=\"article:publisher\" content=\"https:\/\/www.facebook.com\/Aeronoticias.com.pe\/\" \/>\n<meta property=\"article:published_time\" content=\"2011-01-26T12:55:41+00:00\" \/>\n<meta name=\"author\" content=\"Redacci\u00f3n Aeronoticias\" \/>\n<meta name=\"twitter:card\" content=\"summary_large_image\" \/>\n<meta name=\"twitter:creator\" content=\"@aeronoticias\" \/>\n<meta name=\"twitter:site\" content=\"@aeronoticias\" \/>\n<meta name=\"twitter:label1\" content=\"Escrito por\" \/>\n\t<meta name=\"twitter:data1\" content=\"Redacci\u00f3n Aeronoticias\" \/>\n\t<meta name=\"twitter:label2\" content=\"Tiempo de lectura\" \/>\n\t<meta name=\"twitter:data2\" content=\"1 minuto\" \/>\n<script type=\"application\/ld+json\" class=\"yoast-schema-graph\">{\"@context\":\"https:\/\/schema.org\",\"@graph\":[{\"@type\":\"WebPage\",\"@id\":\"https:\/\/aeronoticias.com.pe\/noticiero\/49\/fallece-nina-que-sufrio-accidente-en-montana-rusa-del-mall-aventura-en-el-callao\/\",\"url\":\"https:\/\/aeronoticias.com.pe\/noticiero\/49\/fallece-nina-que-sufrio-accidente-en-montana-rusa-del-mall-aventura-en-el-callao\/\",\"name\":\"Fallece ni\u00f1a que sufri\u00f3 accidente en monta\u00f1a rusa del mall Aventura en el Callao\",\"isPartOf\":{\"@id\":\"https:\/\/aeronoticias.com.pe\/noticiero\/#website\"},\"datePublished\":\"2011-01-26T12:55:41+00:00\",\"author\":{\"@id\":\"https:\/\/aeronoticias.com.pe\/noticiero\/#\/schema\/person\/fc1e5d578f4b62ba1cf7ac2bba1170a0\"},\"description\":\"Portal de noticias del Per\u00fa sobre el transporte a\u00e9reo, aviaci\u00f3n, turismo, hoteleria, actualidad.\",\"breadcrumb\":{\"@id\":\"https:\/\/aeronoticias.com.pe\/noticiero\/49\/fallece-nina-que-sufrio-accidente-en-montana-rusa-del-mall-aventura-en-el-callao\/#breadcrumb\"},\"inLanguage\":\"es\",\"potentialAction\":[{\"@type\":\"ReadAction\",\"target\":[\"https:\/\/aeronoticias.com.pe\/noticiero\/49\/fallece-nina-que-sufrio-accidente-en-montana-rusa-del-mall-aventura-en-el-callao\/\"]}]},{\"@type\":\"BreadcrumbList\",\"@id\":\"https:\/\/aeronoticias.com.pe\/noticiero\/49\/fallece-nina-que-sufrio-accidente-en-montana-rusa-del-mall-aventura-en-el-callao\/#breadcrumb\",\"itemListElement\":[{\"@type\":\"ListItem\",\"position\":1,\"name\":\"Portada\",\"item\":\"https:\/\/aeronoticias.com.pe\/noticiero\/\"},{\"@type\":\"ListItem\",\"position\":2,\"name\":\"Fallece ni\u00f1a que sufri\u00f3 accidente en monta\u00f1a rusa del mall Aventura en el Callao\"}]},{\"@type\":\"WebSite\",\"@id\":\"https:\/\/aeronoticias.com.pe\/noticiero\/#website\",\"url\":\"https:\/\/aeronoticias.com.pe\/noticiero\/\",\"name\":\"Aeronoticias.com.pe\",\"description\":\"Noticias de tranporte aereo, turismo, hoteles, gastronomia, actualidad, internacional\",\"potentialAction\":[{\"@type\":\"SearchAction\",\"target\":{\"@type\":\"EntryPoint\",\"urlTemplate\":\"https:\/\/aeronoticias.com.pe\/noticiero\/?s={search_term_string}\"},\"query-input\":{\"@type\":\"PropertyValueSpecification\",\"valueRequired\":true,\"valueName\":\"search_term_string\"}}],\"inLanguage\":\"es\"},{\"@type\":\"Person\",\"@id\":\"https:\/\/aeronoticias.com.pe\/noticiero\/#\/schema\/person\/fc1e5d578f4b62ba1cf7ac2bba1170a0\",\"name\":\"Redacci\u00f3n Aeronoticias\",\"url\":\"https:\/\/aeronoticias.com.pe\/noticiero\/author\/piloto\/\"}]}<\/script>\n<!-- \/ Yoast SEO plugin. -->","yoast_head_json":{"title":"Fallece ni\u00f1a que sufri\u00f3 accidente en monta\u00f1a rusa del mall Aventura en el Callao","description":"Portal de noticias del Per\u00fa sobre el transporte a\u00e9reo, aviaci\u00f3n, turismo, hoteleria, actualidad.","robots":{"index":"index","follow":"follow","max-snippet":"max-snippet:-1","max-image-preview":"max-image-preview:large","max-video-preview":"max-video-preview:-1"},"canonical":"https:\/\/aeronoticias.com.pe\/noticiero\/49\/fallece-nina-que-sufrio-accidente-en-montana-rusa-del-mall-aventura-en-el-callao\/","og_locale":"es_ES","og_type":"article","og_title":"Fallece ni\u00f1a que sufri\u00f3 accidente en monta\u00f1a rusa del mall Aventura en el Callao","og_description":"Portal de noticias del Per\u00fa sobre el transporte a\u00e9reo, aviaci\u00f3n, turismo, hoteleria, actualidad.","og_url":"https:\/\/aeronoticias.com.pe\/noticiero\/49\/fallece-nina-que-sufrio-accidente-en-montana-rusa-del-mall-aventura-en-el-callao\/","og_site_name":"Aeronoticias.com.pe","article_publisher":"https:\/\/www.facebook.com\/Aeronoticias.com.pe\/","article_published_time":"2011-01-26T12:55:41+00:00","author":"Redacci\u00f3n Aeronoticias","twitter_card":"summary_large_image","twitter_creator":"@aeronoticias","twitter_site":"@aeronoticias","twitter_misc":{"Escrito por":"Redacci\u00f3n Aeronoticias","Tiempo de lectura":"1 minuto"},"schema":{"@context":"https:\/\/schema.org","@graph":[{"@type":"WebPage","@id":"https:\/\/aeronoticias.com.pe\/noticiero\/49\/fallece-nina-que-sufrio-accidente-en-montana-rusa-del-mall-aventura-en-el-callao\/","url":"https:\/\/aeronoticias.com.pe\/noticiero\/49\/fallece-nina-que-sufrio-accidente-en-montana-rusa-del-mall-aventura-en-el-callao\/","name":"Fallece ni\u00f1a que sufri\u00f3 accidente en monta\u00f1a rusa del mall Aventura en el Callao","isPartOf":{"@id":"https:\/\/aeronoticias.com.pe\/noticiero\/#website"},"datePublished":"2011-01-26T12:55:41+00:00","author":{"@id":"https:\/\/aeronoticias.com.pe\/noticiero\/#\/schema\/person\/fc1e5d578f4b62ba1cf7ac2bba1170a0"},"description":"Portal de noticias del Per\u00fa sobre el transporte a\u00e9reo, aviaci\u00f3n, turismo, hoteleria, actualidad.","breadcrumb":{"@id":"https:\/\/aeronoticias.com.pe\/noticiero\/49\/fallece-nina-que-sufrio-accidente-en-montana-rusa-del-mall-aventura-en-el-callao\/#breadcrumb"},"inLanguage":"es","potentialAction":[{"@type":"ReadAction","target":["https:\/\/aeronoticias.com.pe\/noticiero\/49\/fallece-nina-que-sufrio-accidente-en-montana-rusa-del-mall-aventura-en-el-callao\/"]}]},{"@type":"BreadcrumbList","@id":"https:\/\/aeronoticias.com.pe\/noticiero\/49\/fallece-nina-que-sufrio-accidente-en-montana-rusa-del-mall-aventura-en-el-callao\/#breadcrumb","itemListElement":[{"@type":"ListItem","position":1,"name":"Portada","item":"https:\/\/aeronoticias.com.pe\/noticiero\/"},{"@type":"ListItem","position":2,"name":"Fallece ni\u00f1a que sufri\u00f3 accidente en monta\u00f1a rusa del mall Aventura en el Callao"}]},{"@type":"WebSite","@id":"https:\/\/aeronoticias.com.pe\/noticiero\/#website","url":"https:\/\/aeronoticias.com.pe\/noticiero\/","name":"Aeronoticias.com.pe","description":"Noticias de tranporte aereo, turismo, hoteles, gastronomia, actualidad, internacional","potentialAction":[{"@type":"SearchAction","target":{"@type":"EntryPoint","urlTemplate":"https:\/\/aeronoticias.com.pe\/noticiero\/?s={search_term_string}"},"query-input":{"@type":"PropertyValueSpecification","valueRequired":true,"valueName":"search_term_string"}}],"inLanguage":"es"},{"@type":"Person","@id":"https:\/\/aeronoticias.com.pe\/noticiero\/#\/schema\/person\/fc1e5d578f4b62ba1cf7ac2bba1170a0","name":"Redacci\u00f3n Aeronoticias","url":"https:\/\/aeronoticias.com.pe\/noticiero\/author\/piloto\/"}]}},"_links":{"self":[{"href":"https:\/\/aeronoticias.com.pe\/noticiero\/wp-json\/wp\/v2\/posts\/15139","targetHints":{"allow":["GET"]}}],"collection":[{"href":"https:\/\/aeronoticias.com.pe\/noticiero\/wp-json\/wp\/v2\/posts"}],"about":[{"href":"https:\/\/aeronoticias.com.pe\/noticiero\/wp-json\/wp\/v2\/types\/post"}],"author":[{"embeddable":true,"href":"https:\/\/aeronoticias.com.pe\/noticiero\/wp-json\/wp\/v2\/users\/1"}],"replies":[{"embeddable":true,"href":"https:\/\/aeronoticias.com.pe\/noticiero\/wp-json\/wp\/v2\/comments?post=15139"}],"version-history":[{"count":0,"href":"https:\/\/aeronoticias.com.pe\/noticiero\/wp-json\/wp\/v2\/posts\/15139\/revisions"}],"wp:attachment":[{"href":"https:\/\/aeronoticias.com.pe\/noticiero\/wp-json\/wp\/v2\/media?parent=15139"}],"wp:term":[{"taxonomy":"category","embeddable":true,"href":"https:\/\/aeronoticias.com.pe\/noticiero\/wp-json\/wp\/v2\/categories?post=15139"},{"taxonomy":"post_tag","embeddable":true,"href":"https:\/\/aeronoticias.com.pe\/noticiero\/wp-json\/wp\/v2\/tags?post=15139"}],"curies":[{"name":"wp","href":"https:\/\/api.w.org\/{rel}","templated":true}]}}