{"id":15633,"date":"2011-02-21T14:37:16","date_gmt":"2011-02-21T14:37:16","guid":{"rendered":"http:\/\/desarrollo.mcvicious.com\/aero2020\/2011\/02\/21\/oficinas-en-rio-de-janeiro-son-mas-caras-que-nueva-york\/"},"modified":"2011-02-21T14:37:16","modified_gmt":"2011-02-21T14:37:16","slug":"oficinas-en-rio-de-janeiro-son-mas-caras-que-nueva-york","status":"publish","type":"post","link":"https:\/\/aeronoticias.com.pe\/noticiero\/economia\/oficinas-en-rio-de-janeiro-son-mas-caras-que-nueva-york\/","title":{"rendered":"Oficinas en R\u00edo de Janeiro son m\u00e1s caras que Nueva York"},"content":{"rendered":"<p align=\"justify\"><strong>(Aeronoticias)<\/strong> Nueva York perdi\u00f3 su corona como el mercado\u00a0 de oficinas de primera calidad m\u00e1s caro de Am\u00e9rica, superado por primera vez por Rio de Janeiro, seg\u00fan un estudio realizado por el asesor inmobiliario Cushman Wakerfield Inc.<\/p>\n<p style=\"text-align: center\"><img decoding=\"async\" src=\"images\/stories\/11\/02\/210211\/rio.jpg\" border=\"0\" alt=\"rio\" title=\"rio\" \/><\/p>\n<p align=\"justify\">\n<p>El costo anual del alquiler 0.09 metros cuadrados de espacios de oficinas de primera calidad en la ciudad brasile\u00f1a aument\u00f3 47% en el 2010 a $120 o $5 m\u00e1s que en la zona del Midtown de Manhattan, dijo el agente inmobiliario.<\/p>\n<p>R\u00edo de Janeiro avanz\u00f3 del puesto n\u00famero 13 al 4 en un ranking global de mercados de oficinas de primera calidad, despu\u00e9s de Hong Kong, Londres y Tokio.\u00a0 \u201cUna demanda muy alta y una escases de oferta\u201d, impulsaron las alzas en la segunda ciudad m\u00e1s importante de Brasil, dijo la filial sudamericana del agente de bienes ra\u00edces. <\/p>\n","protected":false},"excerpt":{"rendered":"<p>(Aeronoticias) Nueva York perdi\u00f3 su corona como el mercado\u00a0 de oficinas de primera calidad m\u00e1s caro de Am\u00e9rica, superado por primera vez por Rio de Janeiro, seg\u00fan un estudio realizado por el asesor inmobiliario Cushman Wakerfield Inc. El costo anual del alquiler 0.09 metros cuadrados de espacios de oficinas de primera calidad en la ciudad [&hellip;]<\/p>\n","protected":false},"author":1,"featured_media":0,"comment_status":"open","ping_status":"open","sticky":false,"template":"","format":"standard","meta":{"tdm_status":"","tdm_grid_status":"","footnotes":""},"categories":[33],"tags":[],"class_list":{"0":"post-15633","1":"post","2":"type-post","3":"status-publish","4":"format-standard","6":"category-economia"},"yoast_head":"<!-- This site is optimized with the Yoast SEO plugin v25.1 - https:\/\/yoast.com\/wordpress\/plugins\/seo\/ -->\n<title>Oficinas en R\u00edo de Janeiro son m\u00e1s caras que Nueva York<\/title>\n<meta name=\"description\" content=\"Portal de noticias del Per\u00fa sobre el transporte a\u00e9reo, aviaci\u00f3n, turismo, hoteleria, actualidad.\" \/>\n<meta name=\"robots\" content=\"index, follow, max-snippet:-1, max-image-preview:large, max-video-preview:-1\" \/>\n<link rel=\"canonical\" href=\"https:\/\/aeronoticias.com.pe\/noticiero\/economia\/oficinas-en-rio-de-janeiro-son-mas-caras-que-nueva-york\/\" \/>\n<meta property=\"og:locale\" content=\"es_ES\" \/>\n<meta property=\"og:type\" content=\"article\" \/>\n<meta property=\"og:title\" content=\"Oficinas en R\u00edo de Janeiro son m\u00e1s caras que Nueva York\" \/>\n<meta property=\"og:description\" content=\"Portal de noticias del Per\u00fa sobre el transporte a\u00e9reo, aviaci\u00f3n, turismo, hoteleria, actualidad.\" \/>\n<meta property=\"og:url\" content=\"https:\/\/aeronoticias.com.pe\/noticiero\/economia\/oficinas-en-rio-de-janeiro-son-mas-caras-que-nueva-york\/\" \/>\n<meta property=\"og:site_name\" content=\"Aeronoticias.com.pe\" \/>\n<meta property=\"article:publisher\" content=\"https:\/\/www.facebook.com\/Aeronoticias.com.pe\/\" \/>\n<meta property=\"article:published_time\" content=\"2011-02-21T14:37:16+00:00\" \/>\n<meta name=\"author\" content=\"Redacci\u00f3n Aeronoticias\" \/>\n<meta name=\"twitter:card\" content=\"summary_large_image\" \/>\n<meta name=\"twitter:creator\" content=\"@aeronoticias\" \/>\n<meta name=\"twitter:site\" content=\"@aeronoticias\" \/>\n<meta name=\"twitter:label1\" content=\"Escrito por\" \/>\n\t<meta name=\"twitter:data1\" content=\"Redacci\u00f3n Aeronoticias\" \/>\n\t<meta name=\"twitter:label2\" content=\"Tiempo de lectura\" \/>\n\t<meta name=\"twitter:data2\" content=\"1 minuto\" \/>\n<script type=\"application\/ld+json\" class=\"yoast-schema-graph\">{\"@context\":\"https:\/\/schema.org\",\"@graph\":[{\"@type\":\"WebPage\",\"@id\":\"https:\/\/aeronoticias.com.pe\/noticiero\/economia\/oficinas-en-rio-de-janeiro-son-mas-caras-que-nueva-york\/\",\"url\":\"https:\/\/aeronoticias.com.pe\/noticiero\/economia\/oficinas-en-rio-de-janeiro-son-mas-caras-que-nueva-york\/\",\"name\":\"Oficinas en R\u00edo de Janeiro son m\u00e1s caras que Nueva York\",\"isPartOf\":{\"@id\":\"https:\/\/aeronoticias.com.pe\/noticiero\/#website\"},\"datePublished\":\"2011-02-21T14:37:16+00:00\",\"author\":{\"@id\":\"https:\/\/aeronoticias.com.pe\/noticiero\/#\/schema\/person\/fc1e5d578f4b62ba1cf7ac2bba1170a0\"},\"description\":\"Portal de noticias del Per\u00fa sobre el transporte a\u00e9reo, aviaci\u00f3n, turismo, hoteleria, actualidad.\",\"breadcrumb\":{\"@id\":\"https:\/\/aeronoticias.com.pe\/noticiero\/economia\/oficinas-en-rio-de-janeiro-son-mas-caras-que-nueva-york\/#breadcrumb\"},\"inLanguage\":\"es\",\"potentialAction\":[{\"@type\":\"ReadAction\",\"target\":[\"https:\/\/aeronoticias.com.pe\/noticiero\/economia\/oficinas-en-rio-de-janeiro-son-mas-caras-que-nueva-york\/\"]}]},{\"@type\":\"BreadcrumbList\",\"@id\":\"https:\/\/aeronoticias.com.pe\/noticiero\/economia\/oficinas-en-rio-de-janeiro-son-mas-caras-que-nueva-york\/#breadcrumb\",\"itemListElement\":[{\"@type\":\"ListItem\",\"position\":1,\"name\":\"Portada\",\"item\":\"https:\/\/aeronoticias.com.pe\/noticiero\/\"},{\"@type\":\"ListItem\",\"position\":2,\"name\":\"Oficinas en R\u00edo de Janeiro son m\u00e1s caras que Nueva York\"}]},{\"@type\":\"WebSite\",\"@id\":\"https:\/\/aeronoticias.com.pe\/noticiero\/#website\",\"url\":\"https:\/\/aeronoticias.com.pe\/noticiero\/\",\"name\":\"Aeronoticias.com.pe\",\"description\":\"Noticias de tranporte aereo, turismo, hoteles, gastronomia, actualidad, internacional\",\"potentialAction\":[{\"@type\":\"SearchAction\",\"target\":{\"@type\":\"EntryPoint\",\"urlTemplate\":\"https:\/\/aeronoticias.com.pe\/noticiero\/?s={search_term_string}\"},\"query-input\":{\"@type\":\"PropertyValueSpecification\",\"valueRequired\":true,\"valueName\":\"search_term_string\"}}],\"inLanguage\":\"es\"},{\"@type\":\"Person\",\"@id\":\"https:\/\/aeronoticias.com.pe\/noticiero\/#\/schema\/person\/fc1e5d578f4b62ba1cf7ac2bba1170a0\",\"name\":\"Redacci\u00f3n Aeronoticias\",\"url\":\"https:\/\/aeronoticias.com.pe\/noticiero\/author\/piloto\/\"}]}<\/script>\n<!-- \/ Yoast SEO plugin. -->","yoast_head_json":{"title":"Oficinas en R\u00edo de Janeiro son m\u00e1s caras que Nueva York","description":"Portal de noticias del Per\u00fa sobre el transporte a\u00e9reo, aviaci\u00f3n, turismo, hoteleria, actualidad.","robots":{"index":"index","follow":"follow","max-snippet":"max-snippet:-1","max-image-preview":"max-image-preview:large","max-video-preview":"max-video-preview:-1"},"canonical":"https:\/\/aeronoticias.com.pe\/noticiero\/economia\/oficinas-en-rio-de-janeiro-son-mas-caras-que-nueva-york\/","og_locale":"es_ES","og_type":"article","og_title":"Oficinas en R\u00edo de Janeiro son m\u00e1s caras que Nueva York","og_description":"Portal de noticias del Per\u00fa sobre el transporte a\u00e9reo, aviaci\u00f3n, turismo, hoteleria, actualidad.","og_url":"https:\/\/aeronoticias.com.pe\/noticiero\/economia\/oficinas-en-rio-de-janeiro-son-mas-caras-que-nueva-york\/","og_site_name":"Aeronoticias.com.pe","article_publisher":"https:\/\/www.facebook.com\/Aeronoticias.com.pe\/","article_published_time":"2011-02-21T14:37:16+00:00","author":"Redacci\u00f3n Aeronoticias","twitter_card":"summary_large_image","twitter_creator":"@aeronoticias","twitter_site":"@aeronoticias","twitter_misc":{"Escrito por":"Redacci\u00f3n Aeronoticias","Tiempo de lectura":"1 minuto"},"schema":{"@context":"https:\/\/schema.org","@graph":[{"@type":"WebPage","@id":"https:\/\/aeronoticias.com.pe\/noticiero\/economia\/oficinas-en-rio-de-janeiro-son-mas-caras-que-nueva-york\/","url":"https:\/\/aeronoticias.com.pe\/noticiero\/economia\/oficinas-en-rio-de-janeiro-son-mas-caras-que-nueva-york\/","name":"Oficinas en R\u00edo de Janeiro son m\u00e1s caras que Nueva York","isPartOf":{"@id":"https:\/\/aeronoticias.com.pe\/noticiero\/#website"},"datePublished":"2011-02-21T14:37:16+00:00","author":{"@id":"https:\/\/aeronoticias.com.pe\/noticiero\/#\/schema\/person\/fc1e5d578f4b62ba1cf7ac2bba1170a0"},"description":"Portal de noticias del Per\u00fa sobre el transporte a\u00e9reo, aviaci\u00f3n, turismo, hoteleria, actualidad.","breadcrumb":{"@id":"https:\/\/aeronoticias.com.pe\/noticiero\/economia\/oficinas-en-rio-de-janeiro-son-mas-caras-que-nueva-york\/#breadcrumb"},"inLanguage":"es","potentialAction":[{"@type":"ReadAction","target":["https:\/\/aeronoticias.com.pe\/noticiero\/economia\/oficinas-en-rio-de-janeiro-son-mas-caras-que-nueva-york\/"]}]},{"@type":"BreadcrumbList","@id":"https:\/\/aeronoticias.com.pe\/noticiero\/economia\/oficinas-en-rio-de-janeiro-son-mas-caras-que-nueva-york\/#breadcrumb","itemListElement":[{"@type":"ListItem","position":1,"name":"Portada","item":"https:\/\/aeronoticias.com.pe\/noticiero\/"},{"@type":"ListItem","position":2,"name":"Oficinas en R\u00edo de Janeiro son m\u00e1s caras que Nueva York"}]},{"@type":"WebSite","@id":"https:\/\/aeronoticias.com.pe\/noticiero\/#website","url":"https:\/\/aeronoticias.com.pe\/noticiero\/","name":"Aeronoticias.com.pe","description":"Noticias de tranporte aereo, turismo, hoteles, gastronomia, actualidad, internacional","potentialAction":[{"@type":"SearchAction","target":{"@type":"EntryPoint","urlTemplate":"https:\/\/aeronoticias.com.pe\/noticiero\/?s={search_term_string}"},"query-input":{"@type":"PropertyValueSpecification","valueRequired":true,"valueName":"search_term_string"}}],"inLanguage":"es"},{"@type":"Person","@id":"https:\/\/aeronoticias.com.pe\/noticiero\/#\/schema\/person\/fc1e5d578f4b62ba1cf7ac2bba1170a0","name":"Redacci\u00f3n Aeronoticias","url":"https:\/\/aeronoticias.com.pe\/noticiero\/author\/piloto\/"}]}},"_links":{"self":[{"href":"https:\/\/aeronoticias.com.pe\/noticiero\/wp-json\/wp\/v2\/posts\/15633","targetHints":{"allow":["GET"]}}],"collection":[{"href":"https:\/\/aeronoticias.com.pe\/noticiero\/wp-json\/wp\/v2\/posts"}],"about":[{"href":"https:\/\/aeronoticias.com.pe\/noticiero\/wp-json\/wp\/v2\/types\/post"}],"author":[{"embeddable":true,"href":"https:\/\/aeronoticias.com.pe\/noticiero\/wp-json\/wp\/v2\/users\/1"}],"replies":[{"embeddable":true,"href":"https:\/\/aeronoticias.com.pe\/noticiero\/wp-json\/wp\/v2\/comments?post=15633"}],"version-history":[{"count":0,"href":"https:\/\/aeronoticias.com.pe\/noticiero\/wp-json\/wp\/v2\/posts\/15633\/revisions"}],"wp:attachment":[{"href":"https:\/\/aeronoticias.com.pe\/noticiero\/wp-json\/wp\/v2\/media?parent=15633"}],"wp:term":[{"taxonomy":"category","embeddable":true,"href":"https:\/\/aeronoticias.com.pe\/noticiero\/wp-json\/wp\/v2\/categories?post=15633"},{"taxonomy":"post_tag","embeddable":true,"href":"https:\/\/aeronoticias.com.pe\/noticiero\/wp-json\/wp\/v2\/tags?post=15633"}],"curies":[{"name":"wp","href":"https:\/\/api.w.org\/{rel}","templated":true}]}}