{"id":15974,"date":"2011-03-11T14:18:11","date_gmt":"2011-03-11T14:18:11","guid":{"rendered":"http:\/\/desarrollo.mcvicious.com\/aero2020\/2011\/03\/11\/alerta-de-incendio-en-planta-nuclear-en-japon\/"},"modified":"2011-03-11T14:18:11","modified_gmt":"2011-03-11T14:18:11","slug":"alerta-de-incendio-en-planta-nuclear-en-japon","status":"publish","type":"post","link":"https:\/\/aeronoticias.com.pe\/noticiero\/ultimas\/1\/alerta-de-incendio-en-planta-nuclear-en-japon\/","title":{"rendered":"Alerta de incendio en planta nuclear en Jap\u00f3n"},"content":{"rendered":"<div style=\"text-align: justify\"><strong>(Aeronoticias).-<\/strong> Luego del terremoto de 8,9 grados se inici\u00f3 un incendio en la secci\u00f3n de turbinas de la central nuclear de Onagawa, situada en la prefectura de Miyagi, la alarma at\u00f3mica se decret\u00f3 para facilitar la eventual adopci\u00f3n de medidas de emergencia.<\/div>\n<div style=\"text-align: justify\">\u00a0<\/div>\n<div style=\"text-align: justify\">El primer ministro de Jap\u00f3n, Naoto Kan, decret\u00f3 alerta at\u00f3mica luego de que el noreste del pa\u00eds nip\u00f3n fuese sacudido por un terremoto de 8.9 en la escala de Richter.<\/div>\n<div style=\"text-align: justify\"><\/div>\n<div style=\"text-align: justify\">La medida se toma de manera preventiva para facilitar posibles medidas de evacuaci\u00f3n, pues no se detectaron fugas radiactivas en las plantas nucleares, se\u00f1ala una nota de la agencia DPA.<\/div>\n<div style=\"text-align: justify\">\u00a0<\/div>\n<div style=\"text-align: center\">\u00a0<img decoding=\"async\" src=\"images\/stories\/11\/03\/110311\/planta_nuclear_japon.jpg\" border=\"0\" alt=\"Alerta de incendio en planta nuclear en Jap\u00f3n\" title=\"Alerta de incendio en planta nuclear en Jap\u00f3n\" \/><\/div>\n<div style=\"text-align: justify\"><\/div>\n<div style=\"text-align: justify\">Luego del terremoto se inici\u00f3 un incendio en la secci\u00f3n de turbinas de la central nuclear de Onagawa, situada en la prefectura de Miyagi.<\/div>\n<div style=\"text-align: justify\"><\/div>\n<div style=\"text-align: justify\">El informe agreg\u00f3 que el proceso de refrigeraci\u00f3n de uno de los reactores no est\u00e1 funcionando correctamente.<\/div>\n<div style=\"text-align: justify\"><\/div>\n<div style=\"text-align: justify\">Las cuatro centrales nucleares japonesas m\u00e1s cercanas a la regi\u00f3n del noreste golpeada por un violento terremoto se encuentran apagadas y en seguridad, anunci\u00f3 desde Viena la Agencia Internacional de Energ\u00eda At\u00f3mica (AIEA).<\/div>\n<div style=\"text-align: justify\"><\/div>\n<div style=\"text-align: justify\">\u00abLas cuatro centrales nucleares m\u00e1s cercanas al sismo se encuentran apagadas y en seguridad\u00bb, inform\u00f3 la AIEA en un comunicado.<\/div>\n<div style=\"text-align: justify\"><\/div>\n<div style=\"text-align: justify\">El vocero del gobierno, Yukio Edano Kan, explic\u00f3 que la alarma at\u00f3mica se decret\u00f3 para facilitar la eventual adopci\u00f3n de medidas de emergencia, refiri\u00f3 la agencia DPA. Fuente:andina.com.pe<\/div>\n","protected":false},"excerpt":{"rendered":"<p>(Aeronoticias).- Luego del terremoto de 8,9 grados se inici\u00f3 un incendio en la secci\u00f3n de turbinas de la central nuclear de Onagawa, situada en la prefectura de Miyagi, la alarma at\u00f3mica se decret\u00f3 para facilitar la eventual adopci\u00f3n de medidas de emergencia. \u00a0 El primer ministro de Jap\u00f3n, Naoto Kan, decret\u00f3 alerta at\u00f3mica luego de [&hellip;]<\/p>\n","protected":false},"author":1,"featured_media":0,"comment_status":"open","ping_status":"open","sticky":false,"template":"","format":"standard","meta":{"tdm_status":"","tdm_grid_status":"","footnotes":""},"categories":[30],"tags":[],"class_list":{"0":"post-15974","1":"post","2":"type-post","3":"status-publish","4":"format-standard","6":"category-30"},"yoast_head":"<!-- This site is optimized with the Yoast SEO plugin v25.1 - https:\/\/yoast.com\/wordpress\/plugins\/seo\/ -->\n<title>Alerta de incendio en planta nuclear en Jap\u00f3n<\/title>\n<meta name=\"description\" content=\"Portal de noticias del Per\u00fa sobre el transporte a\u00e9reo, aviaci\u00f3n, turismo, hoteleria, actualidad.\" \/>\n<meta name=\"robots\" content=\"index, follow, max-snippet:-1, max-image-preview:large, max-video-preview:-1\" \/>\n<link rel=\"canonical\" href=\"https:\/\/aeronoticias.com.pe\/noticiero\/ultimas\/1\/alerta-de-incendio-en-planta-nuclear-en-japon\/\" \/>\n<meta property=\"og:locale\" content=\"es_ES\" \/>\n<meta property=\"og:type\" content=\"article\" \/>\n<meta property=\"og:title\" content=\"Alerta de incendio en planta nuclear en Jap\u00f3n\" \/>\n<meta property=\"og:description\" content=\"Portal de noticias del Per\u00fa sobre el transporte a\u00e9reo, aviaci\u00f3n, turismo, hoteleria, actualidad.\" \/>\n<meta property=\"og:url\" content=\"https:\/\/aeronoticias.com.pe\/noticiero\/ultimas\/1\/alerta-de-incendio-en-planta-nuclear-en-japon\/\" \/>\n<meta property=\"og:site_name\" content=\"Aeronoticias.com.pe\" \/>\n<meta property=\"article:publisher\" content=\"https:\/\/www.facebook.com\/Aeronoticias.com.pe\/\" \/>\n<meta property=\"article:published_time\" content=\"2011-03-11T14:18:11+00:00\" \/>\n<meta name=\"author\" content=\"Redacci\u00f3n Aeronoticias\" \/>\n<meta name=\"twitter:card\" content=\"summary_large_image\" \/>\n<meta name=\"twitter:creator\" content=\"@aeronoticias\" \/>\n<meta name=\"twitter:site\" content=\"@aeronoticias\" \/>\n<meta name=\"twitter:label1\" content=\"Escrito por\" \/>\n\t<meta name=\"twitter:data1\" content=\"Redacci\u00f3n Aeronoticias\" \/>\n\t<meta name=\"twitter:label2\" content=\"Tiempo de lectura\" \/>\n\t<meta name=\"twitter:data2\" content=\"1 minuto\" \/>\n<script type=\"application\/ld+json\" class=\"yoast-schema-graph\">{\"@context\":\"https:\/\/schema.org\",\"@graph\":[{\"@type\":\"WebPage\",\"@id\":\"https:\/\/aeronoticias.com.pe\/noticiero\/ultimas\/1\/alerta-de-incendio-en-planta-nuclear-en-japon\/\",\"url\":\"https:\/\/aeronoticias.com.pe\/noticiero\/ultimas\/1\/alerta-de-incendio-en-planta-nuclear-en-japon\/\",\"name\":\"Alerta de incendio en planta nuclear en Jap\u00f3n\",\"isPartOf\":{\"@id\":\"https:\/\/aeronoticias.com.pe\/noticiero\/#website\"},\"datePublished\":\"2011-03-11T14:18:11+00:00\",\"author\":{\"@id\":\"https:\/\/aeronoticias.com.pe\/noticiero\/#\/schema\/person\/fc1e5d578f4b62ba1cf7ac2bba1170a0\"},\"description\":\"Portal de noticias del Per\u00fa sobre el transporte a\u00e9reo, aviaci\u00f3n, turismo, hoteleria, actualidad.\",\"breadcrumb\":{\"@id\":\"https:\/\/aeronoticias.com.pe\/noticiero\/ultimas\/1\/alerta-de-incendio-en-planta-nuclear-en-japon\/#breadcrumb\"},\"inLanguage\":\"es\",\"potentialAction\":[{\"@type\":\"ReadAction\",\"target\":[\"https:\/\/aeronoticias.com.pe\/noticiero\/ultimas\/1\/alerta-de-incendio-en-planta-nuclear-en-japon\/\"]}]},{\"@type\":\"BreadcrumbList\",\"@id\":\"https:\/\/aeronoticias.com.pe\/noticiero\/ultimas\/1\/alerta-de-incendio-en-planta-nuclear-en-japon\/#breadcrumb\",\"itemListElement\":[{\"@type\":\"ListItem\",\"position\":1,\"name\":\"Portada\",\"item\":\"https:\/\/aeronoticias.com.pe\/noticiero\/\"},{\"@type\":\"ListItem\",\"position\":2,\"name\":\"Alerta de incendio en planta nuclear en Jap\u00f3n\"}]},{\"@type\":\"WebSite\",\"@id\":\"https:\/\/aeronoticias.com.pe\/noticiero\/#website\",\"url\":\"https:\/\/aeronoticias.com.pe\/noticiero\/\",\"name\":\"Aeronoticias.com.pe\",\"description\":\"Noticias de tranporte aereo, turismo, hoteles, gastronomia, actualidad, internacional\",\"potentialAction\":[{\"@type\":\"SearchAction\",\"target\":{\"@type\":\"EntryPoint\",\"urlTemplate\":\"https:\/\/aeronoticias.com.pe\/noticiero\/?s={search_term_string}\"},\"query-input\":{\"@type\":\"PropertyValueSpecification\",\"valueRequired\":true,\"valueName\":\"search_term_string\"}}],\"inLanguage\":\"es\"},{\"@type\":\"Person\",\"@id\":\"https:\/\/aeronoticias.com.pe\/noticiero\/#\/schema\/person\/fc1e5d578f4b62ba1cf7ac2bba1170a0\",\"name\":\"Redacci\u00f3n Aeronoticias\",\"url\":\"https:\/\/aeronoticias.com.pe\/noticiero\/author\/piloto\/\"}]}<\/script>\n<!-- \/ Yoast SEO plugin. -->","yoast_head_json":{"title":"Alerta de incendio en planta nuclear en Jap\u00f3n","description":"Portal de noticias del Per\u00fa sobre el transporte a\u00e9reo, aviaci\u00f3n, turismo, hoteleria, actualidad.","robots":{"index":"index","follow":"follow","max-snippet":"max-snippet:-1","max-image-preview":"max-image-preview:large","max-video-preview":"max-video-preview:-1"},"canonical":"https:\/\/aeronoticias.com.pe\/noticiero\/ultimas\/1\/alerta-de-incendio-en-planta-nuclear-en-japon\/","og_locale":"es_ES","og_type":"article","og_title":"Alerta de incendio en planta nuclear en Jap\u00f3n","og_description":"Portal de noticias del Per\u00fa sobre el transporte a\u00e9reo, aviaci\u00f3n, turismo, hoteleria, actualidad.","og_url":"https:\/\/aeronoticias.com.pe\/noticiero\/ultimas\/1\/alerta-de-incendio-en-planta-nuclear-en-japon\/","og_site_name":"Aeronoticias.com.pe","article_publisher":"https:\/\/www.facebook.com\/Aeronoticias.com.pe\/","article_published_time":"2011-03-11T14:18:11+00:00","author":"Redacci\u00f3n Aeronoticias","twitter_card":"summary_large_image","twitter_creator":"@aeronoticias","twitter_site":"@aeronoticias","twitter_misc":{"Escrito por":"Redacci\u00f3n Aeronoticias","Tiempo de lectura":"1 minuto"},"schema":{"@context":"https:\/\/schema.org","@graph":[{"@type":"WebPage","@id":"https:\/\/aeronoticias.com.pe\/noticiero\/ultimas\/1\/alerta-de-incendio-en-planta-nuclear-en-japon\/","url":"https:\/\/aeronoticias.com.pe\/noticiero\/ultimas\/1\/alerta-de-incendio-en-planta-nuclear-en-japon\/","name":"Alerta de incendio en planta nuclear en Jap\u00f3n","isPartOf":{"@id":"https:\/\/aeronoticias.com.pe\/noticiero\/#website"},"datePublished":"2011-03-11T14:18:11+00:00","author":{"@id":"https:\/\/aeronoticias.com.pe\/noticiero\/#\/schema\/person\/fc1e5d578f4b62ba1cf7ac2bba1170a0"},"description":"Portal de noticias del Per\u00fa sobre el transporte a\u00e9reo, aviaci\u00f3n, turismo, hoteleria, actualidad.","breadcrumb":{"@id":"https:\/\/aeronoticias.com.pe\/noticiero\/ultimas\/1\/alerta-de-incendio-en-planta-nuclear-en-japon\/#breadcrumb"},"inLanguage":"es","potentialAction":[{"@type":"ReadAction","target":["https:\/\/aeronoticias.com.pe\/noticiero\/ultimas\/1\/alerta-de-incendio-en-planta-nuclear-en-japon\/"]}]},{"@type":"BreadcrumbList","@id":"https:\/\/aeronoticias.com.pe\/noticiero\/ultimas\/1\/alerta-de-incendio-en-planta-nuclear-en-japon\/#breadcrumb","itemListElement":[{"@type":"ListItem","position":1,"name":"Portada","item":"https:\/\/aeronoticias.com.pe\/noticiero\/"},{"@type":"ListItem","position":2,"name":"Alerta de incendio en planta nuclear en Jap\u00f3n"}]},{"@type":"WebSite","@id":"https:\/\/aeronoticias.com.pe\/noticiero\/#website","url":"https:\/\/aeronoticias.com.pe\/noticiero\/","name":"Aeronoticias.com.pe","description":"Noticias de tranporte aereo, turismo, hoteles, gastronomia, actualidad, internacional","potentialAction":[{"@type":"SearchAction","target":{"@type":"EntryPoint","urlTemplate":"https:\/\/aeronoticias.com.pe\/noticiero\/?s={search_term_string}"},"query-input":{"@type":"PropertyValueSpecification","valueRequired":true,"valueName":"search_term_string"}}],"inLanguage":"es"},{"@type":"Person","@id":"https:\/\/aeronoticias.com.pe\/noticiero\/#\/schema\/person\/fc1e5d578f4b62ba1cf7ac2bba1170a0","name":"Redacci\u00f3n Aeronoticias","url":"https:\/\/aeronoticias.com.pe\/noticiero\/author\/piloto\/"}]}},"_links":{"self":[{"href":"https:\/\/aeronoticias.com.pe\/noticiero\/wp-json\/wp\/v2\/posts\/15974","targetHints":{"allow":["GET"]}}],"collection":[{"href":"https:\/\/aeronoticias.com.pe\/noticiero\/wp-json\/wp\/v2\/posts"}],"about":[{"href":"https:\/\/aeronoticias.com.pe\/noticiero\/wp-json\/wp\/v2\/types\/post"}],"author":[{"embeddable":true,"href":"https:\/\/aeronoticias.com.pe\/noticiero\/wp-json\/wp\/v2\/users\/1"}],"replies":[{"embeddable":true,"href":"https:\/\/aeronoticias.com.pe\/noticiero\/wp-json\/wp\/v2\/comments?post=15974"}],"version-history":[{"count":0,"href":"https:\/\/aeronoticias.com.pe\/noticiero\/wp-json\/wp\/v2\/posts\/15974\/revisions"}],"wp:attachment":[{"href":"https:\/\/aeronoticias.com.pe\/noticiero\/wp-json\/wp\/v2\/media?parent=15974"}],"wp:term":[{"taxonomy":"category","embeddable":true,"href":"https:\/\/aeronoticias.com.pe\/noticiero\/wp-json\/wp\/v2\/categories?post=15974"},{"taxonomy":"post_tag","embeddable":true,"href":"https:\/\/aeronoticias.com.pe\/noticiero\/wp-json\/wp\/v2\/tags?post=15974"}],"curies":[{"name":"wp","href":"https:\/\/api.w.org\/{rel}","templated":true}]}}