{"id":16002,"date":"2011-03-12T17:54:20","date_gmt":"2011-03-12T17:54:20","guid":{"rendered":"http:\/\/desarrollo.mcvicious.com\/aero2020\/2011\/03\/12\/eje-de-la-tierra-se-desplazo-10-cm-por-terremoto-de-89-en-japon\/"},"modified":"2011-03-12T17:54:20","modified_gmt":"2011-03-12T17:54:20","slug":"eje-de-la-tierra-se-desplazo-10-cm-por-terremoto-de-89-en-japon","status":"publish","type":"post","link":"https:\/\/aeronoticias.com.pe\/noticiero\/salud\/eje-de-la-tierra-se-desplazo-10-cm-por-terremoto-de-89-en-japon\/","title":{"rendered":"Eje de la Tierra se desplaz\u00f3 10 cm por terremoto de 8.9 en Jap\u00f3n"},"content":{"rendered":"<p align=\"justify\"><strong>(Aeronoticias).-<\/strong> Un estudio del Instituto Nacional de Geof\u00edsica y Vulcanolog\u00eda de Italia se\u00f1ala que el eje de la Tierra se desplaz\u00f3 10 cent\u00edmetros debido al tremendo poder liberado por las placas tect\u00f3nicas en el devastador terremoto de 8,9 grados que remeci\u00f3 al Jap\u00f3n. <\/p>\n<p align=\"justify\">\u201cEl impacto de este suceso sobre el eje de rotaci\u00f3n ha sido mucho mayor que el del gran terremoto de Sumatra de 2004 y probablemente es el segundo mayor, solo por detr\u00e1s del terremoto de Chile de 1960\u201d, indica el comunicado, seg\u00fan cita el diario espa\u00f1ol \u201cEl Mundo\u201d. <\/p>\n<p align=\"justify\">\u00a0<\/p>\n<div style=\"text-align: center\"><img decoding=\"async\" src=\"images\/stories\/11\/03\/120311\/tierra.jpg\" border=\"0\" alt=\"Eje de la Tierra se desplaz\u00f3 10 cm por terremoto de 8.9 en Jap\u00f3n\" title=\"Eje de la Tierra se desplaz\u00f3 10 cm por terremoto de 8.9 en Jap\u00f3n\" \/><\/div>\n<p align=\"justify\">\u00a0<\/p>\n<p align=\"justify\">Casi un a\u00f1o atr\u00e1s, la NASA inform\u00f3 que el terremoto que sacudi\u00f3 a Chile en el 2010, habr\u00eda alterado 8 cent\u00edmetros el eje de la Tierra y que la extensi\u00f3n de los d\u00edas se habr\u00eda acortado 1,26 microsegundos, mientras que el geof\u00edsico de la NASA Richard Gross calcul\u00f3 que la rotaci\u00f3n de la tierra se aceler\u00f3 en 1,6 microsegundos, que se debieron al cambio en la masa de la Tierra provocada por el sismo de 8,9 grados de magnitud. <\/p>\n<div align=\"justify\">Este cambio en la velocidad de rotaci\u00f3n de la Tierra fue ligeramente superior al provocado por el enorme terremoto de Chile del a\u00f1o pasado. No obstante, el terremoto de Sumatra que provoc\u00f3 otro gran tsunami en el 2004 caus\u00f3 una reducci\u00f3n del d\u00eda en 6,8 microsegundos.<\/div>\n<p>\u00a0<\/p>\n","protected":false},"excerpt":{"rendered":"<p>(Aeronoticias).- Un estudio del Instituto Nacional de Geof\u00edsica y Vulcanolog\u00eda de Italia se\u00f1ala que el eje de la Tierra se desplaz\u00f3 10 cent\u00edmetros debido al tremendo poder liberado por las placas tect\u00f3nicas en el devastador terremoto de 8,9 grados que remeci\u00f3 al Jap\u00f3n. \u201cEl impacto de este suceso sobre el eje de rotaci\u00f3n ha sido [&hellip;]<\/p>\n","protected":false},"author":1,"featured_media":0,"comment_status":"open","ping_status":"open","sticky":false,"template":"","format":"standard","meta":{"tdm_status":"","tdm_grid_status":"","footnotes":""},"categories":[37],"tags":[],"class_list":{"0":"post-16002","1":"post","2":"type-post","3":"status-publish","4":"format-standard","6":"category-salud"},"yoast_head":"<!-- This site is optimized with the Yoast SEO plugin v25.1 - https:\/\/yoast.com\/wordpress\/plugins\/seo\/ -->\n<title>Eje de la Tierra se desplaz\u00f3 10 cm por terremoto de 8.9 en Jap\u00f3n<\/title>\n<meta name=\"description\" content=\"Portal de noticias del Per\u00fa sobre el transporte a\u00e9reo, aviaci\u00f3n, turismo, hoteleria, actualidad.\" \/>\n<meta name=\"robots\" content=\"index, follow, max-snippet:-1, max-image-preview:large, max-video-preview:-1\" \/>\n<link rel=\"canonical\" href=\"https:\/\/aeronoticias.com.pe\/noticiero\/salud\/eje-de-la-tierra-se-desplazo-10-cm-por-terremoto-de-89-en-japon\/\" \/>\n<meta property=\"og:locale\" content=\"es_ES\" \/>\n<meta property=\"og:type\" content=\"article\" \/>\n<meta property=\"og:title\" content=\"Eje de la Tierra se desplaz\u00f3 10 cm por terremoto de 8.9 en Jap\u00f3n\" \/>\n<meta property=\"og:description\" content=\"Portal de noticias del Per\u00fa sobre el transporte a\u00e9reo, aviaci\u00f3n, turismo, hoteleria, actualidad.\" \/>\n<meta property=\"og:url\" content=\"https:\/\/aeronoticias.com.pe\/noticiero\/salud\/eje-de-la-tierra-se-desplazo-10-cm-por-terremoto-de-89-en-japon\/\" \/>\n<meta property=\"og:site_name\" content=\"Aeronoticias.com.pe\" \/>\n<meta property=\"article:publisher\" content=\"https:\/\/www.facebook.com\/Aeronoticias.com.pe\/\" \/>\n<meta property=\"article:published_time\" content=\"2011-03-12T17:54:20+00:00\" \/>\n<meta name=\"author\" content=\"Redacci\u00f3n Aeronoticias\" \/>\n<meta name=\"twitter:card\" content=\"summary_large_image\" \/>\n<meta name=\"twitter:creator\" content=\"@aeronoticias\" \/>\n<meta name=\"twitter:site\" content=\"@aeronoticias\" \/>\n<meta name=\"twitter:label1\" content=\"Escrito por\" \/>\n\t<meta name=\"twitter:data1\" content=\"Redacci\u00f3n Aeronoticias\" \/>\n\t<meta name=\"twitter:label2\" content=\"Tiempo de lectura\" \/>\n\t<meta name=\"twitter:data2\" content=\"1 minuto\" \/>\n<script type=\"application\/ld+json\" class=\"yoast-schema-graph\">{\"@context\":\"https:\/\/schema.org\",\"@graph\":[{\"@type\":\"WebPage\",\"@id\":\"https:\/\/aeronoticias.com.pe\/noticiero\/salud\/eje-de-la-tierra-se-desplazo-10-cm-por-terremoto-de-89-en-japon\/\",\"url\":\"https:\/\/aeronoticias.com.pe\/noticiero\/salud\/eje-de-la-tierra-se-desplazo-10-cm-por-terremoto-de-89-en-japon\/\",\"name\":\"Eje de la Tierra se desplaz\u00f3 10 cm por terremoto de 8.9 en Jap\u00f3n\",\"isPartOf\":{\"@id\":\"https:\/\/aeronoticias.com.pe\/noticiero\/#website\"},\"datePublished\":\"2011-03-12T17:54:20+00:00\",\"author\":{\"@id\":\"https:\/\/aeronoticias.com.pe\/noticiero\/#\/schema\/person\/fc1e5d578f4b62ba1cf7ac2bba1170a0\"},\"description\":\"Portal de noticias del Per\u00fa sobre el transporte a\u00e9reo, aviaci\u00f3n, turismo, hoteleria, actualidad.\",\"breadcrumb\":{\"@id\":\"https:\/\/aeronoticias.com.pe\/noticiero\/salud\/eje-de-la-tierra-se-desplazo-10-cm-por-terremoto-de-89-en-japon\/#breadcrumb\"},\"inLanguage\":\"es\",\"potentialAction\":[{\"@type\":\"ReadAction\",\"target\":[\"https:\/\/aeronoticias.com.pe\/noticiero\/salud\/eje-de-la-tierra-se-desplazo-10-cm-por-terremoto-de-89-en-japon\/\"]}]},{\"@type\":\"BreadcrumbList\",\"@id\":\"https:\/\/aeronoticias.com.pe\/noticiero\/salud\/eje-de-la-tierra-se-desplazo-10-cm-por-terremoto-de-89-en-japon\/#breadcrumb\",\"itemListElement\":[{\"@type\":\"ListItem\",\"position\":1,\"name\":\"Portada\",\"item\":\"https:\/\/aeronoticias.com.pe\/noticiero\/\"},{\"@type\":\"ListItem\",\"position\":2,\"name\":\"Eje de la Tierra se desplaz\u00f3 10 cm por terremoto de 8.9 en Jap\u00f3n\"}]},{\"@type\":\"WebSite\",\"@id\":\"https:\/\/aeronoticias.com.pe\/noticiero\/#website\",\"url\":\"https:\/\/aeronoticias.com.pe\/noticiero\/\",\"name\":\"Aeronoticias.com.pe\",\"description\":\"Noticias de tranporte aereo, turismo, hoteles, gastronomia, actualidad, internacional\",\"potentialAction\":[{\"@type\":\"SearchAction\",\"target\":{\"@type\":\"EntryPoint\",\"urlTemplate\":\"https:\/\/aeronoticias.com.pe\/noticiero\/?s={search_term_string}\"},\"query-input\":{\"@type\":\"PropertyValueSpecification\",\"valueRequired\":true,\"valueName\":\"search_term_string\"}}],\"inLanguage\":\"es\"},{\"@type\":\"Person\",\"@id\":\"https:\/\/aeronoticias.com.pe\/noticiero\/#\/schema\/person\/fc1e5d578f4b62ba1cf7ac2bba1170a0\",\"name\":\"Redacci\u00f3n Aeronoticias\",\"url\":\"https:\/\/aeronoticias.com.pe\/noticiero\/author\/piloto\/\"}]}<\/script>\n<!-- \/ Yoast SEO plugin. -->","yoast_head_json":{"title":"Eje de la Tierra se desplaz\u00f3 10 cm por terremoto de 8.9 en Jap\u00f3n","description":"Portal de noticias del Per\u00fa sobre el transporte a\u00e9reo, aviaci\u00f3n, turismo, hoteleria, actualidad.","robots":{"index":"index","follow":"follow","max-snippet":"max-snippet:-1","max-image-preview":"max-image-preview:large","max-video-preview":"max-video-preview:-1"},"canonical":"https:\/\/aeronoticias.com.pe\/noticiero\/salud\/eje-de-la-tierra-se-desplazo-10-cm-por-terremoto-de-89-en-japon\/","og_locale":"es_ES","og_type":"article","og_title":"Eje de la Tierra se desplaz\u00f3 10 cm por terremoto de 8.9 en Jap\u00f3n","og_description":"Portal de noticias del Per\u00fa sobre el transporte a\u00e9reo, aviaci\u00f3n, turismo, hoteleria, actualidad.","og_url":"https:\/\/aeronoticias.com.pe\/noticiero\/salud\/eje-de-la-tierra-se-desplazo-10-cm-por-terremoto-de-89-en-japon\/","og_site_name":"Aeronoticias.com.pe","article_publisher":"https:\/\/www.facebook.com\/Aeronoticias.com.pe\/","article_published_time":"2011-03-12T17:54:20+00:00","author":"Redacci\u00f3n Aeronoticias","twitter_card":"summary_large_image","twitter_creator":"@aeronoticias","twitter_site":"@aeronoticias","twitter_misc":{"Escrito por":"Redacci\u00f3n Aeronoticias","Tiempo de lectura":"1 minuto"},"schema":{"@context":"https:\/\/schema.org","@graph":[{"@type":"WebPage","@id":"https:\/\/aeronoticias.com.pe\/noticiero\/salud\/eje-de-la-tierra-se-desplazo-10-cm-por-terremoto-de-89-en-japon\/","url":"https:\/\/aeronoticias.com.pe\/noticiero\/salud\/eje-de-la-tierra-se-desplazo-10-cm-por-terremoto-de-89-en-japon\/","name":"Eje de la Tierra se desplaz\u00f3 10 cm por terremoto de 8.9 en Jap\u00f3n","isPartOf":{"@id":"https:\/\/aeronoticias.com.pe\/noticiero\/#website"},"datePublished":"2011-03-12T17:54:20+00:00","author":{"@id":"https:\/\/aeronoticias.com.pe\/noticiero\/#\/schema\/person\/fc1e5d578f4b62ba1cf7ac2bba1170a0"},"description":"Portal de noticias del Per\u00fa sobre el transporte a\u00e9reo, aviaci\u00f3n, turismo, hoteleria, actualidad.","breadcrumb":{"@id":"https:\/\/aeronoticias.com.pe\/noticiero\/salud\/eje-de-la-tierra-se-desplazo-10-cm-por-terremoto-de-89-en-japon\/#breadcrumb"},"inLanguage":"es","potentialAction":[{"@type":"ReadAction","target":["https:\/\/aeronoticias.com.pe\/noticiero\/salud\/eje-de-la-tierra-se-desplazo-10-cm-por-terremoto-de-89-en-japon\/"]}]},{"@type":"BreadcrumbList","@id":"https:\/\/aeronoticias.com.pe\/noticiero\/salud\/eje-de-la-tierra-se-desplazo-10-cm-por-terremoto-de-89-en-japon\/#breadcrumb","itemListElement":[{"@type":"ListItem","position":1,"name":"Portada","item":"https:\/\/aeronoticias.com.pe\/noticiero\/"},{"@type":"ListItem","position":2,"name":"Eje de la Tierra se desplaz\u00f3 10 cm por terremoto de 8.9 en Jap\u00f3n"}]},{"@type":"WebSite","@id":"https:\/\/aeronoticias.com.pe\/noticiero\/#website","url":"https:\/\/aeronoticias.com.pe\/noticiero\/","name":"Aeronoticias.com.pe","description":"Noticias de tranporte aereo, turismo, hoteles, gastronomia, actualidad, internacional","potentialAction":[{"@type":"SearchAction","target":{"@type":"EntryPoint","urlTemplate":"https:\/\/aeronoticias.com.pe\/noticiero\/?s={search_term_string}"},"query-input":{"@type":"PropertyValueSpecification","valueRequired":true,"valueName":"search_term_string"}}],"inLanguage":"es"},{"@type":"Person","@id":"https:\/\/aeronoticias.com.pe\/noticiero\/#\/schema\/person\/fc1e5d578f4b62ba1cf7ac2bba1170a0","name":"Redacci\u00f3n Aeronoticias","url":"https:\/\/aeronoticias.com.pe\/noticiero\/author\/piloto\/"}]}},"_links":{"self":[{"href":"https:\/\/aeronoticias.com.pe\/noticiero\/wp-json\/wp\/v2\/posts\/16002","targetHints":{"allow":["GET"]}}],"collection":[{"href":"https:\/\/aeronoticias.com.pe\/noticiero\/wp-json\/wp\/v2\/posts"}],"about":[{"href":"https:\/\/aeronoticias.com.pe\/noticiero\/wp-json\/wp\/v2\/types\/post"}],"author":[{"embeddable":true,"href":"https:\/\/aeronoticias.com.pe\/noticiero\/wp-json\/wp\/v2\/users\/1"}],"replies":[{"embeddable":true,"href":"https:\/\/aeronoticias.com.pe\/noticiero\/wp-json\/wp\/v2\/comments?post=16002"}],"version-history":[{"count":0,"href":"https:\/\/aeronoticias.com.pe\/noticiero\/wp-json\/wp\/v2\/posts\/16002\/revisions"}],"wp:attachment":[{"href":"https:\/\/aeronoticias.com.pe\/noticiero\/wp-json\/wp\/v2\/media?parent=16002"}],"wp:term":[{"taxonomy":"category","embeddable":true,"href":"https:\/\/aeronoticias.com.pe\/noticiero\/wp-json\/wp\/v2\/categories?post=16002"},{"taxonomy":"post_tag","embeddable":true,"href":"https:\/\/aeronoticias.com.pe\/noticiero\/wp-json\/wp\/v2\/tags?post=16002"}],"curies":[{"name":"wp","href":"https:\/\/api.w.org\/{rel}","templated":true}]}}