{"id":16003,"date":"2011-03-13T14:35:33","date_gmt":"2011-03-13T14:35:33","guid":{"rendered":"http:\/\/desarrollo.mcvicious.com\/aero2020\/2011\/03\/13\/se-agrava-la-situacion-en-japon-tras-la-explosion-de-la-central-nuclear\/"},"modified":"2011-03-13T14:35:33","modified_gmt":"2011-03-13T14:35:33","slug":"se-agrava-la-situacion-en-japon-tras-la-explosion-de-la-central-nuclear","status":"publish","type":"post","link":"https:\/\/aeronoticias.com.pe\/noticiero\/internacionales\/se-agrava-la-situacion-en-japon-tras-la-explosion-de-la-central-nuclear\/","title":{"rendered":"Se agrava la situaci\u00f3n en Jap\u00f3n, tras la explosi\u00f3n de la central nuclear"},"content":{"rendered":"<div style=\"text-align: justify\"><strong>(Aeronoticias).-<\/strong> Evacuaron unas 140.000 personas despu\u00e9s de la detonaci\u00f3n de la planta Fukushima y un segundo reactor comenz\u00f3 a presentar fallas; el gobierno del pa\u00eds minimiz\u00f3 la fuga radiactiva y alertan sobre las secuelas.<\/div>\n<div style=\"text-align: justify\"><\/div>\n<div style=\"text-align: justify\">Una explosi\u00f3n registrada esta ma\u00f1ana -hora local- en la planta nuclear de Fukushima 1 volvi\u00f3 a sembrar el p\u00e1nico entre los habitantes de Jap\u00f3n,quienes vivieron el violento terremoto y el devastador tsunami que azotaron el pa\u00eds asi\u00e1tico ayer. \u00a0Fueron evacuadas unas 140.000 personas como medida \u00a0de prevenci\u00f3n. Mientras, intentan contener la fuga radiactiva. El gobierno japon\u00e9s consider\u00f3 \u00abbajos\u00bb los niveles de radiaci\u00f3n.<\/div>\n<div style=\"text-align: justify\">\u00a0<\/div>\n<div style=\"text-align: center\">\u00a0<img decoding=\"async\" src=\"images\/stories\/11\/03\/130311\/planta_nuclear_japon_fukushima.jpg\" border=\"0\" alt=\"Se agrava la situaci\u00f3n en Jap\u00f3n, tras la explosi\u00f3n de la central nuclear\" title=\"Se agrava la situaci\u00f3n en Jap\u00f3n, tras la explosi\u00f3n de la central nuclear\" \/><\/div>\n<div style=\"text-align: justify\"><\/div>\n<div style=\"text-align: justify\">Las autoridades est\u00e1n ampliando la zona de exclusi\u00f3n en torno a la planta y seg\u00fan los expertos existe el riesgo de que se produzca una fusi\u00f3n del n\u00facleo de la central. La empresa que gestiona la planta, Tokyo Electric Power Co, buscaba rellenar el reactor da\u00f1ado con agua de mar para enfriarlo y reducir la presi\u00f3n en la unidad, dijo el s\u00e1bado el principal portavoz de Gobierno de Jap\u00f3n.<\/div>\n<div style=\"text-align: justify\"><\/div>\n<div style=\"text-align: justify\">La agencia japonesa de Seguridad Nuclear report\u00f3 una emergencia en un segundo reactor ubicado en la misma planta por fallas en su sistema de enfriamiento.<\/div>\n<div style=\"text-align: justify\"><\/div>\n<div style=\"text-align: justify\">El Gobierno de Jap\u00f3n asegur\u00f3 que la explosi\u00f3n no fue en el reactor ni gener\u00f3 una fuga radiactiva importante.<\/div>\n<div style=\"text-align: justify\">\u00abHemos confirmado que el contenedor del reactor no sufri\u00f3 da\u00f1os. La explosi\u00f3n no ocurri\u00f3 al interior del contenedor del reactor. De ese modo, no hubo una gran cantidad de fuga de radiaci\u00f3n hacia el exterior\u00bb, afirm\u00f3 el Jefe de Secretar\u00eda de Gabinete de Jap\u00f3n, Yukio Edano.<\/div>\n<div style=\"text-align: justify\"><\/div>\n<div style=\"text-align: justify\">Edano inform\u00f3 que los motivos de la explosi\u00f3n fueron por causa del descenso del nivel del l\u00edquido refrigerante, se gener\u00f3 hidr\u00f3geno y que \u00e9ste se filtr\u00f3 al espacio entre la construcci\u00f3n de concreto y el contenedor, y que la detonaci\u00f3n ocurri\u00f3 cuando el hidr\u00f3geno se mezcl\u00f3 con el ox\u00edgeno.<\/div>\n<div style=\"text-align: justify\"><\/div>\n<div style=\"text-align: justify\">La explosi\u00f3n en la planta provoc\u00f3 heridas leves a cuatro empleados, que fueron trasladados a un hospital de la zona.<\/div>\n<div style=\"text-align: justify\">\u00a0<\/div>\n<div style=\"text-align: justify\">El procedimiento, seg\u00fan la AIEA, se complet\u00f3 con \u00e9xito .El organismo at\u00f3mico de la ONU aclar\u00f3 que el nivel de radiaci\u00f3n relevado alrededor de Fukushima 1 disminuy\u00f3 en las \u00faltimas horas.<\/div>\n<div style=\"text-align: justify\"><\/div>\n<div style=\"text-align: justify\">Tambi\u00e9n la AIEA puntualiz\u00f3 que inicialmente se registr\u00f3 un aumento de la radioactividad pero luego los niveles descendieron.<\/div>\n<div style=\"text-align: justify\"><\/div>\n<div style=\"text-align: justify\">El primer ministro de Jap\u00f3n, Naoto Kan, pidi\u00f3 calma a la poblaci\u00f3n que vive alrededor de los reactores nucleares de Fukushima (noreste), asegurando que el gobierno har\u00e1 todo lo posible para proteger la salud de los habitantes.<\/div>\n<div style=\"text-align: justify\">\u00a0<\/div>\n<div style=\"text-align: justify\">Ayer, el nivel de radiactividad en la planta registr\u00f3 un fuerte incremento.<\/div>\n<div style=\"text-align: justify\"><\/div>\n<div style=\"text-align: justify\">Las autoridades dieron autorizaci\u00f3n excepcional para abrir las v\u00e1lvulas del reactor n\u00famero uno de Fukushima 1 para liberar vapor radioactivo y aliviar la presi\u00f3n interna que hab\u00eda subido a un nivel muy alto, seg\u00fan el operador.<\/div>\n","protected":false},"excerpt":{"rendered":"<p>(Aeronoticias).- Evacuaron unas 140.000 personas despu\u00e9s de la detonaci\u00f3n de la planta Fukushima y un segundo reactor comenz\u00f3 a presentar fallas; el gobierno del pa\u00eds minimiz\u00f3 la fuga radiactiva y alertan sobre las secuelas. Una explosi\u00f3n registrada esta ma\u00f1ana -hora local- en la planta nuclear de Fukushima 1 volvi\u00f3 a sembrar el p\u00e1nico entre los [&hellip;]<\/p>\n","protected":false},"author":1,"featured_media":0,"comment_status":"open","ping_status":"open","sticky":false,"template":"","format":"standard","meta":{"tdm_status":"","tdm_grid_status":"","footnotes":""},"categories":[34],"tags":[],"class_list":{"0":"post-16003","1":"post","2":"type-post","3":"status-publish","4":"format-standard","6":"category-internacionales"},"yoast_head":"<!-- This site is optimized with the Yoast SEO plugin v25.1 - https:\/\/yoast.com\/wordpress\/plugins\/seo\/ -->\n<title>Se agrava la situaci\u00f3n en Jap\u00f3n, tras la explosi\u00f3n de la central nuclear<\/title>\n<meta name=\"description\" content=\"Portal de noticias del Per\u00fa sobre el transporte a\u00e9reo, aviaci\u00f3n, turismo, hoteleria, actualidad.\" \/>\n<meta name=\"robots\" content=\"index, follow, max-snippet:-1, max-image-preview:large, max-video-preview:-1\" \/>\n<link rel=\"canonical\" href=\"https:\/\/aeronoticias.com.pe\/noticiero\/internacionales\/se-agrava-la-situacion-en-japon-tras-la-explosion-de-la-central-nuclear\/\" \/>\n<meta property=\"og:locale\" content=\"es_ES\" \/>\n<meta property=\"og:type\" content=\"article\" \/>\n<meta property=\"og:title\" content=\"Se agrava la situaci\u00f3n en Jap\u00f3n, tras la explosi\u00f3n de la central nuclear\" \/>\n<meta property=\"og:description\" content=\"Portal de noticias del Per\u00fa sobre el transporte a\u00e9reo, aviaci\u00f3n, turismo, hoteleria, actualidad.\" \/>\n<meta property=\"og:url\" content=\"https:\/\/aeronoticias.com.pe\/noticiero\/internacionales\/se-agrava-la-situacion-en-japon-tras-la-explosion-de-la-central-nuclear\/\" \/>\n<meta property=\"og:site_name\" content=\"Aeronoticias.com.pe\" \/>\n<meta property=\"article:publisher\" content=\"https:\/\/www.facebook.com\/Aeronoticias.com.pe\/\" \/>\n<meta property=\"article:published_time\" content=\"2011-03-13T14:35:33+00:00\" \/>\n<meta name=\"author\" content=\"Redacci\u00f3n Aeronoticias\" \/>\n<meta name=\"twitter:card\" content=\"summary_large_image\" \/>\n<meta name=\"twitter:creator\" content=\"@aeronoticias\" \/>\n<meta name=\"twitter:site\" content=\"@aeronoticias\" \/>\n<meta name=\"twitter:label1\" content=\"Escrito por\" \/>\n\t<meta name=\"twitter:data1\" content=\"Redacci\u00f3n Aeronoticias\" \/>\n\t<meta name=\"twitter:label2\" content=\"Tiempo de lectura\" \/>\n\t<meta name=\"twitter:data2\" content=\"3 minutos\" \/>\n<script type=\"application\/ld+json\" class=\"yoast-schema-graph\">{\"@context\":\"https:\/\/schema.org\",\"@graph\":[{\"@type\":\"WebPage\",\"@id\":\"https:\/\/aeronoticias.com.pe\/noticiero\/internacionales\/se-agrava-la-situacion-en-japon-tras-la-explosion-de-la-central-nuclear\/\",\"url\":\"https:\/\/aeronoticias.com.pe\/noticiero\/internacionales\/se-agrava-la-situacion-en-japon-tras-la-explosion-de-la-central-nuclear\/\",\"name\":\"Se agrava la situaci\u00f3n en Jap\u00f3n, tras la explosi\u00f3n de la central nuclear\",\"isPartOf\":{\"@id\":\"https:\/\/aeronoticias.com.pe\/noticiero\/#website\"},\"datePublished\":\"2011-03-13T14:35:33+00:00\",\"author\":{\"@id\":\"https:\/\/aeronoticias.com.pe\/noticiero\/#\/schema\/person\/fc1e5d578f4b62ba1cf7ac2bba1170a0\"},\"description\":\"Portal de noticias del Per\u00fa sobre el transporte a\u00e9reo, aviaci\u00f3n, turismo, hoteleria, actualidad.\",\"breadcrumb\":{\"@id\":\"https:\/\/aeronoticias.com.pe\/noticiero\/internacionales\/se-agrava-la-situacion-en-japon-tras-la-explosion-de-la-central-nuclear\/#breadcrumb\"},\"inLanguage\":\"es\",\"potentialAction\":[{\"@type\":\"ReadAction\",\"target\":[\"https:\/\/aeronoticias.com.pe\/noticiero\/internacionales\/se-agrava-la-situacion-en-japon-tras-la-explosion-de-la-central-nuclear\/\"]}]},{\"@type\":\"BreadcrumbList\",\"@id\":\"https:\/\/aeronoticias.com.pe\/noticiero\/internacionales\/se-agrava-la-situacion-en-japon-tras-la-explosion-de-la-central-nuclear\/#breadcrumb\",\"itemListElement\":[{\"@type\":\"ListItem\",\"position\":1,\"name\":\"Portada\",\"item\":\"https:\/\/aeronoticias.com.pe\/noticiero\/\"},{\"@type\":\"ListItem\",\"position\":2,\"name\":\"Se agrava la situaci\u00f3n en Jap\u00f3n, tras la explosi\u00f3n de la central nuclear\"}]},{\"@type\":\"WebSite\",\"@id\":\"https:\/\/aeronoticias.com.pe\/noticiero\/#website\",\"url\":\"https:\/\/aeronoticias.com.pe\/noticiero\/\",\"name\":\"Aeronoticias.com.pe\",\"description\":\"Noticias de tranporte aereo, turismo, hoteles, gastronomia, actualidad, internacional\",\"potentialAction\":[{\"@type\":\"SearchAction\",\"target\":{\"@type\":\"EntryPoint\",\"urlTemplate\":\"https:\/\/aeronoticias.com.pe\/noticiero\/?s={search_term_string}\"},\"query-input\":{\"@type\":\"PropertyValueSpecification\",\"valueRequired\":true,\"valueName\":\"search_term_string\"}}],\"inLanguage\":\"es\"},{\"@type\":\"Person\",\"@id\":\"https:\/\/aeronoticias.com.pe\/noticiero\/#\/schema\/person\/fc1e5d578f4b62ba1cf7ac2bba1170a0\",\"name\":\"Redacci\u00f3n Aeronoticias\",\"url\":\"https:\/\/aeronoticias.com.pe\/noticiero\/author\/piloto\/\"}]}<\/script>\n<!-- \/ Yoast SEO plugin. -->","yoast_head_json":{"title":"Se agrava la situaci\u00f3n en Jap\u00f3n, tras la explosi\u00f3n de la central nuclear","description":"Portal de noticias del Per\u00fa sobre el transporte a\u00e9reo, aviaci\u00f3n, turismo, hoteleria, actualidad.","robots":{"index":"index","follow":"follow","max-snippet":"max-snippet:-1","max-image-preview":"max-image-preview:large","max-video-preview":"max-video-preview:-1"},"canonical":"https:\/\/aeronoticias.com.pe\/noticiero\/internacionales\/se-agrava-la-situacion-en-japon-tras-la-explosion-de-la-central-nuclear\/","og_locale":"es_ES","og_type":"article","og_title":"Se agrava la situaci\u00f3n en Jap\u00f3n, tras la explosi\u00f3n de la central nuclear","og_description":"Portal de noticias del Per\u00fa sobre el transporte a\u00e9reo, aviaci\u00f3n, turismo, hoteleria, actualidad.","og_url":"https:\/\/aeronoticias.com.pe\/noticiero\/internacionales\/se-agrava-la-situacion-en-japon-tras-la-explosion-de-la-central-nuclear\/","og_site_name":"Aeronoticias.com.pe","article_publisher":"https:\/\/www.facebook.com\/Aeronoticias.com.pe\/","article_published_time":"2011-03-13T14:35:33+00:00","author":"Redacci\u00f3n Aeronoticias","twitter_card":"summary_large_image","twitter_creator":"@aeronoticias","twitter_site":"@aeronoticias","twitter_misc":{"Escrito por":"Redacci\u00f3n Aeronoticias","Tiempo de lectura":"3 minutos"},"schema":{"@context":"https:\/\/schema.org","@graph":[{"@type":"WebPage","@id":"https:\/\/aeronoticias.com.pe\/noticiero\/internacionales\/se-agrava-la-situacion-en-japon-tras-la-explosion-de-la-central-nuclear\/","url":"https:\/\/aeronoticias.com.pe\/noticiero\/internacionales\/se-agrava-la-situacion-en-japon-tras-la-explosion-de-la-central-nuclear\/","name":"Se agrava la situaci\u00f3n en Jap\u00f3n, tras la explosi\u00f3n de la central nuclear","isPartOf":{"@id":"https:\/\/aeronoticias.com.pe\/noticiero\/#website"},"datePublished":"2011-03-13T14:35:33+00:00","author":{"@id":"https:\/\/aeronoticias.com.pe\/noticiero\/#\/schema\/person\/fc1e5d578f4b62ba1cf7ac2bba1170a0"},"description":"Portal de noticias del Per\u00fa sobre el transporte a\u00e9reo, aviaci\u00f3n, turismo, hoteleria, actualidad.","breadcrumb":{"@id":"https:\/\/aeronoticias.com.pe\/noticiero\/internacionales\/se-agrava-la-situacion-en-japon-tras-la-explosion-de-la-central-nuclear\/#breadcrumb"},"inLanguage":"es","potentialAction":[{"@type":"ReadAction","target":["https:\/\/aeronoticias.com.pe\/noticiero\/internacionales\/se-agrava-la-situacion-en-japon-tras-la-explosion-de-la-central-nuclear\/"]}]},{"@type":"BreadcrumbList","@id":"https:\/\/aeronoticias.com.pe\/noticiero\/internacionales\/se-agrava-la-situacion-en-japon-tras-la-explosion-de-la-central-nuclear\/#breadcrumb","itemListElement":[{"@type":"ListItem","position":1,"name":"Portada","item":"https:\/\/aeronoticias.com.pe\/noticiero\/"},{"@type":"ListItem","position":2,"name":"Se agrava la situaci\u00f3n en Jap\u00f3n, tras la explosi\u00f3n de la central nuclear"}]},{"@type":"WebSite","@id":"https:\/\/aeronoticias.com.pe\/noticiero\/#website","url":"https:\/\/aeronoticias.com.pe\/noticiero\/","name":"Aeronoticias.com.pe","description":"Noticias de tranporte aereo, turismo, hoteles, gastronomia, actualidad, internacional","potentialAction":[{"@type":"SearchAction","target":{"@type":"EntryPoint","urlTemplate":"https:\/\/aeronoticias.com.pe\/noticiero\/?s={search_term_string}"},"query-input":{"@type":"PropertyValueSpecification","valueRequired":true,"valueName":"search_term_string"}}],"inLanguage":"es"},{"@type":"Person","@id":"https:\/\/aeronoticias.com.pe\/noticiero\/#\/schema\/person\/fc1e5d578f4b62ba1cf7ac2bba1170a0","name":"Redacci\u00f3n Aeronoticias","url":"https:\/\/aeronoticias.com.pe\/noticiero\/author\/piloto\/"}]}},"_links":{"self":[{"href":"https:\/\/aeronoticias.com.pe\/noticiero\/wp-json\/wp\/v2\/posts\/16003","targetHints":{"allow":["GET"]}}],"collection":[{"href":"https:\/\/aeronoticias.com.pe\/noticiero\/wp-json\/wp\/v2\/posts"}],"about":[{"href":"https:\/\/aeronoticias.com.pe\/noticiero\/wp-json\/wp\/v2\/types\/post"}],"author":[{"embeddable":true,"href":"https:\/\/aeronoticias.com.pe\/noticiero\/wp-json\/wp\/v2\/users\/1"}],"replies":[{"embeddable":true,"href":"https:\/\/aeronoticias.com.pe\/noticiero\/wp-json\/wp\/v2\/comments?post=16003"}],"version-history":[{"count":0,"href":"https:\/\/aeronoticias.com.pe\/noticiero\/wp-json\/wp\/v2\/posts\/16003\/revisions"}],"wp:attachment":[{"href":"https:\/\/aeronoticias.com.pe\/noticiero\/wp-json\/wp\/v2\/media?parent=16003"}],"wp:term":[{"taxonomy":"category","embeddable":true,"href":"https:\/\/aeronoticias.com.pe\/noticiero\/wp-json\/wp\/v2\/categories?post=16003"},{"taxonomy":"post_tag","embeddable":true,"href":"https:\/\/aeronoticias.com.pe\/noticiero\/wp-json\/wp\/v2\/tags?post=16003"}],"curies":[{"name":"wp","href":"https:\/\/api.w.org\/{rel}","templated":true}]}}