{"id":16008,"date":"2011-03-13T23:53:01","date_gmt":"2011-03-13T23:53:01","guid":{"rendered":"http:\/\/desarrollo.mcvicious.com\/aero2020\/2011\/03\/13\/autoridades-japonesas-confirman-que-el-terremoto-fue-de-9-grados\/"},"modified":"2011-03-13T23:53:01","modified_gmt":"2011-03-13T23:53:01","slug":"autoridades-japonesas-confirman-que-el-terremoto-fue-de-9-grados","status":"publish","type":"post","link":"https:\/\/aeronoticias.com.pe\/noticiero\/internacionales\/autoridades-japonesas-confirman-que-el-terremoto-fue-de-9-grados\/","title":{"rendered":"Autoridades japonesas confirman que el terremoto fue de 9 grados"},"content":{"rendered":"<div align=\"justify\"><strong>(Aeronoticias).-<\/strong> La Agencia de Meteorol\u00f3gica japonesa elev\u00f3 a 9 grados en la escala de Richter el terrible terremoto que azot\u00f3 al pa\u00eds asi\u00e1tico el pasado 11 de marzo, donde el epicentro se ubic\u00f3 en la zona costera nororiental de Jap\u00f3n.<\/div>\n<div align=\"justify\">\u00a0<\/div>\n<div align=\"justify\">\u00a0<\/div>\n<div align=\"justify\">\n<div style=\"text-align: center\"><img decoding=\"async\" src=\"images\/stories\/11\/03\/130311\/sismo-de-9.jpg\" border=\"0\" alt=\"Autoridades japonesas confirman que el Terremoto fue de 9 grados \" title=\"Autoridades japonesas confirman que el Terremoto fue de 9 grados \" \/><\/div>\n<p>Las autoridades niponas\u00a0 hab\u00edan se\u00f1alado que la magnitud fue de 8.9 grados, sin embargo despu\u00e9s de una revisi\u00f3n m\u00e1s exacta de los datos recabados tras el desastre, confirmaron que se trato de un terremoto de 9 grados, convirti\u00e9ndose en el cuarto de mayor magnitud ocurrido en el mundo, seg\u00fan datos oficiales.<\/p>\n<p>Tras el terremoto se desencaden\u00f3 un devastador tsunami, el cual los expertos aseguran que el movimiento tel\u00farico parece haber movido la isla principal de Jap\u00f3n 2.4 metros y cambi\u00f3 el eje de la Tierra movi\u00e9ndolo 10 cent\u00edmetros.<\/p>\n<p>\u00abEn este momento, sabemos por una estaci\u00f3n de GPS que se movi\u00f3 24 metros, y hemos visto un mapa de GSI (Autoridad en Informaci\u00f3n Geoespacial) en Jap\u00f3n que muestra el patr\u00f3n de cambio en una gran superficie y es consistente con el cambio de gran parte de la masa de la tierra\u00bb, dijo Kenneth Hudnut, geof\u00edsico del Servicio Geol\u00f3gico de Estados Unidos (USGS).<\/div>\n","protected":false},"excerpt":{"rendered":"<p>(Aeronoticias).- La Agencia de Meteorol\u00f3gica japonesa elev\u00f3 a 9 grados en la escala de Richter el terrible terremoto que azot\u00f3 al pa\u00eds asi\u00e1tico el pasado 11 de marzo, donde el epicentro se ubic\u00f3 en la zona costera nororiental de Jap\u00f3n. \u00a0 \u00a0 Las autoridades niponas\u00a0 hab\u00edan se\u00f1alado que la magnitud fue de 8.9 grados, sin [&hellip;]<\/p>\n","protected":false},"author":1,"featured_media":0,"comment_status":"open","ping_status":"open","sticky":false,"template":"","format":"standard","meta":{"tdm_status":"","tdm_grid_status":"","footnotes":""},"categories":[34],"tags":[],"class_list":{"0":"post-16008","1":"post","2":"type-post","3":"status-publish","4":"format-standard","6":"category-internacionales"},"yoast_head":"<!-- This site is optimized with the Yoast SEO plugin v25.1 - https:\/\/yoast.com\/wordpress\/plugins\/seo\/ -->\n<title>Autoridades japonesas confirman que el terremoto fue de 9 grados<\/title>\n<meta name=\"description\" content=\"Portal de noticias del Per\u00fa sobre el transporte a\u00e9reo, aviaci\u00f3n, turismo, hoteleria, actualidad.\" \/>\n<meta name=\"robots\" content=\"index, follow, max-snippet:-1, max-image-preview:large, max-video-preview:-1\" \/>\n<link rel=\"canonical\" href=\"https:\/\/aeronoticias.com.pe\/noticiero\/internacionales\/autoridades-japonesas-confirman-que-el-terremoto-fue-de-9-grados\/\" \/>\n<meta property=\"og:locale\" content=\"es_ES\" \/>\n<meta property=\"og:type\" content=\"article\" \/>\n<meta property=\"og:title\" content=\"Autoridades japonesas confirman que el terremoto fue de 9 grados\" \/>\n<meta property=\"og:description\" content=\"Portal de noticias del Per\u00fa sobre el transporte a\u00e9reo, aviaci\u00f3n, turismo, hoteleria, actualidad.\" \/>\n<meta property=\"og:url\" content=\"https:\/\/aeronoticias.com.pe\/noticiero\/internacionales\/autoridades-japonesas-confirman-que-el-terremoto-fue-de-9-grados\/\" \/>\n<meta property=\"og:site_name\" content=\"Aeronoticias.com.pe\" \/>\n<meta property=\"article:publisher\" content=\"https:\/\/www.facebook.com\/Aeronoticias.com.pe\/\" \/>\n<meta property=\"article:published_time\" content=\"2011-03-13T23:53:01+00:00\" \/>\n<meta name=\"author\" content=\"Redacci\u00f3n Aeronoticias\" \/>\n<meta name=\"twitter:card\" content=\"summary_large_image\" \/>\n<meta name=\"twitter:creator\" content=\"@aeronoticias\" \/>\n<meta name=\"twitter:site\" content=\"@aeronoticias\" \/>\n<meta name=\"twitter:label1\" content=\"Escrito por\" \/>\n\t<meta name=\"twitter:data1\" content=\"Redacci\u00f3n Aeronoticias\" \/>\n\t<meta name=\"twitter:label2\" content=\"Tiempo de lectura\" \/>\n\t<meta name=\"twitter:data2\" content=\"1 minuto\" \/>\n<script type=\"application\/ld+json\" class=\"yoast-schema-graph\">{\"@context\":\"https:\/\/schema.org\",\"@graph\":[{\"@type\":\"WebPage\",\"@id\":\"https:\/\/aeronoticias.com.pe\/noticiero\/internacionales\/autoridades-japonesas-confirman-que-el-terremoto-fue-de-9-grados\/\",\"url\":\"https:\/\/aeronoticias.com.pe\/noticiero\/internacionales\/autoridades-japonesas-confirman-que-el-terremoto-fue-de-9-grados\/\",\"name\":\"Autoridades japonesas confirman que el terremoto fue de 9 grados\",\"isPartOf\":{\"@id\":\"https:\/\/aeronoticias.com.pe\/noticiero\/#website\"},\"datePublished\":\"2011-03-13T23:53:01+00:00\",\"author\":{\"@id\":\"https:\/\/aeronoticias.com.pe\/noticiero\/#\/schema\/person\/fc1e5d578f4b62ba1cf7ac2bba1170a0\"},\"description\":\"Portal de noticias del Per\u00fa sobre el transporte a\u00e9reo, aviaci\u00f3n, turismo, hoteleria, actualidad.\",\"breadcrumb\":{\"@id\":\"https:\/\/aeronoticias.com.pe\/noticiero\/internacionales\/autoridades-japonesas-confirman-que-el-terremoto-fue-de-9-grados\/#breadcrumb\"},\"inLanguage\":\"es\",\"potentialAction\":[{\"@type\":\"ReadAction\",\"target\":[\"https:\/\/aeronoticias.com.pe\/noticiero\/internacionales\/autoridades-japonesas-confirman-que-el-terremoto-fue-de-9-grados\/\"]}]},{\"@type\":\"BreadcrumbList\",\"@id\":\"https:\/\/aeronoticias.com.pe\/noticiero\/internacionales\/autoridades-japonesas-confirman-que-el-terremoto-fue-de-9-grados\/#breadcrumb\",\"itemListElement\":[{\"@type\":\"ListItem\",\"position\":1,\"name\":\"Portada\",\"item\":\"https:\/\/aeronoticias.com.pe\/noticiero\/\"},{\"@type\":\"ListItem\",\"position\":2,\"name\":\"Autoridades japonesas confirman que el terremoto fue de 9 grados\"}]},{\"@type\":\"WebSite\",\"@id\":\"https:\/\/aeronoticias.com.pe\/noticiero\/#website\",\"url\":\"https:\/\/aeronoticias.com.pe\/noticiero\/\",\"name\":\"Aeronoticias.com.pe\",\"description\":\"Noticias de tranporte aereo, turismo, hoteles, gastronomia, actualidad, internacional\",\"potentialAction\":[{\"@type\":\"SearchAction\",\"target\":{\"@type\":\"EntryPoint\",\"urlTemplate\":\"https:\/\/aeronoticias.com.pe\/noticiero\/?s={search_term_string}\"},\"query-input\":{\"@type\":\"PropertyValueSpecification\",\"valueRequired\":true,\"valueName\":\"search_term_string\"}}],\"inLanguage\":\"es\"},{\"@type\":\"Person\",\"@id\":\"https:\/\/aeronoticias.com.pe\/noticiero\/#\/schema\/person\/fc1e5d578f4b62ba1cf7ac2bba1170a0\",\"name\":\"Redacci\u00f3n Aeronoticias\",\"url\":\"https:\/\/aeronoticias.com.pe\/noticiero\/author\/piloto\/\"}]}<\/script>\n<!-- \/ Yoast SEO plugin. -->","yoast_head_json":{"title":"Autoridades japonesas confirman que el terremoto fue de 9 grados","description":"Portal de noticias del Per\u00fa sobre el transporte a\u00e9reo, aviaci\u00f3n, turismo, hoteleria, actualidad.","robots":{"index":"index","follow":"follow","max-snippet":"max-snippet:-1","max-image-preview":"max-image-preview:large","max-video-preview":"max-video-preview:-1"},"canonical":"https:\/\/aeronoticias.com.pe\/noticiero\/internacionales\/autoridades-japonesas-confirman-que-el-terremoto-fue-de-9-grados\/","og_locale":"es_ES","og_type":"article","og_title":"Autoridades japonesas confirman que el terremoto fue de 9 grados","og_description":"Portal de noticias del Per\u00fa sobre el transporte a\u00e9reo, aviaci\u00f3n, turismo, hoteleria, actualidad.","og_url":"https:\/\/aeronoticias.com.pe\/noticiero\/internacionales\/autoridades-japonesas-confirman-que-el-terremoto-fue-de-9-grados\/","og_site_name":"Aeronoticias.com.pe","article_publisher":"https:\/\/www.facebook.com\/Aeronoticias.com.pe\/","article_published_time":"2011-03-13T23:53:01+00:00","author":"Redacci\u00f3n Aeronoticias","twitter_card":"summary_large_image","twitter_creator":"@aeronoticias","twitter_site":"@aeronoticias","twitter_misc":{"Escrito por":"Redacci\u00f3n Aeronoticias","Tiempo de lectura":"1 minuto"},"schema":{"@context":"https:\/\/schema.org","@graph":[{"@type":"WebPage","@id":"https:\/\/aeronoticias.com.pe\/noticiero\/internacionales\/autoridades-japonesas-confirman-que-el-terremoto-fue-de-9-grados\/","url":"https:\/\/aeronoticias.com.pe\/noticiero\/internacionales\/autoridades-japonesas-confirman-que-el-terremoto-fue-de-9-grados\/","name":"Autoridades japonesas confirman que el terremoto fue de 9 grados","isPartOf":{"@id":"https:\/\/aeronoticias.com.pe\/noticiero\/#website"},"datePublished":"2011-03-13T23:53:01+00:00","author":{"@id":"https:\/\/aeronoticias.com.pe\/noticiero\/#\/schema\/person\/fc1e5d578f4b62ba1cf7ac2bba1170a0"},"description":"Portal de noticias del Per\u00fa sobre el transporte a\u00e9reo, aviaci\u00f3n, turismo, hoteleria, actualidad.","breadcrumb":{"@id":"https:\/\/aeronoticias.com.pe\/noticiero\/internacionales\/autoridades-japonesas-confirman-que-el-terremoto-fue-de-9-grados\/#breadcrumb"},"inLanguage":"es","potentialAction":[{"@type":"ReadAction","target":["https:\/\/aeronoticias.com.pe\/noticiero\/internacionales\/autoridades-japonesas-confirman-que-el-terremoto-fue-de-9-grados\/"]}]},{"@type":"BreadcrumbList","@id":"https:\/\/aeronoticias.com.pe\/noticiero\/internacionales\/autoridades-japonesas-confirman-que-el-terremoto-fue-de-9-grados\/#breadcrumb","itemListElement":[{"@type":"ListItem","position":1,"name":"Portada","item":"https:\/\/aeronoticias.com.pe\/noticiero\/"},{"@type":"ListItem","position":2,"name":"Autoridades japonesas confirman que el terremoto fue de 9 grados"}]},{"@type":"WebSite","@id":"https:\/\/aeronoticias.com.pe\/noticiero\/#website","url":"https:\/\/aeronoticias.com.pe\/noticiero\/","name":"Aeronoticias.com.pe","description":"Noticias de tranporte aereo, turismo, hoteles, gastronomia, actualidad, internacional","potentialAction":[{"@type":"SearchAction","target":{"@type":"EntryPoint","urlTemplate":"https:\/\/aeronoticias.com.pe\/noticiero\/?s={search_term_string}"},"query-input":{"@type":"PropertyValueSpecification","valueRequired":true,"valueName":"search_term_string"}}],"inLanguage":"es"},{"@type":"Person","@id":"https:\/\/aeronoticias.com.pe\/noticiero\/#\/schema\/person\/fc1e5d578f4b62ba1cf7ac2bba1170a0","name":"Redacci\u00f3n Aeronoticias","url":"https:\/\/aeronoticias.com.pe\/noticiero\/author\/piloto\/"}]}},"_links":{"self":[{"href":"https:\/\/aeronoticias.com.pe\/noticiero\/wp-json\/wp\/v2\/posts\/16008","targetHints":{"allow":["GET"]}}],"collection":[{"href":"https:\/\/aeronoticias.com.pe\/noticiero\/wp-json\/wp\/v2\/posts"}],"about":[{"href":"https:\/\/aeronoticias.com.pe\/noticiero\/wp-json\/wp\/v2\/types\/post"}],"author":[{"embeddable":true,"href":"https:\/\/aeronoticias.com.pe\/noticiero\/wp-json\/wp\/v2\/users\/1"}],"replies":[{"embeddable":true,"href":"https:\/\/aeronoticias.com.pe\/noticiero\/wp-json\/wp\/v2\/comments?post=16008"}],"version-history":[{"count":0,"href":"https:\/\/aeronoticias.com.pe\/noticiero\/wp-json\/wp\/v2\/posts\/16008\/revisions"}],"wp:attachment":[{"href":"https:\/\/aeronoticias.com.pe\/noticiero\/wp-json\/wp\/v2\/media?parent=16008"}],"wp:term":[{"taxonomy":"category","embeddable":true,"href":"https:\/\/aeronoticias.com.pe\/noticiero\/wp-json\/wp\/v2\/categories?post=16008"},{"taxonomy":"post_tag","embeddable":true,"href":"https:\/\/aeronoticias.com.pe\/noticiero\/wp-json\/wp\/v2\/tags?post=16008"}],"curies":[{"name":"wp","href":"https:\/\/api.w.org\/{rel}","templated":true}]}}