{"id":16456,"date":"2011-04-05T22:11:23","date_gmt":"2011-04-05T22:11:23","guid":{"rendered":"http:\/\/desarrollo.mcvicious.com\/aero2020\/2011\/04\/05\/dgac-del-peru-no-emite-informe-administrativo-sobre-secuestro-aereo\/"},"modified":"2011-04-05T22:11:23","modified_gmt":"2011-04-05T22:11:23","slug":"dgac-del-peru-no-emite-informe-administrativo-sobre-secuestro-aereo","status":"publish","type":"post","link":"https:\/\/aeronoticias.com.pe\/noticiero\/transporte-aereo\/internacional\/dgac-del-peru-no-emite-informe-administrativo-sobre-secuestro-aereo\/","title":{"rendered":"DGAC del Per\u00fa no emite informe administrativo sobre secuestro a\u00e9reo"},"content":{"rendered":"<p>\u00a0<\/p>\n<p style=\"text-align: justify;\"><strong>(Aeronoticias).-<\/strong> El Per\u00fa debe ser uno de los \u00fanicos pa\u00ecses del mundo en el que sus autoridades de aeronautica civil luego de diez meses de el secuestro a\u00e9reo de la aeronave Cessna Gran Caravan de una l\u00ednea turistica en el aerodr\u00f3mo Maria Reiche de Nazca no emite un informe administrativo, en cumplimiento a su ley de aeronautica civil en el que someta a la junta de infracciones y sanciones a los responsables de la violaci\u00f3n de la seguridad aeroportuaria.<\/p>\n<p style=\"text-align: justify;\">Aeronoticias tuvo acceso a un documento publico el oficio numero 72-2011-MDVA-AL de la municipalidad distrital de vista alegre dirigido a Ivan Chahud La Rosa, director de seguridad aeronautica de la DGAC en el que se precisa claramente \u201cque los secuestradores \u00a0habr\u00edan vulnerado los controles de segurida de Corpac ingresando instrumentos prohibidos que habr\u00edan servido para el apoderamiento ilicito de la aeronave.<\/p>\n<p style=\"text-align: center;\"><img decoding=\"async\" src=\"images\/stories\/11\/04\/050411\/enrique_cornejo_nazca.jpg\" border=\"0\" alt=\"DGAC del Per\u00fa no emite informe administrativo sobre secuestro a\u00e9reo\" title=\"DGAC del Per\u00fa no emite informe administrativo sobre secuestro a\u00e9reo\" \/><\/p>\n<p style=\"text-align: justify;\">La Municipalidad de Vista Alegre, dej\u00f3 claramente establecida que la Corporaci\u00f3n Peruana de Aeropuertos y Aviaci\u00f3n Comercial CORPAC, es la responsable por los riesgos y da\u00f1os originados en le secuestro de la aeronave Cessna Gran Caravan OBP-1922 riesgo que est\u00e1n coberturados por la p\u00f3liza de seguros y reaseguros de Rimac y reasegurados en Londres, sin embargo este siniestro no es pagado todav\u00eda por los reaseguradores aeroportuarios porque sencillamente la Direcci\u00f3n General de Aeron\u00e1utica Civil del MTC \u00a0peruano no hace su trabajo.<\/p>\n<p style=\"text-align: justify;\">Es de esperar que el ministro de transportes peruano Enrique Cornejo que ya se va, cumpla con su obligaci\u00f3n de informar al Congreso de la Rep\u00fablica sobre el sometimiento a la junta de infracciones a los responsables de este secuestro a\u00e9reo, ya que la congresista Susana Vilca Achata de la comisi\u00f3n de transportes se lo ha solicitado por oficio el 27 de enero del 2011 y hasta ahora no se oye padre\u2026<\/p>\n<p style=\"text-align: justify;\">Ser\u00eda una burla a la seguridad jur\u00eddica en el espacio a\u00e9reo peruano, a la inversiones extranjeras que la de DGAC del Per\u00fa no sancione un hecho tan grave y se lo deje al nuevo gobierno, es que acaso este ser\u00eda un nuevo faen\u00f3n con otros protagonistas en el MTC de Cornejo que en respeto a la verdad de los hechos, a la seguridad jur\u00eddica y a la imagen de este gobierno deber\u00eda actuar y no tejer un manto de impunidad frente a infracciones tan graves en el \u00e1mbito aeroportuario que est\u00e1n perjudicando a la inversion extranjera en reaseguros.<\/p>\n<p style=\"text-align: justify;\"><a href=\"images\/stories\/11\/04\/050411\/documento_nazca.pdf\" target=\"_self\" rel=\"noopener noreferrer\">Hacer click para ver el oficio numero 72-2011-MDVA-AL de la municipalidad distrital de vista alegre que responsabiliza a CORPAC del Cessna Gran Caravan de Aerodiana<\/a>.<\/p>\n<p>\u00a0<\/p>\n","protected":false},"excerpt":{"rendered":"<p>\u00a0 (Aeronoticias).- El Per\u00fa debe ser uno de los \u00fanicos pa\u00ecses del mundo en el que sus autoridades de aeronautica civil luego de diez meses de el secuestro a\u00e9reo de la aeronave Cessna Gran Caravan de una l\u00ednea turistica en el aerodr\u00f3mo Maria Reiche de Nazca no emite un informe administrativo, en cumplimiento a su [&hellip;]<\/p>\n","protected":false},"author":1,"featured_media":0,"comment_status":"open","ping_status":"open","sticky":false,"template":"","format":"standard","meta":{"tdm_status":"","tdm_grid_status":"","footnotes":""},"categories":[32],"tags":[],"class_list":{"0":"post-16456","1":"post","2":"type-post","3":"status-publish","4":"format-standard","6":"category-internacional"},"yoast_head":"<!-- This site is optimized with the Yoast SEO plugin v25.1 - https:\/\/yoast.com\/wordpress\/plugins\/seo\/ -->\n<title>DGAC del Per\u00fa no emite informe administrativo sobre secuestro a\u00e9reo<\/title>\n<meta name=\"description\" content=\"Portal de noticias del Per\u00fa sobre el transporte a\u00e9reo, aviaci\u00f3n, turismo, hoteleria, actualidad.\" \/>\n<meta name=\"robots\" content=\"index, follow, max-snippet:-1, max-image-preview:large, max-video-preview:-1\" \/>\n<link rel=\"canonical\" href=\"https:\/\/aeronoticias.com.pe\/noticiero\/transporte-aereo\/internacional\/dgac-del-peru-no-emite-informe-administrativo-sobre-secuestro-aereo\/\" \/>\n<meta property=\"og:locale\" content=\"es_ES\" \/>\n<meta property=\"og:type\" content=\"article\" \/>\n<meta property=\"og:title\" content=\"DGAC del Per\u00fa no emite informe administrativo sobre secuestro a\u00e9reo\" \/>\n<meta property=\"og:description\" content=\"Portal de noticias del Per\u00fa sobre el transporte a\u00e9reo, aviaci\u00f3n, turismo, hoteleria, actualidad.\" \/>\n<meta property=\"og:url\" content=\"https:\/\/aeronoticias.com.pe\/noticiero\/transporte-aereo\/internacional\/dgac-del-peru-no-emite-informe-administrativo-sobre-secuestro-aereo\/\" \/>\n<meta property=\"og:site_name\" content=\"Aeronoticias.com.pe\" \/>\n<meta property=\"article:publisher\" content=\"https:\/\/www.facebook.com\/Aeronoticias.com.pe\/\" \/>\n<meta property=\"article:published_time\" content=\"2011-04-05T22:11:23+00:00\" \/>\n<meta name=\"author\" content=\"Redacci\u00f3n Aeronoticias\" \/>\n<meta name=\"twitter:card\" content=\"summary_large_image\" \/>\n<meta name=\"twitter:creator\" content=\"@aeronoticias\" \/>\n<meta name=\"twitter:site\" content=\"@aeronoticias\" \/>\n<meta name=\"twitter:label1\" content=\"Escrito por\" \/>\n\t<meta name=\"twitter:data1\" content=\"Redacci\u00f3n Aeronoticias\" \/>\n\t<meta name=\"twitter:label2\" content=\"Tiempo de lectura\" \/>\n\t<meta name=\"twitter:data2\" content=\"2 minutos\" \/>\n<script type=\"application\/ld+json\" class=\"yoast-schema-graph\">{\"@context\":\"https:\/\/schema.org\",\"@graph\":[{\"@type\":\"WebPage\",\"@id\":\"https:\/\/aeronoticias.com.pe\/noticiero\/transporte-aereo\/internacional\/dgac-del-peru-no-emite-informe-administrativo-sobre-secuestro-aereo\/\",\"url\":\"https:\/\/aeronoticias.com.pe\/noticiero\/transporte-aereo\/internacional\/dgac-del-peru-no-emite-informe-administrativo-sobre-secuestro-aereo\/\",\"name\":\"DGAC del Per\u00fa no emite informe administrativo sobre secuestro a\u00e9reo\",\"isPartOf\":{\"@id\":\"https:\/\/aeronoticias.com.pe\/noticiero\/#website\"},\"datePublished\":\"2011-04-05T22:11:23+00:00\",\"author\":{\"@id\":\"https:\/\/aeronoticias.com.pe\/noticiero\/#\/schema\/person\/fc1e5d578f4b62ba1cf7ac2bba1170a0\"},\"description\":\"Portal de noticias del Per\u00fa sobre el transporte a\u00e9reo, aviaci\u00f3n, turismo, hoteleria, actualidad.\",\"breadcrumb\":{\"@id\":\"https:\/\/aeronoticias.com.pe\/noticiero\/transporte-aereo\/internacional\/dgac-del-peru-no-emite-informe-administrativo-sobre-secuestro-aereo\/#breadcrumb\"},\"inLanguage\":\"es\",\"potentialAction\":[{\"@type\":\"ReadAction\",\"target\":[\"https:\/\/aeronoticias.com.pe\/noticiero\/transporte-aereo\/internacional\/dgac-del-peru-no-emite-informe-administrativo-sobre-secuestro-aereo\/\"]}]},{\"@type\":\"BreadcrumbList\",\"@id\":\"https:\/\/aeronoticias.com.pe\/noticiero\/transporte-aereo\/internacional\/dgac-del-peru-no-emite-informe-administrativo-sobre-secuestro-aereo\/#breadcrumb\",\"itemListElement\":[{\"@type\":\"ListItem\",\"position\":1,\"name\":\"Portada\",\"item\":\"https:\/\/aeronoticias.com.pe\/noticiero\/\"},{\"@type\":\"ListItem\",\"position\":2,\"name\":\"DGAC del Per\u00fa no emite informe administrativo sobre secuestro a\u00e9reo\"}]},{\"@type\":\"WebSite\",\"@id\":\"https:\/\/aeronoticias.com.pe\/noticiero\/#website\",\"url\":\"https:\/\/aeronoticias.com.pe\/noticiero\/\",\"name\":\"Aeronoticias.com.pe\",\"description\":\"Noticias de tranporte aereo, turismo, hoteles, gastronomia, actualidad, internacional\",\"potentialAction\":[{\"@type\":\"SearchAction\",\"target\":{\"@type\":\"EntryPoint\",\"urlTemplate\":\"https:\/\/aeronoticias.com.pe\/noticiero\/?s={search_term_string}\"},\"query-input\":{\"@type\":\"PropertyValueSpecification\",\"valueRequired\":true,\"valueName\":\"search_term_string\"}}],\"inLanguage\":\"es\"},{\"@type\":\"Person\",\"@id\":\"https:\/\/aeronoticias.com.pe\/noticiero\/#\/schema\/person\/fc1e5d578f4b62ba1cf7ac2bba1170a0\",\"name\":\"Redacci\u00f3n Aeronoticias\",\"url\":\"https:\/\/aeronoticias.com.pe\/noticiero\/author\/piloto\/\"}]}<\/script>\n<!-- \/ Yoast SEO plugin. -->","yoast_head_json":{"title":"DGAC del Per\u00fa no emite informe administrativo sobre secuestro a\u00e9reo","description":"Portal de noticias del Per\u00fa sobre el transporte a\u00e9reo, aviaci\u00f3n, turismo, hoteleria, actualidad.","robots":{"index":"index","follow":"follow","max-snippet":"max-snippet:-1","max-image-preview":"max-image-preview:large","max-video-preview":"max-video-preview:-1"},"canonical":"https:\/\/aeronoticias.com.pe\/noticiero\/transporte-aereo\/internacional\/dgac-del-peru-no-emite-informe-administrativo-sobre-secuestro-aereo\/","og_locale":"es_ES","og_type":"article","og_title":"DGAC del Per\u00fa no emite informe administrativo sobre secuestro a\u00e9reo","og_description":"Portal de noticias del Per\u00fa sobre el transporte a\u00e9reo, aviaci\u00f3n, turismo, hoteleria, actualidad.","og_url":"https:\/\/aeronoticias.com.pe\/noticiero\/transporte-aereo\/internacional\/dgac-del-peru-no-emite-informe-administrativo-sobre-secuestro-aereo\/","og_site_name":"Aeronoticias.com.pe","article_publisher":"https:\/\/www.facebook.com\/Aeronoticias.com.pe\/","article_published_time":"2011-04-05T22:11:23+00:00","author":"Redacci\u00f3n Aeronoticias","twitter_card":"summary_large_image","twitter_creator":"@aeronoticias","twitter_site":"@aeronoticias","twitter_misc":{"Escrito por":"Redacci\u00f3n Aeronoticias","Tiempo de lectura":"2 minutos"},"schema":{"@context":"https:\/\/schema.org","@graph":[{"@type":"WebPage","@id":"https:\/\/aeronoticias.com.pe\/noticiero\/transporte-aereo\/internacional\/dgac-del-peru-no-emite-informe-administrativo-sobre-secuestro-aereo\/","url":"https:\/\/aeronoticias.com.pe\/noticiero\/transporte-aereo\/internacional\/dgac-del-peru-no-emite-informe-administrativo-sobre-secuestro-aereo\/","name":"DGAC del Per\u00fa no emite informe administrativo sobre secuestro a\u00e9reo","isPartOf":{"@id":"https:\/\/aeronoticias.com.pe\/noticiero\/#website"},"datePublished":"2011-04-05T22:11:23+00:00","author":{"@id":"https:\/\/aeronoticias.com.pe\/noticiero\/#\/schema\/person\/fc1e5d578f4b62ba1cf7ac2bba1170a0"},"description":"Portal de noticias del Per\u00fa sobre el transporte a\u00e9reo, aviaci\u00f3n, turismo, hoteleria, actualidad.","breadcrumb":{"@id":"https:\/\/aeronoticias.com.pe\/noticiero\/transporte-aereo\/internacional\/dgac-del-peru-no-emite-informe-administrativo-sobre-secuestro-aereo\/#breadcrumb"},"inLanguage":"es","potentialAction":[{"@type":"ReadAction","target":["https:\/\/aeronoticias.com.pe\/noticiero\/transporte-aereo\/internacional\/dgac-del-peru-no-emite-informe-administrativo-sobre-secuestro-aereo\/"]}]},{"@type":"BreadcrumbList","@id":"https:\/\/aeronoticias.com.pe\/noticiero\/transporte-aereo\/internacional\/dgac-del-peru-no-emite-informe-administrativo-sobre-secuestro-aereo\/#breadcrumb","itemListElement":[{"@type":"ListItem","position":1,"name":"Portada","item":"https:\/\/aeronoticias.com.pe\/noticiero\/"},{"@type":"ListItem","position":2,"name":"DGAC del Per\u00fa no emite informe administrativo sobre secuestro a\u00e9reo"}]},{"@type":"WebSite","@id":"https:\/\/aeronoticias.com.pe\/noticiero\/#website","url":"https:\/\/aeronoticias.com.pe\/noticiero\/","name":"Aeronoticias.com.pe","description":"Noticias de tranporte aereo, turismo, hoteles, gastronomia, actualidad, internacional","potentialAction":[{"@type":"SearchAction","target":{"@type":"EntryPoint","urlTemplate":"https:\/\/aeronoticias.com.pe\/noticiero\/?s={search_term_string}"},"query-input":{"@type":"PropertyValueSpecification","valueRequired":true,"valueName":"search_term_string"}}],"inLanguage":"es"},{"@type":"Person","@id":"https:\/\/aeronoticias.com.pe\/noticiero\/#\/schema\/person\/fc1e5d578f4b62ba1cf7ac2bba1170a0","name":"Redacci\u00f3n Aeronoticias","url":"https:\/\/aeronoticias.com.pe\/noticiero\/author\/piloto\/"}]}},"_links":{"self":[{"href":"https:\/\/aeronoticias.com.pe\/noticiero\/wp-json\/wp\/v2\/posts\/16456","targetHints":{"allow":["GET"]}}],"collection":[{"href":"https:\/\/aeronoticias.com.pe\/noticiero\/wp-json\/wp\/v2\/posts"}],"about":[{"href":"https:\/\/aeronoticias.com.pe\/noticiero\/wp-json\/wp\/v2\/types\/post"}],"author":[{"embeddable":true,"href":"https:\/\/aeronoticias.com.pe\/noticiero\/wp-json\/wp\/v2\/users\/1"}],"replies":[{"embeddable":true,"href":"https:\/\/aeronoticias.com.pe\/noticiero\/wp-json\/wp\/v2\/comments?post=16456"}],"version-history":[{"count":0,"href":"https:\/\/aeronoticias.com.pe\/noticiero\/wp-json\/wp\/v2\/posts\/16456\/revisions"}],"wp:attachment":[{"href":"https:\/\/aeronoticias.com.pe\/noticiero\/wp-json\/wp\/v2\/media?parent=16456"}],"wp:term":[{"taxonomy":"category","embeddable":true,"href":"https:\/\/aeronoticias.com.pe\/noticiero\/wp-json\/wp\/v2\/categories?post=16456"},{"taxonomy":"post_tag","embeddable":true,"href":"https:\/\/aeronoticias.com.pe\/noticiero\/wp-json\/wp\/v2\/tags?post=16456"}],"curies":[{"name":"wp","href":"https:\/\/api.w.org\/{rel}","templated":true}]}}